{"id":948,"date":"2019-02-22T18:00:24","date_gmt":"2019-02-22T17:00:24","guid":{"rendered":"https:\/\/www.labaldufateatre.com\/en\/?p=948"},"modified":"2019-02-26T10:55:08","modified_gmt":"2019-02-26T09:55:08","slug":"la-baldufa-awarded-again-at-feten","status":"publish","type":"post","link":"https:\/\/www.labaldufateatre.com\/en\/la-baldufa-awarded-again-at-feten\/","title":{"rendered":"La Baldufa awarded again at FETEN"},"content":{"rendered":"<p><a href=\"https:\/\/www.labaldufateatre.com\/en\/espectacles\/my-father-is-an-ogre\/\" target=\"_blank\" rel=\"noopener noreferrer\"><strong>My Father is an Ogre <\/strong><\/a>has been awarded the <strong><a href=\"http:\/\/feten.gijon.es\/noticias\/show\/41380-premios-feten-2019\" target=\"_blank\" rel=\"noopener noreferrer\">Prize for the Best Male Performance, Ex Aequo<\/a><\/strong>, in the latest edition of FETEN. The influential Feria Europea de Artes Esc\u00e9nicas para Ni\u00f1os y Ni\u00f1as, which takes place in Gij\u00f3n every February, rewards our work, once again.<\/p>\n<p>At the same festival, in 2015, La Baldufa was given the Prize for the Best Show and the Prize for the Best Direction to our show <strong><a href=\"https:\/\/www.labaldufateatre.com\/en\/espectacles\/pinocchio\/\" target=\"_blank\" rel=\"noopener noreferrer\">Pinocchio<\/a>. <\/strong>This important recognition helped to open several doors. Among them, at <a href=\"https:\/\/openingdoors.wales\/productions\/\" target=\"_blank\" rel=\"noopener noreferrer\"><strong>Agor Drysau Festival <\/strong><\/a>in Wales, country the company will visit for the first time. La Baldufa is to give 4 performances of Pinocchio, in 3 diferent places, between 19<sup>th<\/sup> and 22<sup>nd<\/sup> March 2019.<\/p>\n<p>Also, in March, the company is to offer 4 performances of My Father is an Ogre, at <a href=\"http:\/\/www.madrid.org\/teatralia\/2019\/programacion.html\" target=\"_blank\" rel=\"noopener noreferrer\"><strong>Teatralia<\/strong><\/a>, the prestigious Festival Internacional de Artes Esc\u00e9nicas para Ni\u00f1os y J\u00f3venes, in Madrid, between 14<sup>th<\/sup> and 31<sup>st<\/sup> March 2019. One of the performances, in English, belongs to the <strong>Encuentros en Teatralia<\/strong>, a programme exclusive for professionals who arrive from all over the world.<\/p>\n<p>We have confidence this distinction from FETEN will lead new ways and will allow us for performing with My Father is an Ogre and for sharing sensitive and touching stories everywhere.<\/p>\n<p>Our sincere gratitude to FETEN and our congratulations to all the award-winning!<\/p>\n","protected":false},"excerpt":{"rendered":"<p>My Father is an Ogre has been awarded the Prize for the Best Male Performance, Ex Aequo, in the latest...<\/p>\n","protected":false},"author":2,"featured_media":949,"comment_status":"closed","ping_status":"closed","sticky":false,"template":"","format":"standard","meta":{"_acf_changed":false,"inline_featured_image":false,"footnotes":""},"categories":[1],"tags":[],"class_list":["post-948","post","type-post","status-publish","format-standard","has-post-thumbnail","hentry","category-news"],"acf":[],"yoast_head":"<!-- This site is optimized with the Yoast SEO plugin v27.4 - https:\/\/yoast.com\/product\/yoast-seo-wordpress\/ -->\n<title>La Baldufa awarded again at FETEN - La Baldufa Teatre<\/title>\n<meta name=\"description\" content=\"My Father is an Ogre has been awarded the Prize for the Best Male Performance, Ex Aequo, in the latest edition of FETEN.\" \/>\n<meta name=\"robots\" content=\"index, follow, max-snippet:-1, max-image-preview:large, max-video-preview:-1\" \/>\n<link rel=\"canonical\" href=\"https:\/\/www.labaldufateatre.com\/en\/la-baldufa-awarded-again-at-feten\/\" \/>\n<meta property=\"og:locale\" content=\"en_US\" \/>\n<meta property=\"og:type\" content=\"article\" \/>\n<meta property=\"og:title\" content=\"La Baldufa awarded again at FETEN - La Baldufa Teatre\" \/>\n<meta property=\"og:description\" content=\"My Father is an Ogre has been awarded the Prize for the Best Male Performance, Ex Aequo, in the latest edition of FETEN.\" \/>\n<meta property=\"og:url\" content=\"https:\/\/www.labaldufateatre.com\/en\/la-baldufa-awarded-again-at-feten\/\" \/>\n<meta property=\"og:site_name\" content=\"La Baldufa Teatre\" \/>\n<meta property=\"article:publisher\" content=\"http:\/\/www.facebook.com\/pages\/Companyia-de-Comediants-La-Baldufa\/94606450908\" \/>\n<meta property=\"article:published_time\" content=\"2019-02-22T17:00:24+00:00\" \/>\n<meta property=\"article:modified_time\" content=\"2019-02-26T09:55:08+00:00\" \/>\n<meta property=\"og:image\" content=\"https:\/\/www.labaldufateatre.com\/en\/wp-content\/uploads\/sites\/3\/feten_2019_premis_1024x528.png\" \/>\n\t<meta property=\"og:image:width\" content=\"1024\" \/>\n\t<meta property=\"og:image:height\" content=\"528\" \/>\n\t<meta property=\"og:image:type\" content=\"image\/png\" \/>\n<meta name=\"author\" content=\"La Baldufa Teatre\" \/>\n<meta name=\"twitter:card\" content=\"summary_large_image\" \/>\n<meta name=\"twitter:creator\" content=\"@BaldufaTeatre\" \/>\n<meta name=\"twitter:site\" content=\"@BaldufaTeatre\" \/>\n<meta name=\"twitter:label1\" content=\"Written by\" \/>\n\t<meta name=\"twitter:data1\" content=\"La Baldufa Teatre\" \/>\n\t<meta name=\"twitter:label2\" content=\"Est. reading time\" \/>\n\t<meta name=\"twitter:data2\" content=\"1 minute\" \/>\n<script type=\"application\/ld+json\" class=\"yoast-schema-graph\">{\"@context\":\"https:\\\/\\\/schema.org\",\"@graph\":[{\"@type\":\"Article\",\"@id\":\"https:\\\/\\\/www.labaldufateatre.com\\\/en\\\/la-baldufa-awarded-again-at-feten\\\/#article\",\"isPartOf\":{\"@id\":\"https:\\\/\\\/www.labaldufateatre.com\\\/en\\\/la-baldufa-awarded-again-at-feten\\\/\"},\"author\":{\"name\":\"La Baldufa Teatre\",\"@id\":\"https:\\\/\\\/www.labaldufateatre.com\\\/en\\\/#\\\/schema\\\/person\\\/9bdcaa1e41295dbae5634e10328cba17\"},\"headline\":\"La Baldufa awarded again at FETEN\",\"datePublished\":\"2019-02-22T17:00:24+00:00\",\"dateModified\":\"2019-02-26T09:55:08+00:00\",\"mainEntityOfPage\":{\"@id\":\"https:\\\/\\\/www.labaldufateatre.com\\\/en\\\/la-baldufa-awarded-again-at-feten\\\/\"},\"wordCount\":228,\"image\":{\"@id\":\"https:\\\/\\\/www.labaldufateatre.com\\\/en\\\/la-baldufa-awarded-again-at-feten\\\/#primaryimage\"},\"thumbnailUrl\":\"https:\\\/\\\/www.labaldufateatre.com\\\/en\\\/wp-content\\\/uploads\\\/sites\\\/3\\\/feten_2019_premis_1024x528.png\",\"articleSection\":[\"News\"],\"inLanguage\":\"en-US\"},{\"@type\":\"WebPage\",\"@id\":\"https:\\\/\\\/www.labaldufateatre.com\\\/en\\\/la-baldufa-awarded-again-at-feten\\\/\",\"url\":\"https:\\\/\\\/www.labaldufateatre.com\\\/en\\\/la-baldufa-awarded-again-at-feten\\\/\",\"name\":\"La Baldufa awarded again at FETEN - La Baldufa Teatre\",\"isPartOf\":{\"@id\":\"https:\\\/\\\/www.labaldufateatre.com\\\/en\\\/#website\"},\"primaryImageOfPage\":{\"@id\":\"https:\\\/\\\/www.labaldufateatre.com\\\/en\\\/la-baldufa-awarded-again-at-feten\\\/#primaryimage\"},\"image\":{\"@id\":\"https:\\\/\\\/www.labaldufateatre.com\\\/en\\\/la-baldufa-awarded-again-at-feten\\\/#primaryimage\"},\"thumbnailUrl\":\"https:\\\/\\\/www.labaldufateatre.com\\\/en\\\/wp-content\\\/uploads\\\/sites\\\/3\\\/feten_2019_premis_1024x528.png\",\"datePublished\":\"2019-02-22T17:00:24+00:00\",\"dateModified\":\"2019-02-26T09:55:08+00:00\",\"author\":{\"@id\":\"https:\\\/\\\/www.labaldufateatre.com\\\/en\\\/#\\\/schema\\\/person\\\/9bdcaa1e41295dbae5634e10328cba17\"},\"description\":\"My Father is an Ogre has been awarded the Prize for the Best Male Performance, Ex Aequo, in the latest edition of FETEN.\",\"breadcrumb\":{\"@id\":\"https:\\\/\\\/www.labaldufateatre.com\\\/en\\\/la-baldufa-awarded-again-at-feten\\\/#breadcrumb\"},\"inLanguage\":\"en-US\",\"potentialAction\":[{\"@type\":\"ReadAction\",\"target\":[\"https:\\\/\\\/www.labaldufateatre.com\\\/en\\\/la-baldufa-awarded-again-at-feten\\\/\"]}]},{\"@type\":\"ImageObject\",\"inLanguage\":\"en-US\",\"@id\":\"https:\\\/\\\/www.labaldufateatre.com\\\/en\\\/la-baldufa-awarded-again-at-feten\\\/#primaryimage\",\"url\":\"https:\\\/\\\/www.labaldufateatre.com\\\/en\\\/wp-content\\\/uploads\\\/sites\\\/3\\\/feten_2019_premis_1024x528.png\",\"contentUrl\":\"https:\\\/\\\/www.labaldufateatre.com\\\/en\\\/wp-content\\\/uploads\\\/sites\\\/3\\\/feten_2019_premis_1024x528.png\",\"width\":1024,\"height\":528},{\"@type\":\"BreadcrumbList\",\"@id\":\"https:\\\/\\\/www.labaldufateatre.com\\\/en\\\/la-baldufa-awarded-again-at-feten\\\/#breadcrumb\",\"itemListElement\":[{\"@type\":\"ListItem\",\"position\":1,\"name\":\"Portada\",\"item\":\"https:\\\/\\\/www.labaldufateatre.com\\\/en\\\/\"},{\"@type\":\"ListItem\",\"position\":2,\"name\":\"La Baldufa awarded again at FETEN\"}]},{\"@type\":\"WebSite\",\"@id\":\"https:\\\/\\\/www.labaldufateatre.com\\\/en\\\/#website\",\"url\":\"https:\\\/\\\/www.labaldufateatre.com\\\/en\\\/\",\"name\":\"La Baldufa Teatre\",\"description\":\"Companyia de Comediants\",\"potentialAction\":[{\"@type\":\"SearchAction\",\"target\":{\"@type\":\"EntryPoint\",\"urlTemplate\":\"https:\\\/\\\/www.labaldufateatre.com\\\/en\\\/?s={search_term_string}\"},\"query-input\":{\"@type\":\"PropertyValueSpecification\",\"valueRequired\":true,\"valueName\":\"search_term_string\"}}],\"inLanguage\":\"en-US\"},{\"@type\":\"Person\",\"@id\":\"https:\\\/\\\/www.labaldufateatre.com\\\/en\\\/#\\\/schema\\\/person\\\/9bdcaa1e41295dbae5634e10328cba17\",\"name\":\"La Baldufa Teatre\",\"image\":{\"@type\":\"ImageObject\",\"inLanguage\":\"en-US\",\"@id\":\"https:\\\/\\\/secure.gravatar.com\\\/avatar\\\/d7d19647aef47cb2f08d837ca03f487a96bab078ac264f4495abfb61b75098c2?s=96&d=mm&r=g\",\"url\":\"https:\\\/\\\/secure.gravatar.com\\\/avatar\\\/d7d19647aef47cb2f08d837ca03f487a96bab078ac264f4495abfb61b75098c2?s=96&d=mm&r=g\",\"contentUrl\":\"https:\\\/\\\/secure.gravatar.com\\\/avatar\\\/d7d19647aef47cb2f08d837ca03f487a96bab078ac264f4495abfb61b75098c2?s=96&d=mm&r=g\",\"caption\":\"La Baldufa Teatre\"}}]}<\/script>\n<!-- \/ Yoast SEO plugin. -->","yoast_head_json":{"title":"La Baldufa awarded again at FETEN - La Baldufa Teatre","description":"My Father is an Ogre has been awarded the Prize for the Best Male Performance, Ex Aequo, in the latest edition of FETEN.","robots":{"index":"index","follow":"follow","max-snippet":"max-snippet:-1","max-image-preview":"max-image-preview:large","max-video-preview":"max-video-preview:-1"},"canonical":"https:\/\/www.labaldufateatre.com\/en\/la-baldufa-awarded-again-at-feten\/","og_locale":"en_US","og_type":"article","og_title":"La Baldufa awarded again at FETEN - La Baldufa Teatre","og_description":"My Father is an Ogre has been awarded the Prize for the Best Male Performance, Ex Aequo, in the latest edition of FETEN.","og_url":"https:\/\/www.labaldufateatre.com\/en\/la-baldufa-awarded-again-at-feten\/","og_site_name":"La Baldufa Teatre","article_publisher":"http:\/\/www.facebook.com\/pages\/Companyia-de-Comediants-La-Baldufa\/94606450908","article_published_time":"2019-02-22T17:00:24+00:00","article_modified_time":"2019-02-26T09:55:08+00:00","og_image":[{"width":1024,"height":528,"url":"https:\/\/www.labaldufateatre.com\/en\/wp-content\/uploads\/sites\/3\/feten_2019_premis_1024x528.png","type":"image\/png"}],"author":"La Baldufa Teatre","twitter_card":"summary_large_image","twitter_creator":"@BaldufaTeatre","twitter_site":"@BaldufaTeatre","twitter_misc":{"Written by":"La Baldufa Teatre","Est. reading time":"1 minute"},"schema":{"@context":"https:\/\/schema.org","@graph":[{"@type":"Article","@id":"https:\/\/www.labaldufateatre.com\/en\/la-baldufa-awarded-again-at-feten\/#article","isPartOf":{"@id":"https:\/\/www.labaldufateatre.com\/en\/la-baldufa-awarded-again-at-feten\/"},"author":{"name":"La Baldufa Teatre","@id":"https:\/\/www.labaldufateatre.com\/en\/#\/schema\/person\/9bdcaa1e41295dbae5634e10328cba17"},"headline":"La Baldufa awarded again at FETEN","datePublished":"2019-02-22T17:00:24+00:00","dateModified":"2019-02-26T09:55:08+00:00","mainEntityOfPage":{"@id":"https:\/\/www.labaldufateatre.com\/en\/la-baldufa-awarded-again-at-feten\/"},"wordCount":228,"image":{"@id":"https:\/\/www.labaldufateatre.com\/en\/la-baldufa-awarded-again-at-feten\/#primaryimage"},"thumbnailUrl":"https:\/\/www.labaldufateatre.com\/en\/wp-content\/uploads\/sites\/3\/feten_2019_premis_1024x528.png","articleSection":["News"],"inLanguage":"en-US"},{"@type":"WebPage","@id":"https:\/\/www.labaldufateatre.com\/en\/la-baldufa-awarded-again-at-feten\/","url":"https:\/\/www.labaldufateatre.com\/en\/la-baldufa-awarded-again-at-feten\/","name":"La Baldufa awarded again at FETEN - La Baldufa Teatre","isPartOf":{"@id":"https:\/\/www.labaldufateatre.com\/en\/#website"},"primaryImageOfPage":{"@id":"https:\/\/www.labaldufateatre.com\/en\/la-baldufa-awarded-again-at-feten\/#primaryimage"},"image":{"@id":"https:\/\/www.labaldufateatre.com\/en\/la-baldufa-awarded-again-at-feten\/#primaryimage"},"thumbnailUrl":"https:\/\/www.labaldufateatre.com\/en\/wp-content\/uploads\/sites\/3\/feten_2019_premis_1024x528.png","datePublished":"2019-02-22T17:00:24+00:00","dateModified":"2019-02-26T09:55:08+00:00","author":{"@id":"https:\/\/www.labaldufateatre.com\/en\/#\/schema\/person\/9bdcaa1e41295dbae5634e10328cba17"},"description":"My Father is an Ogre has been awarded the Prize for the Best Male Performance, Ex Aequo, in the latest edition of FETEN.","breadcrumb":{"@id":"https:\/\/www.labaldufateatre.com\/en\/la-baldufa-awarded-again-at-feten\/#breadcrumb"},"inLanguage":"en-US","potentialAction":[{"@type":"ReadAction","target":["https:\/\/www.labaldufateatre.com\/en\/la-baldufa-awarded-again-at-feten\/"]}]},{"@type":"ImageObject","inLanguage":"en-US","@id":"https:\/\/www.labaldufateatre.com\/en\/la-baldufa-awarded-again-at-feten\/#primaryimage","url":"https:\/\/www.labaldufateatre.com\/en\/wp-content\/uploads\/sites\/3\/feten_2019_premis_1024x528.png","contentUrl":"https:\/\/www.labaldufateatre.com\/en\/wp-content\/uploads\/sites\/3\/feten_2019_premis_1024x528.png","width":1024,"height":528},{"@type":"BreadcrumbList","@id":"https:\/\/www.labaldufateatre.com\/en\/la-baldufa-awarded-again-at-feten\/#breadcrumb","itemListElement":[{"@type":"ListItem","position":1,"name":"Portada","item":"https:\/\/www.labaldufateatre.com\/en\/"},{"@type":"ListItem","position":2,"name":"La Baldufa awarded again at FETEN"}]},{"@type":"WebSite","@id":"https:\/\/www.labaldufateatre.com\/en\/#website","url":"https:\/\/www.labaldufateatre.com\/en\/","name":"La Baldufa Teatre","description":"Companyia de Comediants","potentialAction":[{"@type":"SearchAction","target":{"@type":"EntryPoint","urlTemplate":"https:\/\/www.labaldufateatre.com\/en\/?s={search_term_string}"},"query-input":{"@type":"PropertyValueSpecification","valueRequired":true,"valueName":"search_term_string"}}],"inLanguage":"en-US"},{"@type":"Person","@id":"https:\/\/www.labaldufateatre.com\/en\/#\/schema\/person\/9bdcaa1e41295dbae5634e10328cba17","name":"La Baldufa Teatre","image":{"@type":"ImageObject","inLanguage":"en-US","@id":"https:\/\/secure.gravatar.com\/avatar\/d7d19647aef47cb2f08d837ca03f487a96bab078ac264f4495abfb61b75098c2?s=96&d=mm&r=g","url":"https:\/\/secure.gravatar.com\/avatar\/d7d19647aef47cb2f08d837ca03f487a96bab078ac264f4495abfb61b75098c2?s=96&d=mm&r=g","contentUrl":"https:\/\/secure.gravatar.com\/avatar\/d7d19647aef47cb2f08d837ca03f487a96bab078ac264f4495abfb61b75098c2?s=96&d=mm&r=g","caption":"La Baldufa Teatre"}}]}},"_links":{"self":[{"href":"https:\/\/www.labaldufateatre.com\/en\/wp-json\/wp\/v2\/posts\/948","targetHints":{"allow":["GET"]}}],"collection":[{"href":"https:\/\/www.labaldufateatre.com\/en\/wp-json\/wp\/v2\/posts"}],"about":[{"href":"https:\/\/www.labaldufateatre.com\/en\/wp-json\/wp\/v2\/types\/post"}],"author":[{"embeddable":true,"href":"https:\/\/www.labaldufateatre.com\/en\/wp-json\/wp\/v2\/users\/2"}],"replies":[{"embeddable":true,"href":"https:\/\/www.labaldufateatre.com\/en\/wp-json\/wp\/v2\/comments?post=948"}],"version-history":[{"count":3,"href":"https:\/\/www.labaldufateatre.com\/en\/wp-json\/wp\/v2\/posts\/948\/revisions"}],"predecessor-version":[{"id":968,"href":"https:\/\/www.labaldufateatre.com\/en\/wp-json\/wp\/v2\/posts\/948\/revisions\/968"}],"wp:featuredmedia":[{"embeddable":true,"href":"https:\/\/www.labaldufateatre.com\/en\/wp-json\/wp\/v2\/media\/949"}],"wp:attachment":[{"href":"https:\/\/www.labaldufateatre.com\/en\/wp-json\/wp\/v2\/media?parent=948"}],"wp:term":[{"taxonomy":"category","embeddable":true,"href":"https:\/\/www.labaldufateatre.com\/en\/wp-json\/wp\/v2\/categories?post=948"},{"taxonomy":"post_tag","embeddable":true,"href":"https:\/\/www.labaldufateatre.com\/en\/wp-json\/wp\/v2\/tags?post=948"}],"curies":[{"name":"wp","href":"https:\/\/api.w.org\/{rel}","templated":true}]}}