{"id":1146,"date":"2021-05-12T18:18:08","date_gmt":"2021-05-12T16:18:08","guid":{"rendered":"https:\/\/www.labaldufateatre.com\/es\/?p=1146"},"modified":"2021-05-12T18:21:40","modified_gmt":"2021-05-12T16:21:40","slug":"este-ano-si-vuelve-mostra-igualada-y-la-baldufa-tambien-estaremos-alli","status":"publish","type":"post","link":"https:\/\/www.labaldufateatre.com\/es\/este-ano-si-vuelve-mostra-igualada-y-la-baldufa-tambien-estaremos-alli\/","title":{"rendered":"\u00a1Este a\u00f1o s\u00ed! Vuelve Mostra Igualada y La Baldufa tambi\u00e9n estaremos all\u00ed"},"content":{"rendered":"<p>Del 26 al 30 de mayo tendr\u00e1 lugar la<strong> Mostra Igualada 2021<\/strong>. \u00a1Y ya son 32! La edici\u00f3n del a\u00f1o pasado qued\u00f3 suspendida debido a la situaci\u00f3n sanitaria, pero este a\u00f1o la Mostra vuelve con una feria excepcional en <strong>formato h\u00edbrido, con los espect\u00e1culos en vivo y la actividad profesional en l\u00ednea.<\/strong><\/p>\n<p>La Baldufa estaremos all\u00ed con el espect\u00e1culo<strong> La f\u00e1bula de la ardilla<\/strong> que se representar\u00e1 el d\u00eda <strong>27 de mayo, a las 11:15 h y las 15:30 h, en la Sala Gran del Escorxador<\/strong>. Dos actores sobre el escenario, m\u00fasica en directo y una historia en forma de f\u00e1bula que nos invita a reflexionar sobre cuestiones como la convivencia, la diferencia y la diversidad.<\/p>\n<p>Queremos aprovechar tambi\u00e9n para animar al nuevo director art\u00edstico y a todo el equipo de la Mostra en su primera edici\u00f3n presencial. Les deseamos mucha suerte y muchos aciertos en la dif\u00edcil tarea de sacar adelante la feria en la dura situaci\u00f3n en la que nos encontramos.<\/p>\n<p>Este a\u00f1o, m\u00e1s ganas de muestra que nunca.<\/p>\n<p>+ Info sobre la Muestra y toda la programaci\u00f3n y entradas <a href=\"https:\/\/mostraigualada.cat\" target=\"_blank\" rel=\"noopener noreferrer\">aqu\u00ed<\/a>!<\/p>\n<p><a href=\"https:\/\/mostraigualada.cat\"><img loading=\"lazy\" decoding=\"async\" class=\"alignleft wp-image-1160\" src=\"https:\/\/www.labaldufateatre.com\/wp-content\/uploads\/mostra-1024x208.png\" alt=\"\" width=\"339\" height=\"69\" \/><\/a><\/p>\n","protected":false},"excerpt":{"rendered":"<p>Del 26 al 30 de mayo tendr\u00e1 lugar la Mostra Igualada 2021. \u00a1Y ya son 32! La edici\u00f3n del a\u00f1o...<\/p>\n","protected":false},"author":1,"featured_media":1147,"comment_status":"closed","ping_status":"closed","sticky":false,"template":"","format":"standard","meta":{"_acf_changed":false,"inline_featured_image":false,"footnotes":""},"categories":[1],"tags":[7,8],"class_list":["post-1146","post","type-post","status-publish","format-standard","has-post-thumbnail","hentry","category-noticias","tag-artes-escenicas","tag-teatro"],"acf":[],"yoast_head":"<!-- This site is optimized with the Yoast SEO plugin v27.5 - https:\/\/yoast.com\/product\/yoast-seo-wordpress\/ -->\n<title>\u00a1Este a\u00f1o s\u00ed! Vuelve Mostra Igualada y La Baldufa tambi\u00e9n estaremos all\u00ed - La Baldufa Teatre<\/title>\n<meta name=\"robots\" content=\"index, follow, max-snippet:-1, max-image-preview:large, max-video-preview:-1\" \/>\n<link rel=\"canonical\" href=\"https:\/\/www.labaldufateatre.com\/es\/este-ano-si-vuelve-mostra-igualada-y-la-baldufa-tambien-estaremos-alli\/\" \/>\n<meta property=\"og:locale\" content=\"es_ES\" \/>\n<meta property=\"og:type\" content=\"article\" \/>\n<meta property=\"og:title\" content=\"\u00a1Este a\u00f1o s\u00ed! Vuelve Mostra Igualada y La Baldufa tambi\u00e9n estaremos all\u00ed - La Baldufa Teatre\" \/>\n<meta property=\"og:description\" content=\"Del 26 al 30 de mayo tendr\u00e1 lugar la Mostra Igualada 2021. \u00a1Y ya son 32! La edici\u00f3n del a\u00f1o...\" \/>\n<meta property=\"og:url\" content=\"https:\/\/www.labaldufateatre.com\/es\/este-ano-si-vuelve-mostra-igualada-y-la-baldufa-tambien-estaremos-alli\/\" \/>\n<meta property=\"og:site_name\" content=\"La Baldufa Teatre\" \/>\n<meta property=\"article:publisher\" content=\"http:\/\/www.facebook.com\/pages\/Companyia-de-Comediants-La-Baldufa\/94606450908\" \/>\n<meta property=\"article:published_time\" content=\"2021-05-12T16:18:08+00:00\" \/>\n<meta property=\"article:modified_time\" content=\"2021-05-12T16:21:40+00:00\" \/>\n<meta property=\"og:image\" content=\"https:\/\/www.labaldufateatre.com\/es\/wp-content\/uploads\/sites\/2\/slideweb-cat-1536x330-1.jpg\" \/>\n\t<meta property=\"og:image:width\" content=\"1536\" \/>\n\t<meta property=\"og:image:height\" content=\"330\" \/>\n\t<meta property=\"og:image:type\" content=\"image\/jpeg\" \/>\n<meta name=\"author\" content=\"calzbert\" \/>\n<meta name=\"twitter:card\" content=\"summary_large_image\" \/>\n<meta name=\"twitter:creator\" content=\"@BaldufaTeatre\" \/>\n<meta name=\"twitter:site\" content=\"@BaldufaTeatre\" \/>\n<meta name=\"twitter:label1\" content=\"Escrito por\" \/>\n\t<meta name=\"twitter:data1\" content=\"calzbert\" \/>\n\t<meta name=\"twitter:label2\" content=\"Tiempo de lectura\" \/>\n\t<meta name=\"twitter:data2\" content=\"1 minuto\" \/>\n<script type=\"application\/ld+json\" class=\"yoast-schema-graph\">{\"@context\":\"https:\\\/\\\/schema.org\",\"@graph\":[{\"@type\":\"Article\",\"@id\":\"https:\\\/\\\/www.labaldufateatre.com\\\/es\\\/este-ano-si-vuelve-mostra-igualada-y-la-baldufa-tambien-estaremos-alli\\\/#article\",\"isPartOf\":{\"@id\":\"https:\\\/\\\/www.labaldufateatre.com\\\/es\\\/este-ano-si-vuelve-mostra-igualada-y-la-baldufa-tambien-estaremos-alli\\\/\"},\"author\":{\"name\":\"calzbert\",\"@id\":\"https:\\\/\\\/www.labaldufateatre.com\\\/es\\\/#\\\/schema\\\/person\\\/f2f99ab48040e39e27bf2d85573f9082\"},\"headline\":\"\u00a1Este a\u00f1o s\u00ed! Vuelve Mostra Igualada y La Baldufa tambi\u00e9n estaremos all\u00ed\",\"datePublished\":\"2021-05-12T16:18:08+00:00\",\"dateModified\":\"2021-05-12T16:21:40+00:00\",\"mainEntityOfPage\":{\"@id\":\"https:\\\/\\\/www.labaldufateatre.com\\\/es\\\/este-ano-si-vuelve-mostra-igualada-y-la-baldufa-tambien-estaremos-alli\\\/\"},\"wordCount\":209,\"image\":{\"@id\":\"https:\\\/\\\/www.labaldufateatre.com\\\/es\\\/este-ano-si-vuelve-mostra-igualada-y-la-baldufa-tambien-estaremos-alli\\\/#primaryimage\"},\"thumbnailUrl\":\"https:\\\/\\\/www.labaldufateatre.com\\\/es\\\/wp-content\\\/uploads\\\/sites\\\/2\\\/slideweb-cat-1536x330-1.jpg\",\"keywords\":[\"artes esc\u00e9nicas\",\"teatro\"],\"articleSection\":[\"Noticias\"],\"inLanguage\":\"es\"},{\"@type\":\"WebPage\",\"@id\":\"https:\\\/\\\/www.labaldufateatre.com\\\/es\\\/este-ano-si-vuelve-mostra-igualada-y-la-baldufa-tambien-estaremos-alli\\\/\",\"url\":\"https:\\\/\\\/www.labaldufateatre.com\\\/es\\\/este-ano-si-vuelve-mostra-igualada-y-la-baldufa-tambien-estaremos-alli\\\/\",\"name\":\"\u00a1Este a\u00f1o s\u00ed! Vuelve Mostra Igualada y La Baldufa tambi\u00e9n estaremos all\u00ed - La Baldufa Teatre\",\"isPartOf\":{\"@id\":\"https:\\\/\\\/www.labaldufateatre.com\\\/es\\\/#website\"},\"primaryImageOfPage\":{\"@id\":\"https:\\\/\\\/www.labaldufateatre.com\\\/es\\\/este-ano-si-vuelve-mostra-igualada-y-la-baldufa-tambien-estaremos-alli\\\/#primaryimage\"},\"image\":{\"@id\":\"https:\\\/\\\/www.labaldufateatre.com\\\/es\\\/este-ano-si-vuelve-mostra-igualada-y-la-baldufa-tambien-estaremos-alli\\\/#primaryimage\"},\"thumbnailUrl\":\"https:\\\/\\\/www.labaldufateatre.com\\\/es\\\/wp-content\\\/uploads\\\/sites\\\/2\\\/slideweb-cat-1536x330-1.jpg\",\"datePublished\":\"2021-05-12T16:18:08+00:00\",\"dateModified\":\"2021-05-12T16:21:40+00:00\",\"author\":{\"@id\":\"https:\\\/\\\/www.labaldufateatre.com\\\/es\\\/#\\\/schema\\\/person\\\/f2f99ab48040e39e27bf2d85573f9082\"},\"breadcrumb\":{\"@id\":\"https:\\\/\\\/www.labaldufateatre.com\\\/es\\\/este-ano-si-vuelve-mostra-igualada-y-la-baldufa-tambien-estaremos-alli\\\/#breadcrumb\"},\"inLanguage\":\"es\",\"potentialAction\":[{\"@type\":\"ReadAction\",\"target\":[\"https:\\\/\\\/www.labaldufateatre.com\\\/es\\\/este-ano-si-vuelve-mostra-igualada-y-la-baldufa-tambien-estaremos-alli\\\/\"]}]},{\"@type\":\"ImageObject\",\"inLanguage\":\"es\",\"@id\":\"https:\\\/\\\/www.labaldufateatre.com\\\/es\\\/este-ano-si-vuelve-mostra-igualada-y-la-baldufa-tambien-estaremos-alli\\\/#primaryimage\",\"url\":\"https:\\\/\\\/www.labaldufateatre.com\\\/es\\\/wp-content\\\/uploads\\\/sites\\\/2\\\/slideweb-cat-1536x330-1.jpg\",\"contentUrl\":\"https:\\\/\\\/www.labaldufateatre.com\\\/es\\\/wp-content\\\/uploads\\\/sites\\\/2\\\/slideweb-cat-1536x330-1.jpg\",\"width\":1536,\"height\":330},{\"@type\":\"BreadcrumbList\",\"@id\":\"https:\\\/\\\/www.labaldufateatre.com\\\/es\\\/este-ano-si-vuelve-mostra-igualada-y-la-baldufa-tambien-estaremos-alli\\\/#breadcrumb\",\"itemListElement\":[{\"@type\":\"ListItem\",\"position\":1,\"name\":\"Portada\",\"item\":\"https:\\\/\\\/www.labaldufateatre.com\\\/es\\\/\"},{\"@type\":\"ListItem\",\"position\":2,\"name\":\"\u00a1Este a\u00f1o s\u00ed! Vuelve Mostra Igualada y La Baldufa tambi\u00e9n estaremos all\u00ed\"}]},{\"@type\":\"WebSite\",\"@id\":\"https:\\\/\\\/www.labaldufateatre.com\\\/es\\\/#website\",\"url\":\"https:\\\/\\\/www.labaldufateatre.com\\\/es\\\/\",\"name\":\"La Baldufa Teatre\",\"description\":\"Companyia de Comediants\",\"potentialAction\":[{\"@type\":\"SearchAction\",\"target\":{\"@type\":\"EntryPoint\",\"urlTemplate\":\"https:\\\/\\\/www.labaldufateatre.com\\\/es\\\/?s={search_term_string}\"},\"query-input\":{\"@type\":\"PropertyValueSpecification\",\"valueRequired\":true,\"valueName\":\"search_term_string\"}}],\"inLanguage\":\"es\"},{\"@type\":\"Person\",\"@id\":\"https:\\\/\\\/www.labaldufateatre.com\\\/es\\\/#\\\/schema\\\/person\\\/f2f99ab48040e39e27bf2d85573f9082\",\"name\":\"calzbert\",\"image\":{\"@type\":\"ImageObject\",\"inLanguage\":\"es\",\"@id\":\"https:\\\/\\\/secure.gravatar.com\\\/avatar\\\/c1261138a5e7882394bd9001104fe7078a2d860997555a5353af4ef7bd38f6db?s=96&d=mm&r=g\",\"url\":\"https:\\\/\\\/secure.gravatar.com\\\/avatar\\\/c1261138a5e7882394bd9001104fe7078a2d860997555a5353af4ef7bd38f6db?s=96&d=mm&r=g\",\"contentUrl\":\"https:\\\/\\\/secure.gravatar.com\\\/avatar\\\/c1261138a5e7882394bd9001104fe7078a2d860997555a5353af4ef7bd38f6db?s=96&d=mm&r=g\",\"caption\":\"calzbert\"}}]}<\/script>\n<!-- \/ Yoast SEO plugin. -->","yoast_head_json":{"title":"\u00a1Este a\u00f1o s\u00ed! Vuelve Mostra Igualada y La Baldufa tambi\u00e9n estaremos all\u00ed - La Baldufa Teatre","robots":{"index":"index","follow":"follow","max-snippet":"max-snippet:-1","max-image-preview":"max-image-preview:large","max-video-preview":"max-video-preview:-1"},"canonical":"https:\/\/www.labaldufateatre.com\/es\/este-ano-si-vuelve-mostra-igualada-y-la-baldufa-tambien-estaremos-alli\/","og_locale":"es_ES","og_type":"article","og_title":"\u00a1Este a\u00f1o s\u00ed! Vuelve Mostra Igualada y La Baldufa tambi\u00e9n estaremos all\u00ed - La Baldufa Teatre","og_description":"Del 26 al 30 de mayo tendr\u00e1 lugar la Mostra Igualada 2021. \u00a1Y ya son 32! La edici\u00f3n del a\u00f1o...","og_url":"https:\/\/www.labaldufateatre.com\/es\/este-ano-si-vuelve-mostra-igualada-y-la-baldufa-tambien-estaremos-alli\/","og_site_name":"La Baldufa Teatre","article_publisher":"http:\/\/www.facebook.com\/pages\/Companyia-de-Comediants-La-Baldufa\/94606450908","article_published_time":"2021-05-12T16:18:08+00:00","article_modified_time":"2021-05-12T16:21:40+00:00","og_image":[{"width":1536,"height":330,"url":"https:\/\/www.labaldufateatre.com\/es\/wp-content\/uploads\/sites\/2\/slideweb-cat-1536x330-1.jpg","type":"image\/jpeg"}],"author":"calzbert","twitter_card":"summary_large_image","twitter_creator":"@BaldufaTeatre","twitter_site":"@BaldufaTeatre","twitter_misc":{"Escrito por":"calzbert","Tiempo de lectura":"1 minuto"},"schema":{"@context":"https:\/\/schema.org","@graph":[{"@type":"Article","@id":"https:\/\/www.labaldufateatre.com\/es\/este-ano-si-vuelve-mostra-igualada-y-la-baldufa-tambien-estaremos-alli\/#article","isPartOf":{"@id":"https:\/\/www.labaldufateatre.com\/es\/este-ano-si-vuelve-mostra-igualada-y-la-baldufa-tambien-estaremos-alli\/"},"author":{"name":"calzbert","@id":"https:\/\/www.labaldufateatre.com\/es\/#\/schema\/person\/f2f99ab48040e39e27bf2d85573f9082"},"headline":"\u00a1Este a\u00f1o s\u00ed! Vuelve Mostra Igualada y La Baldufa tambi\u00e9n estaremos all\u00ed","datePublished":"2021-05-12T16:18:08+00:00","dateModified":"2021-05-12T16:21:40+00:00","mainEntityOfPage":{"@id":"https:\/\/www.labaldufateatre.com\/es\/este-ano-si-vuelve-mostra-igualada-y-la-baldufa-tambien-estaremos-alli\/"},"wordCount":209,"image":{"@id":"https:\/\/www.labaldufateatre.com\/es\/este-ano-si-vuelve-mostra-igualada-y-la-baldufa-tambien-estaremos-alli\/#primaryimage"},"thumbnailUrl":"https:\/\/www.labaldufateatre.com\/es\/wp-content\/uploads\/sites\/2\/slideweb-cat-1536x330-1.jpg","keywords":["artes esc\u00e9nicas","teatro"],"articleSection":["Noticias"],"inLanguage":"es"},{"@type":"WebPage","@id":"https:\/\/www.labaldufateatre.com\/es\/este-ano-si-vuelve-mostra-igualada-y-la-baldufa-tambien-estaremos-alli\/","url":"https:\/\/www.labaldufateatre.com\/es\/este-ano-si-vuelve-mostra-igualada-y-la-baldufa-tambien-estaremos-alli\/","name":"\u00a1Este a\u00f1o s\u00ed! Vuelve Mostra Igualada y La Baldufa tambi\u00e9n estaremos all\u00ed - La Baldufa Teatre","isPartOf":{"@id":"https:\/\/www.labaldufateatre.com\/es\/#website"},"primaryImageOfPage":{"@id":"https:\/\/www.labaldufateatre.com\/es\/este-ano-si-vuelve-mostra-igualada-y-la-baldufa-tambien-estaremos-alli\/#primaryimage"},"image":{"@id":"https:\/\/www.labaldufateatre.com\/es\/este-ano-si-vuelve-mostra-igualada-y-la-baldufa-tambien-estaremos-alli\/#primaryimage"},"thumbnailUrl":"https:\/\/www.labaldufateatre.com\/es\/wp-content\/uploads\/sites\/2\/slideweb-cat-1536x330-1.jpg","datePublished":"2021-05-12T16:18:08+00:00","dateModified":"2021-05-12T16:21:40+00:00","author":{"@id":"https:\/\/www.labaldufateatre.com\/es\/#\/schema\/person\/f2f99ab48040e39e27bf2d85573f9082"},"breadcrumb":{"@id":"https:\/\/www.labaldufateatre.com\/es\/este-ano-si-vuelve-mostra-igualada-y-la-baldufa-tambien-estaremos-alli\/#breadcrumb"},"inLanguage":"es","potentialAction":[{"@type":"ReadAction","target":["https:\/\/www.labaldufateatre.com\/es\/este-ano-si-vuelve-mostra-igualada-y-la-baldufa-tambien-estaremos-alli\/"]}]},{"@type":"ImageObject","inLanguage":"es","@id":"https:\/\/www.labaldufateatre.com\/es\/este-ano-si-vuelve-mostra-igualada-y-la-baldufa-tambien-estaremos-alli\/#primaryimage","url":"https:\/\/www.labaldufateatre.com\/es\/wp-content\/uploads\/sites\/2\/slideweb-cat-1536x330-1.jpg","contentUrl":"https:\/\/www.labaldufateatre.com\/es\/wp-content\/uploads\/sites\/2\/slideweb-cat-1536x330-1.jpg","width":1536,"height":330},{"@type":"BreadcrumbList","@id":"https:\/\/www.labaldufateatre.com\/es\/este-ano-si-vuelve-mostra-igualada-y-la-baldufa-tambien-estaremos-alli\/#breadcrumb","itemListElement":[{"@type":"ListItem","position":1,"name":"Portada","item":"https:\/\/www.labaldufateatre.com\/es\/"},{"@type":"ListItem","position":2,"name":"\u00a1Este a\u00f1o s\u00ed! Vuelve Mostra Igualada y La Baldufa tambi\u00e9n estaremos all\u00ed"}]},{"@type":"WebSite","@id":"https:\/\/www.labaldufateatre.com\/es\/#website","url":"https:\/\/www.labaldufateatre.com\/es\/","name":"La Baldufa Teatre","description":"Companyia de Comediants","potentialAction":[{"@type":"SearchAction","target":{"@type":"EntryPoint","urlTemplate":"https:\/\/www.labaldufateatre.com\/es\/?s={search_term_string}"},"query-input":{"@type":"PropertyValueSpecification","valueRequired":true,"valueName":"search_term_string"}}],"inLanguage":"es"},{"@type":"Person","@id":"https:\/\/www.labaldufateatre.com\/es\/#\/schema\/person\/f2f99ab48040e39e27bf2d85573f9082","name":"calzbert","image":{"@type":"ImageObject","inLanguage":"es","@id":"https:\/\/secure.gravatar.com\/avatar\/c1261138a5e7882394bd9001104fe7078a2d860997555a5353af4ef7bd38f6db?s=96&d=mm&r=g","url":"https:\/\/secure.gravatar.com\/avatar\/c1261138a5e7882394bd9001104fe7078a2d860997555a5353af4ef7bd38f6db?s=96&d=mm&r=g","contentUrl":"https:\/\/secure.gravatar.com\/avatar\/c1261138a5e7882394bd9001104fe7078a2d860997555a5353af4ef7bd38f6db?s=96&d=mm&r=g","caption":"calzbert"}}]}},"_links":{"self":[{"href":"https:\/\/www.labaldufateatre.com\/es\/wp-json\/wp\/v2\/posts\/1146","targetHints":{"allow":["GET"]}}],"collection":[{"href":"https:\/\/www.labaldufateatre.com\/es\/wp-json\/wp\/v2\/posts"}],"about":[{"href":"https:\/\/www.labaldufateatre.com\/es\/wp-json\/wp\/v2\/types\/post"}],"author":[{"embeddable":true,"href":"https:\/\/www.labaldufateatre.com\/es\/wp-json\/wp\/v2\/users\/1"}],"replies":[{"embeddable":true,"href":"https:\/\/www.labaldufateatre.com\/es\/wp-json\/wp\/v2\/comments?post=1146"}],"version-history":[{"count":2,"href":"https:\/\/www.labaldufateatre.com\/es\/wp-json\/wp\/v2\/posts\/1146\/revisions"}],"predecessor-version":[{"id":1149,"href":"https:\/\/www.labaldufateatre.com\/es\/wp-json\/wp\/v2\/posts\/1146\/revisions\/1149"}],"wp:featuredmedia":[{"embeddable":true,"href":"https:\/\/www.labaldufateatre.com\/es\/wp-json\/wp\/v2\/media\/1147"}],"wp:attachment":[{"href":"https:\/\/www.labaldufateatre.com\/es\/wp-json\/wp\/v2\/media?parent=1146"}],"wp:term":[{"taxonomy":"category","embeddable":true,"href":"https:\/\/www.labaldufateatre.com\/es\/wp-json\/wp\/v2\/categories?post=1146"},{"taxonomy":"post_tag","embeddable":true,"href":"https:\/\/www.labaldufateatre.com\/es\/wp-json\/wp\/v2\/tags?post=1146"}],"curies":[{"name":"wp","href":"https:\/\/api.w.org\/{rel}","templated":true}]}}