{"id":1151,"date":"2021-06-04T15:17:50","date_gmt":"2021-06-04T13:17:50","guid":{"rendered":"https:\/\/www.labaldufateatre.com\/es\/?p=1151"},"modified":"2021-06-04T15:17:50","modified_gmt":"2021-06-04T13:17:50","slug":"sol-pico-dirige-el-proximo-espectaculo-de-la-baldufa","status":"publish","type":"post","link":"https:\/\/www.labaldufateatre.com\/es\/sol-pico-dirige-el-proximo-espectaculo-de-la-baldufa\/","title":{"rendered":"Sol Pic\u00f3 dirige el pr\u00f3ximo espect\u00e1culo de La Baldufa"},"content":{"rendered":"<div>\n<p>Con toda la ilusi\u00f3n, anunciamos que <b>Sol Pic\u00f3<\/b>, una de las artistas m\u00e1s reconocidas y heterodoxas de la danza contempor\u00e1nea, dirigir\u00e1 la pr\u00f3xima creaci\u00f3n de La Baldufa. Un espect\u00e1culo para p\u00fablico familiar en el que los tres miembros de La Baldufa, Enric Blasi, Emiliano Pardo y Carles Pijuan, experimentaremos con el mundo de la danza, una disciplina hasta ahora desconocida por la compa\u00f1\u00eda.<\/p>\n<\/div>\n<div>\n<p>A La Baldufa siempre nos ha motivado la mezcla, el mestizaje esc\u00e9nico, la creaci\u00f3n no convencional y los retos. Por ello, para este nuevo espect\u00e1culo, decidimos reinventarnos, jugar como ni\u00f1os y comunicarnos con un nuevo lenguaje corporal. Y lo hacemos con la mejor compa\u00f1era, Sol Pic\u00f3, core\u00f3grafa y bailarina, con m\u00e1s de 30 espect\u00e1culos a sus espaldas y con un sello propio basado tambi\u00e9n en la mezcla y el mestizaje.<\/p>\n<\/div>\n<div>\n<p>Se tratar\u00e1 de un espect\u00e1culo de reflexi\u00f3n hacia las propias <b>limitaciones<\/b>. Tres <i>no bailarines<\/i> convierten la limitaci\u00f3n de no saber bailar en la fortaleza del espect\u00e1culo. <b>El universo visual y creativo<\/b> de La Baldufa tambi\u00e9n estar\u00e1 presente en esta nueva producci\u00f3n. Queremos crear un contexto teatral y poder contar una historia a trav\u00e9s del movimiento o, cuando menos, sugerir diferentes sensaciones y emociones.<\/p>\n<\/div>\n<div>\n<p>El proyecto se enmarca en la l\u00ednea de Apoyo a la producci\u00f3n y exhibici\u00f3n de la <b><span lang=\"CA\">Mostra Igualada<\/span><\/b>, donde se estrenar\u00e1 oficialmente en la edici\u00f3n del pr\u00f3ximo a\u00f1o, en abril de 2022. El espect\u00e1culo tambi\u00e9n estar\u00e1 coproducido por el Festival GREC de Barcelona y contar\u00e1 con la colaboraci\u00f3n del festival Festi'M\u00f4mes de Questembert Communaut\u00e9, el Teatro C\u00e1novas de M\u00e1laga, el <span lang=\"CA\">Teatre Municipal de l'Escorxador de Lleida <\/span>y el Festival Sism\u00f2graf de Olot.<\/p>\n<\/div>\n<p><iframe loading=\"lazy\" title=\"La Baldufa - |CLIP1| Nou espectacle en creaci\u00f3 dirigit per Sol Pic\u00f3 - 2022\" width=\"500\" height=\"281\" src=\"https:\/\/www.youtube.com\/embed\/CjQrDRw9exo?feature=oembed\" frameborder=\"0\" allow=\"accelerometer; autoplay; clipboard-write; encrypted-media; gyroscope; picture-in-picture; web-share\" referrerpolicy=\"strict-origin-when-cross-origin\" allowfullscreen><\/iframe><\/p>\n","protected":false},"excerpt":{"rendered":"<p>Con toda la ilusi\u00f3n, anunciamos que Sol Pic\u00f3, una de las artistas m\u00e1s reconocidas y heterodoxas de la danza contempor\u00e1nea,...<\/p>\n","protected":false},"author":2,"featured_media":1152,"comment_status":"closed","ping_status":"closed","sticky":false,"template":"","format":"standard","meta":{"_acf_changed":false,"inline_featured_image":false,"footnotes":""},"categories":[1],"tags":[7,9,8],"class_list":["post-1151","post","type-post","status-publish","format-standard","has-post-thumbnail","hentry","category-noticias","tag-artes-escenicas","tag-espectaculos","tag-teatro"],"acf":[],"yoast_head":"<!-- This site is optimized with the Yoast SEO plugin v27.5 - https:\/\/yoast.com\/product\/yoast-seo-wordpress\/ -->\n<title>Sol Pic\u00f3 dirige el pr\u00f3ximo espect\u00e1culo de La Baldufa - La Baldufa Teatre<\/title>\n<meta name=\"robots\" content=\"index, follow, max-snippet:-1, max-image-preview:large, max-video-preview:-1\" \/>\n<link rel=\"canonical\" href=\"https:\/\/www.labaldufateatre.com\/es\/sol-pico-dirige-el-proximo-espectaculo-de-la-baldufa\/\" \/>\n<meta property=\"og:locale\" content=\"es_ES\" \/>\n<meta property=\"og:type\" content=\"article\" \/>\n<meta property=\"og:title\" content=\"Sol Pic\u00f3 dirige el pr\u00f3ximo espect\u00e1culo de La Baldufa - La Baldufa Teatre\" \/>\n<meta property=\"og:description\" content=\"Con toda la ilusi\u00f3n, anunciamos que Sol Pic\u00f3, una de las artistas m\u00e1s reconocidas y heterodoxas de la danza contempor\u00e1nea,...\" \/>\n<meta property=\"og:url\" content=\"https:\/\/www.labaldufateatre.com\/es\/sol-pico-dirige-el-proximo-espectaculo-de-la-baldufa\/\" \/>\n<meta property=\"og:site_name\" content=\"La Baldufa Teatre\" \/>\n<meta property=\"article:publisher\" content=\"http:\/\/www.facebook.com\/pages\/Companyia-de-Comediants-La-Baldufa\/94606450908\" \/>\n<meta property=\"article:published_time\" content=\"2021-06-04T13:17:50+00:00\" \/>\n<meta property=\"og:image\" content=\"https:\/\/www.labaldufateatre.com\/es\/wp-content\/uploads\/sites\/2\/baldufa-sol-pico-ddelval-492b.jpg\" \/>\n\t<meta property=\"og:image:width\" content=\"1500\" \/>\n\t<meta property=\"og:image:height\" content=\"1001\" \/>\n\t<meta property=\"og:image:type\" content=\"image\/jpeg\" \/>\n<meta name=\"author\" content=\"La Baldufa Teatre\" \/>\n<meta name=\"twitter:card\" content=\"summary_large_image\" \/>\n<meta name=\"twitter:creator\" content=\"@BaldufaTeatre\" \/>\n<meta name=\"twitter:site\" content=\"@BaldufaTeatre\" \/>\n<meta name=\"twitter:label1\" content=\"Escrito por\" \/>\n\t<meta name=\"twitter:data1\" content=\"La Baldufa Teatre\" \/>\n\t<meta name=\"twitter:label2\" content=\"Tiempo de lectura\" \/>\n\t<meta name=\"twitter:data2\" content=\"2 minutos\" \/>\n<script type=\"application\/ld+json\" class=\"yoast-schema-graph\">{\"@context\":\"https:\\\/\\\/schema.org\",\"@graph\":[{\"@type\":\"Article\",\"@id\":\"https:\\\/\\\/www.labaldufateatre.com\\\/es\\\/sol-pico-dirige-el-proximo-espectaculo-de-la-baldufa\\\/#article\",\"isPartOf\":{\"@id\":\"https:\\\/\\\/www.labaldufateatre.com\\\/es\\\/sol-pico-dirige-el-proximo-espectaculo-de-la-baldufa\\\/\"},\"author\":{\"name\":\"La Baldufa Teatre\",\"@id\":\"https:\\\/\\\/www.labaldufateatre.com\\\/es\\\/#\\\/schema\\\/person\\\/9bdcaa1e41295dbae5634e10328cba17\"},\"headline\":\"Sol Pic\u00f3 dirige el pr\u00f3ximo espect\u00e1culo de La Baldufa\",\"datePublished\":\"2021-06-04T13:17:50+00:00\",\"mainEntityOfPage\":{\"@id\":\"https:\\\/\\\/www.labaldufateatre.com\\\/es\\\/sol-pico-dirige-el-proximo-espectaculo-de-la-baldufa\\\/\"},\"wordCount\":324,\"image\":{\"@id\":\"https:\\\/\\\/www.labaldufateatre.com\\\/es\\\/sol-pico-dirige-el-proximo-espectaculo-de-la-baldufa\\\/#primaryimage\"},\"thumbnailUrl\":\"https:\\\/\\\/www.labaldufateatre.com\\\/es\\\/wp-content\\\/uploads\\\/sites\\\/2\\\/baldufa-sol-pico-ddelval-492b.jpg\",\"keywords\":[\"artes esc\u00e9nicas\",\"espect\u00e1culos\",\"teatro\"],\"articleSection\":[\"Noticias\"],\"inLanguage\":\"es\"},{\"@type\":\"WebPage\",\"@id\":\"https:\\\/\\\/www.labaldufateatre.com\\\/es\\\/sol-pico-dirige-el-proximo-espectaculo-de-la-baldufa\\\/\",\"url\":\"https:\\\/\\\/www.labaldufateatre.com\\\/es\\\/sol-pico-dirige-el-proximo-espectaculo-de-la-baldufa\\\/\",\"name\":\"Sol Pic\u00f3 dirige el pr\u00f3ximo espect\u00e1culo de La Baldufa - La Baldufa Teatre\",\"isPartOf\":{\"@id\":\"https:\\\/\\\/www.labaldufateatre.com\\\/es\\\/#website\"},\"primaryImageOfPage\":{\"@id\":\"https:\\\/\\\/www.labaldufateatre.com\\\/es\\\/sol-pico-dirige-el-proximo-espectaculo-de-la-baldufa\\\/#primaryimage\"},\"image\":{\"@id\":\"https:\\\/\\\/www.labaldufateatre.com\\\/es\\\/sol-pico-dirige-el-proximo-espectaculo-de-la-baldufa\\\/#primaryimage\"},\"thumbnailUrl\":\"https:\\\/\\\/www.labaldufateatre.com\\\/es\\\/wp-content\\\/uploads\\\/sites\\\/2\\\/baldufa-sol-pico-ddelval-492b.jpg\",\"datePublished\":\"2021-06-04T13:17:50+00:00\",\"author\":{\"@id\":\"https:\\\/\\\/www.labaldufateatre.com\\\/es\\\/#\\\/schema\\\/person\\\/9bdcaa1e41295dbae5634e10328cba17\"},\"breadcrumb\":{\"@id\":\"https:\\\/\\\/www.labaldufateatre.com\\\/es\\\/sol-pico-dirige-el-proximo-espectaculo-de-la-baldufa\\\/#breadcrumb\"},\"inLanguage\":\"es\",\"potentialAction\":[{\"@type\":\"ReadAction\",\"target\":[\"https:\\\/\\\/www.labaldufateatre.com\\\/es\\\/sol-pico-dirige-el-proximo-espectaculo-de-la-baldufa\\\/\"]}]},{\"@type\":\"ImageObject\",\"inLanguage\":\"es\",\"@id\":\"https:\\\/\\\/www.labaldufateatre.com\\\/es\\\/sol-pico-dirige-el-proximo-espectaculo-de-la-baldufa\\\/#primaryimage\",\"url\":\"https:\\\/\\\/www.labaldufateatre.com\\\/es\\\/wp-content\\\/uploads\\\/sites\\\/2\\\/baldufa-sol-pico-ddelval-492b.jpg\",\"contentUrl\":\"https:\\\/\\\/www.labaldufateatre.com\\\/es\\\/wp-content\\\/uploads\\\/sites\\\/2\\\/baldufa-sol-pico-ddelval-492b.jpg\",\"width\":1500,\"height\":1001},{\"@type\":\"BreadcrumbList\",\"@id\":\"https:\\\/\\\/www.labaldufateatre.com\\\/es\\\/sol-pico-dirige-el-proximo-espectaculo-de-la-baldufa\\\/#breadcrumb\",\"itemListElement\":[{\"@type\":\"ListItem\",\"position\":1,\"name\":\"Portada\",\"item\":\"https:\\\/\\\/www.labaldufateatre.com\\\/es\\\/\"},{\"@type\":\"ListItem\",\"position\":2,\"name\":\"Sol Pic\u00f3 dirige el pr\u00f3ximo espect\u00e1culo de La Baldufa\"}]},{\"@type\":\"WebSite\",\"@id\":\"https:\\\/\\\/www.labaldufateatre.com\\\/es\\\/#website\",\"url\":\"https:\\\/\\\/www.labaldufateatre.com\\\/es\\\/\",\"name\":\"La Baldufa Teatre\",\"description\":\"Companyia de Comediants\",\"potentialAction\":[{\"@type\":\"SearchAction\",\"target\":{\"@type\":\"EntryPoint\",\"urlTemplate\":\"https:\\\/\\\/www.labaldufateatre.com\\\/es\\\/?s={search_term_string}\"},\"query-input\":{\"@type\":\"PropertyValueSpecification\",\"valueRequired\":true,\"valueName\":\"search_term_string\"}}],\"inLanguage\":\"es\"},{\"@type\":\"Person\",\"@id\":\"https:\\\/\\\/www.labaldufateatre.com\\\/es\\\/#\\\/schema\\\/person\\\/9bdcaa1e41295dbae5634e10328cba17\",\"name\":\"La Baldufa Teatre\",\"image\":{\"@type\":\"ImageObject\",\"inLanguage\":\"es\",\"@id\":\"https:\\\/\\\/secure.gravatar.com\\\/avatar\\\/d7d19647aef47cb2f08d837ca03f487a96bab078ac264f4495abfb61b75098c2?s=96&d=mm&r=g\",\"url\":\"https:\\\/\\\/secure.gravatar.com\\\/avatar\\\/d7d19647aef47cb2f08d837ca03f487a96bab078ac264f4495abfb61b75098c2?s=96&d=mm&r=g\",\"contentUrl\":\"https:\\\/\\\/secure.gravatar.com\\\/avatar\\\/d7d19647aef47cb2f08d837ca03f487a96bab078ac264f4495abfb61b75098c2?s=96&d=mm&r=g\",\"caption\":\"La Baldufa Teatre\"}}]}<\/script>\n<!-- \/ Yoast SEO plugin. -->","yoast_head_json":{"title":"Sol Pic\u00f3 dirige el pr\u00f3ximo espect\u00e1culo de La Baldufa - La Baldufa Teatre","robots":{"index":"index","follow":"follow","max-snippet":"max-snippet:-1","max-image-preview":"max-image-preview:large","max-video-preview":"max-video-preview:-1"},"canonical":"https:\/\/www.labaldufateatre.com\/es\/sol-pico-dirige-el-proximo-espectaculo-de-la-baldufa\/","og_locale":"es_ES","og_type":"article","og_title":"Sol Pic\u00f3 dirige el pr\u00f3ximo espect\u00e1culo de La Baldufa - La Baldufa Teatre","og_description":"Con toda la ilusi\u00f3n, anunciamos que Sol Pic\u00f3, una de las artistas m\u00e1s reconocidas y heterodoxas de la danza contempor\u00e1nea,...","og_url":"https:\/\/www.labaldufateatre.com\/es\/sol-pico-dirige-el-proximo-espectaculo-de-la-baldufa\/","og_site_name":"La Baldufa Teatre","article_publisher":"http:\/\/www.facebook.com\/pages\/Companyia-de-Comediants-La-Baldufa\/94606450908","article_published_time":"2021-06-04T13:17:50+00:00","og_image":[{"width":1500,"height":1001,"url":"https:\/\/www.labaldufateatre.com\/es\/wp-content\/uploads\/sites\/2\/baldufa-sol-pico-ddelval-492b.jpg","type":"image\/jpeg"}],"author":"La Baldufa Teatre","twitter_card":"summary_large_image","twitter_creator":"@BaldufaTeatre","twitter_site":"@BaldufaTeatre","twitter_misc":{"Escrito por":"La Baldufa Teatre","Tiempo de lectura":"2 minutos"},"schema":{"@context":"https:\/\/schema.org","@graph":[{"@type":"Article","@id":"https:\/\/www.labaldufateatre.com\/es\/sol-pico-dirige-el-proximo-espectaculo-de-la-baldufa\/#article","isPartOf":{"@id":"https:\/\/www.labaldufateatre.com\/es\/sol-pico-dirige-el-proximo-espectaculo-de-la-baldufa\/"},"author":{"name":"La Baldufa Teatre","@id":"https:\/\/www.labaldufateatre.com\/es\/#\/schema\/person\/9bdcaa1e41295dbae5634e10328cba17"},"headline":"Sol Pic\u00f3 dirige el pr\u00f3ximo espect\u00e1culo de La Baldufa","datePublished":"2021-06-04T13:17:50+00:00","mainEntityOfPage":{"@id":"https:\/\/www.labaldufateatre.com\/es\/sol-pico-dirige-el-proximo-espectaculo-de-la-baldufa\/"},"wordCount":324,"image":{"@id":"https:\/\/www.labaldufateatre.com\/es\/sol-pico-dirige-el-proximo-espectaculo-de-la-baldufa\/#primaryimage"},"thumbnailUrl":"https:\/\/www.labaldufateatre.com\/es\/wp-content\/uploads\/sites\/2\/baldufa-sol-pico-ddelval-492b.jpg","keywords":["artes esc\u00e9nicas","espect\u00e1culos","teatro"],"articleSection":["Noticias"],"inLanguage":"es"},{"@type":"WebPage","@id":"https:\/\/www.labaldufateatre.com\/es\/sol-pico-dirige-el-proximo-espectaculo-de-la-baldufa\/","url":"https:\/\/www.labaldufateatre.com\/es\/sol-pico-dirige-el-proximo-espectaculo-de-la-baldufa\/","name":"Sol Pic\u00f3 dirige el pr\u00f3ximo espect\u00e1culo de La Baldufa - La Baldufa Teatre","isPartOf":{"@id":"https:\/\/www.labaldufateatre.com\/es\/#website"},"primaryImageOfPage":{"@id":"https:\/\/www.labaldufateatre.com\/es\/sol-pico-dirige-el-proximo-espectaculo-de-la-baldufa\/#primaryimage"},"image":{"@id":"https:\/\/www.labaldufateatre.com\/es\/sol-pico-dirige-el-proximo-espectaculo-de-la-baldufa\/#primaryimage"},"thumbnailUrl":"https:\/\/www.labaldufateatre.com\/es\/wp-content\/uploads\/sites\/2\/baldufa-sol-pico-ddelval-492b.jpg","datePublished":"2021-06-04T13:17:50+00:00","author":{"@id":"https:\/\/www.labaldufateatre.com\/es\/#\/schema\/person\/9bdcaa1e41295dbae5634e10328cba17"},"breadcrumb":{"@id":"https:\/\/www.labaldufateatre.com\/es\/sol-pico-dirige-el-proximo-espectaculo-de-la-baldufa\/#breadcrumb"},"inLanguage":"es","potentialAction":[{"@type":"ReadAction","target":["https:\/\/www.labaldufateatre.com\/es\/sol-pico-dirige-el-proximo-espectaculo-de-la-baldufa\/"]}]},{"@type":"ImageObject","inLanguage":"es","@id":"https:\/\/www.labaldufateatre.com\/es\/sol-pico-dirige-el-proximo-espectaculo-de-la-baldufa\/#primaryimage","url":"https:\/\/www.labaldufateatre.com\/es\/wp-content\/uploads\/sites\/2\/baldufa-sol-pico-ddelval-492b.jpg","contentUrl":"https:\/\/www.labaldufateatre.com\/es\/wp-content\/uploads\/sites\/2\/baldufa-sol-pico-ddelval-492b.jpg","width":1500,"height":1001},{"@type":"BreadcrumbList","@id":"https:\/\/www.labaldufateatre.com\/es\/sol-pico-dirige-el-proximo-espectaculo-de-la-baldufa\/#breadcrumb","itemListElement":[{"@type":"ListItem","position":1,"name":"Portada","item":"https:\/\/www.labaldufateatre.com\/es\/"},{"@type":"ListItem","position":2,"name":"Sol Pic\u00f3 dirige el pr\u00f3ximo espect\u00e1culo de La Baldufa"}]},{"@type":"WebSite","@id":"https:\/\/www.labaldufateatre.com\/es\/#website","url":"https:\/\/www.labaldufateatre.com\/es\/","name":"La Baldufa Teatre","description":"Companyia de Comediants","potentialAction":[{"@type":"SearchAction","target":{"@type":"EntryPoint","urlTemplate":"https:\/\/www.labaldufateatre.com\/es\/?s={search_term_string}"},"query-input":{"@type":"PropertyValueSpecification","valueRequired":true,"valueName":"search_term_string"}}],"inLanguage":"es"},{"@type":"Person","@id":"https:\/\/www.labaldufateatre.com\/es\/#\/schema\/person\/9bdcaa1e41295dbae5634e10328cba17","name":"La Baldufa Teatre","image":{"@type":"ImageObject","inLanguage":"es","@id":"https:\/\/secure.gravatar.com\/avatar\/d7d19647aef47cb2f08d837ca03f487a96bab078ac264f4495abfb61b75098c2?s=96&d=mm&r=g","url":"https:\/\/secure.gravatar.com\/avatar\/d7d19647aef47cb2f08d837ca03f487a96bab078ac264f4495abfb61b75098c2?s=96&d=mm&r=g","contentUrl":"https:\/\/secure.gravatar.com\/avatar\/d7d19647aef47cb2f08d837ca03f487a96bab078ac264f4495abfb61b75098c2?s=96&d=mm&r=g","caption":"La Baldufa Teatre"}}]}},"_links":{"self":[{"href":"https:\/\/www.labaldufateatre.com\/es\/wp-json\/wp\/v2\/posts\/1151","targetHints":{"allow":["GET"]}}],"collection":[{"href":"https:\/\/www.labaldufateatre.com\/es\/wp-json\/wp\/v2\/posts"}],"about":[{"href":"https:\/\/www.labaldufateatre.com\/es\/wp-json\/wp\/v2\/types\/post"}],"author":[{"embeddable":true,"href":"https:\/\/www.labaldufateatre.com\/es\/wp-json\/wp\/v2\/users\/2"}],"replies":[{"embeddable":true,"href":"https:\/\/www.labaldufateatre.com\/es\/wp-json\/wp\/v2\/comments?post=1151"}],"version-history":[{"count":1,"href":"https:\/\/www.labaldufateatre.com\/es\/wp-json\/wp\/v2\/posts\/1151\/revisions"}],"predecessor-version":[{"id":1153,"href":"https:\/\/www.labaldufateatre.com\/es\/wp-json\/wp\/v2\/posts\/1151\/revisions\/1153"}],"wp:featuredmedia":[{"embeddable":true,"href":"https:\/\/www.labaldufateatre.com\/es\/wp-json\/wp\/v2\/media\/1152"}],"wp:attachment":[{"href":"https:\/\/www.labaldufateatre.com\/es\/wp-json\/wp\/v2\/media?parent=1151"}],"wp:term":[{"taxonomy":"category","embeddable":true,"href":"https:\/\/www.labaldufateatre.com\/es\/wp-json\/wp\/v2\/categories?post=1151"},{"taxonomy":"post_tag","embeddable":true,"href":"https:\/\/www.labaldufateatre.com\/es\/wp-json\/wp\/v2\/tags?post=1151"}],"curies":[{"name":"wp","href":"https:\/\/api.w.org\/{rel}","templated":true}]}}