{"id":1339,"date":"2022-07-25T08:50:24","date_gmt":"2022-07-25T06:50:24","guid":{"rendered":"https:\/\/www.labaldufateatre.com\/es\/?p=1339"},"modified":"2022-07-25T08:51:41","modified_gmt":"2022-07-25T06:51:41","slug":"15-anos-de-festival-esbaiolat","status":"publish","type":"post","link":"https:\/\/www.labaldufateatre.com\/es\/15-anos-de-festival-esbaiolat\/","title":{"rendered":"15 a\u00f1os de Festival Esbaiola't"},"content":{"rendered":"<p>Cerramos la 15\u00aa edici\u00f3n del <strong>Festival Esbaiola't<\/strong> todav\u00eda con cansancio y con las emociones a flor de piel, pero con muy buenas sensaciones.<\/p>\n<p>Han sido cuatro d\u00edas intensos de emociones, ambiente, risas, paisaje, diversi\u00f3n, naturaleza... y sobre todo, de muchas artes esc\u00e9nicas y cultura en un marco excepcional. En esta decimoquinta edici\u00f3n del festival hemos querido, m\u00e1s que nunca, blandir una defensa enconada de la cultura para todos, para todas las edades y para todos los territorios, recuperando todo lo que hab\u00edamos disfrutado antes de la pandemia.<\/p>\n<p>Queremos dar las gracias a todas las compa\u00f1\u00edas que han participado, a todo el voluntariado, a los trabajadores y trabajadoras, al equipo art\u00edstico, de programaci\u00f3n y de producci\u00f3n, a los patrocinadores y colaboradores, a las empresas de les Valls d'\u00e0neu que nos han dado apoyo econ\u00f3mico, a las instituciones que siguen confiando en el festival a\u00f1o tras a\u00f1o y a todo el mundo que se ha involucrado de una manera u otra. Y sobre todo, gracias a todo el p\u00fablico que nos ha acompa\u00f1ado y ha hecho que esta edici\u00f3n fuese \u00fanica.<\/p>\n<p>Ahora, a pensar en su 16\u00aa edici\u00f3n. Larga vida al Esbaiola't!<\/p>\n<p><img loading=\"lazy\" decoding=\"async\" class=\"alignnone wp-image-1340 size-full\" src=\"https:\/\/www.labaldufateatre.com\/es\/wp-content\/uploads\/sites\/2\/esbaiolat1.jpg\" alt=\"\" width=\"1440\" height=\"817\" srcset=\"https:\/\/www.labaldufateatre.com\/es\/wp-content\/uploads\/sites\/2\/esbaiolat1.jpg 1440w, https:\/\/www.labaldufateatre.com\/es\/wp-content\/uploads\/sites\/2\/esbaiolat1-300x170.jpg 300w, https:\/\/www.labaldufateatre.com\/es\/wp-content\/uploads\/sites\/2\/esbaiolat1-1024x581.jpg 1024w, https:\/\/www.labaldufateatre.com\/es\/wp-content\/uploads\/sites\/2\/esbaiolat1-768x436.jpg 768w\" sizes=\"auto, (max-width: 1440px) 100vw, 1440px\" \/><\/p>\n","protected":false},"excerpt":{"rendered":"<p>Cerramos la 15\u00aa edici\u00f3n del Festival Esbaiola't todav\u00eda con cansancio y con las emociones a flor de piel, pero con...<\/p>\n","protected":false},"author":2,"featured_media":1341,"comment_status":"closed","ping_status":"closed","sticky":false,"template":"","format":"standard","meta":{"_acf_changed":false,"inline_featured_image":false,"footnotes":""},"categories":[1],"tags":[],"class_list":["post-1339","post","type-post","status-publish","format-standard","has-post-thumbnail","hentry","category-noticias"],"acf":[],"yoast_head":"<!-- This site is optimized with the Yoast SEO plugin v27.5 - https:\/\/yoast.com\/product\/yoast-seo-wordpress\/ -->\n<title>15 a\u00f1os de Festival Esbaiola&#039;t - La Baldufa Teatre<\/title>\n<meta name=\"robots\" content=\"index, follow, max-snippet:-1, max-image-preview:large, max-video-preview:-1\" \/>\n<link rel=\"canonical\" href=\"https:\/\/www.labaldufateatre.com\/es\/15-anos-de-festival-esbaiolat\/\" \/>\n<meta property=\"og:locale\" content=\"es_ES\" \/>\n<meta property=\"og:type\" content=\"article\" \/>\n<meta property=\"og:title\" content=\"15 a\u00f1os de Festival Esbaiola&#039;t - La Baldufa Teatre\" \/>\n<meta property=\"og:description\" content=\"Cerramos la 15\u00aa edici\u00f3n del Festival Esbaiola&#039;t todav\u00eda con cansancio y con las emociones a flor de piel, pero con...\" \/>\n<meta property=\"og:url\" content=\"https:\/\/www.labaldufateatre.com\/es\/15-anos-de-festival-esbaiolat\/\" \/>\n<meta property=\"og:site_name\" content=\"La Baldufa Teatre\" \/>\n<meta property=\"article:publisher\" content=\"http:\/\/www.facebook.com\/pages\/Companyia-de-Comediants-La-Baldufa\/94606450908\" \/>\n<meta property=\"article:published_time\" content=\"2022-07-25T06:50:24+00:00\" \/>\n<meta property=\"article:modified_time\" content=\"2022-07-25T06:51:41+00:00\" \/>\n<meta property=\"og:image\" content=\"https:\/\/www.labaldufateatre.com\/es\/wp-content\/uploads\/sites\/2\/esbaiolat2.jpg\" \/>\n\t<meta property=\"og:image:width\" content=\"1024\" \/>\n\t<meta property=\"og:image:height\" content=\"768\" \/>\n\t<meta property=\"og:image:type\" content=\"image\/jpeg\" \/>\n<meta name=\"author\" content=\"La Baldufa Teatre\" \/>\n<meta name=\"twitter:card\" content=\"summary_large_image\" \/>\n<meta name=\"twitter:creator\" content=\"@BaldufaTeatre\" \/>\n<meta name=\"twitter:site\" content=\"@BaldufaTeatre\" \/>\n<meta name=\"twitter:label1\" content=\"Escrito por\" \/>\n\t<meta name=\"twitter:data1\" content=\"La Baldufa Teatre\" \/>\n\t<meta name=\"twitter:label2\" content=\"Tiempo de lectura\" \/>\n\t<meta name=\"twitter:data2\" content=\"2 minutos\" \/>\n<script type=\"application\/ld+json\" class=\"yoast-schema-graph\">{\"@context\":\"https:\\\/\\\/schema.org\",\"@graph\":[{\"@type\":\"Article\",\"@id\":\"https:\\\/\\\/www.labaldufateatre.com\\\/es\\\/15-anos-de-festival-esbaiolat\\\/#article\",\"isPartOf\":{\"@id\":\"https:\\\/\\\/www.labaldufateatre.com\\\/es\\\/15-anos-de-festival-esbaiolat\\\/\"},\"author\":{\"name\":\"La Baldufa Teatre\",\"@id\":\"https:\\\/\\\/www.labaldufateatre.com\\\/es\\\/#\\\/schema\\\/person\\\/9bdcaa1e41295dbae5634e10328cba17\"},\"headline\":\"15 a\u00f1os de Festival Esbaiola't\",\"datePublished\":\"2022-07-25T06:50:24+00:00\",\"dateModified\":\"2022-07-25T06:51:41+00:00\",\"mainEntityOfPage\":{\"@id\":\"https:\\\/\\\/www.labaldufateatre.com\\\/es\\\/15-anos-de-festival-esbaiolat\\\/\"},\"wordCount\":216,\"image\":{\"@id\":\"https:\\\/\\\/www.labaldufateatre.com\\\/es\\\/15-anos-de-festival-esbaiolat\\\/#primaryimage\"},\"thumbnailUrl\":\"https:\\\/\\\/www.labaldufateatre.com\\\/es\\\/wp-content\\\/uploads\\\/sites\\\/2\\\/esbaiolat2.jpg\",\"articleSection\":[\"Noticias\"],\"inLanguage\":\"es\"},{\"@type\":\"WebPage\",\"@id\":\"https:\\\/\\\/www.labaldufateatre.com\\\/es\\\/15-anos-de-festival-esbaiolat\\\/\",\"url\":\"https:\\\/\\\/www.labaldufateatre.com\\\/es\\\/15-anos-de-festival-esbaiolat\\\/\",\"name\":\"15 a\u00f1os de Festival Esbaiola't - La Baldufa Teatre\",\"isPartOf\":{\"@id\":\"https:\\\/\\\/www.labaldufateatre.com\\\/es\\\/#website\"},\"primaryImageOfPage\":{\"@id\":\"https:\\\/\\\/www.labaldufateatre.com\\\/es\\\/15-anos-de-festival-esbaiolat\\\/#primaryimage\"},\"image\":{\"@id\":\"https:\\\/\\\/www.labaldufateatre.com\\\/es\\\/15-anos-de-festival-esbaiolat\\\/#primaryimage\"},\"thumbnailUrl\":\"https:\\\/\\\/www.labaldufateatre.com\\\/es\\\/wp-content\\\/uploads\\\/sites\\\/2\\\/esbaiolat2.jpg\",\"datePublished\":\"2022-07-25T06:50:24+00:00\",\"dateModified\":\"2022-07-25T06:51:41+00:00\",\"author\":{\"@id\":\"https:\\\/\\\/www.labaldufateatre.com\\\/es\\\/#\\\/schema\\\/person\\\/9bdcaa1e41295dbae5634e10328cba17\"},\"breadcrumb\":{\"@id\":\"https:\\\/\\\/www.labaldufateatre.com\\\/es\\\/15-anos-de-festival-esbaiolat\\\/#breadcrumb\"},\"inLanguage\":\"es\",\"potentialAction\":[{\"@type\":\"ReadAction\",\"target\":[\"https:\\\/\\\/www.labaldufateatre.com\\\/es\\\/15-anos-de-festival-esbaiolat\\\/\"]}]},{\"@type\":\"ImageObject\",\"inLanguage\":\"es\",\"@id\":\"https:\\\/\\\/www.labaldufateatre.com\\\/es\\\/15-anos-de-festival-esbaiolat\\\/#primaryimage\",\"url\":\"https:\\\/\\\/www.labaldufateatre.com\\\/es\\\/wp-content\\\/uploads\\\/sites\\\/2\\\/esbaiolat2.jpg\",\"contentUrl\":\"https:\\\/\\\/www.labaldufateatre.com\\\/es\\\/wp-content\\\/uploads\\\/sites\\\/2\\\/esbaiolat2.jpg\",\"width\":1024,\"height\":768},{\"@type\":\"BreadcrumbList\",\"@id\":\"https:\\\/\\\/www.labaldufateatre.com\\\/es\\\/15-anos-de-festival-esbaiolat\\\/#breadcrumb\",\"itemListElement\":[{\"@type\":\"ListItem\",\"position\":1,\"name\":\"Portada\",\"item\":\"https:\\\/\\\/www.labaldufateatre.com\\\/es\\\/\"},{\"@type\":\"ListItem\",\"position\":2,\"name\":\"15 a\u00f1os de Festival Esbaiola't\"}]},{\"@type\":\"WebSite\",\"@id\":\"https:\\\/\\\/www.labaldufateatre.com\\\/es\\\/#website\",\"url\":\"https:\\\/\\\/www.labaldufateatre.com\\\/es\\\/\",\"name\":\"La Baldufa Teatre\",\"description\":\"Companyia de Comediants\",\"potentialAction\":[{\"@type\":\"SearchAction\",\"target\":{\"@type\":\"EntryPoint\",\"urlTemplate\":\"https:\\\/\\\/www.labaldufateatre.com\\\/es\\\/?s={search_term_string}\"},\"query-input\":{\"@type\":\"PropertyValueSpecification\",\"valueRequired\":true,\"valueName\":\"search_term_string\"}}],\"inLanguage\":\"es\"},{\"@type\":\"Person\",\"@id\":\"https:\\\/\\\/www.labaldufateatre.com\\\/es\\\/#\\\/schema\\\/person\\\/9bdcaa1e41295dbae5634e10328cba17\",\"name\":\"La Baldufa Teatre\",\"image\":{\"@type\":\"ImageObject\",\"inLanguage\":\"es\",\"@id\":\"https:\\\/\\\/secure.gravatar.com\\\/avatar\\\/d7d19647aef47cb2f08d837ca03f487a96bab078ac264f4495abfb61b75098c2?s=96&d=mm&r=g\",\"url\":\"https:\\\/\\\/secure.gravatar.com\\\/avatar\\\/d7d19647aef47cb2f08d837ca03f487a96bab078ac264f4495abfb61b75098c2?s=96&d=mm&r=g\",\"contentUrl\":\"https:\\\/\\\/secure.gravatar.com\\\/avatar\\\/d7d19647aef47cb2f08d837ca03f487a96bab078ac264f4495abfb61b75098c2?s=96&d=mm&r=g\",\"caption\":\"La Baldufa Teatre\"}}]}<\/script>\n<!-- \/ Yoast SEO plugin. -->","yoast_head_json":{"title":"15 a\u00f1os de Festival Esbaiola't - La Baldufa Teatre","robots":{"index":"index","follow":"follow","max-snippet":"max-snippet:-1","max-image-preview":"max-image-preview:large","max-video-preview":"max-video-preview:-1"},"canonical":"https:\/\/www.labaldufateatre.com\/es\/15-anos-de-festival-esbaiolat\/","og_locale":"es_ES","og_type":"article","og_title":"15 a\u00f1os de Festival Esbaiola't - La Baldufa Teatre","og_description":"Cerramos la 15\u00aa edici\u00f3n del Festival Esbaiola't todav\u00eda con cansancio y con las emociones a flor de piel, pero con...","og_url":"https:\/\/www.labaldufateatre.com\/es\/15-anos-de-festival-esbaiolat\/","og_site_name":"La Baldufa Teatre","article_publisher":"http:\/\/www.facebook.com\/pages\/Companyia-de-Comediants-La-Baldufa\/94606450908","article_published_time":"2022-07-25T06:50:24+00:00","article_modified_time":"2022-07-25T06:51:41+00:00","og_image":[{"width":1024,"height":768,"url":"https:\/\/www.labaldufateatre.com\/es\/wp-content\/uploads\/sites\/2\/esbaiolat2.jpg","type":"image\/jpeg"}],"author":"La Baldufa Teatre","twitter_card":"summary_large_image","twitter_creator":"@BaldufaTeatre","twitter_site":"@BaldufaTeatre","twitter_misc":{"Escrito por":"La Baldufa Teatre","Tiempo de lectura":"2 minutos"},"schema":{"@context":"https:\/\/schema.org","@graph":[{"@type":"Article","@id":"https:\/\/www.labaldufateatre.com\/es\/15-anos-de-festival-esbaiolat\/#article","isPartOf":{"@id":"https:\/\/www.labaldufateatre.com\/es\/15-anos-de-festival-esbaiolat\/"},"author":{"name":"La Baldufa Teatre","@id":"https:\/\/www.labaldufateatre.com\/es\/#\/schema\/person\/9bdcaa1e41295dbae5634e10328cba17"},"headline":"15 a\u00f1os de Festival Esbaiola't","datePublished":"2022-07-25T06:50:24+00:00","dateModified":"2022-07-25T06:51:41+00:00","mainEntityOfPage":{"@id":"https:\/\/www.labaldufateatre.com\/es\/15-anos-de-festival-esbaiolat\/"},"wordCount":216,"image":{"@id":"https:\/\/www.labaldufateatre.com\/es\/15-anos-de-festival-esbaiolat\/#primaryimage"},"thumbnailUrl":"https:\/\/www.labaldufateatre.com\/es\/wp-content\/uploads\/sites\/2\/esbaiolat2.jpg","articleSection":["Noticias"],"inLanguage":"es"},{"@type":"WebPage","@id":"https:\/\/www.labaldufateatre.com\/es\/15-anos-de-festival-esbaiolat\/","url":"https:\/\/www.labaldufateatre.com\/es\/15-anos-de-festival-esbaiolat\/","name":"15 a\u00f1os de Festival Esbaiola't - La Baldufa Teatre","isPartOf":{"@id":"https:\/\/www.labaldufateatre.com\/es\/#website"},"primaryImageOfPage":{"@id":"https:\/\/www.labaldufateatre.com\/es\/15-anos-de-festival-esbaiolat\/#primaryimage"},"image":{"@id":"https:\/\/www.labaldufateatre.com\/es\/15-anos-de-festival-esbaiolat\/#primaryimage"},"thumbnailUrl":"https:\/\/www.labaldufateatre.com\/es\/wp-content\/uploads\/sites\/2\/esbaiolat2.jpg","datePublished":"2022-07-25T06:50:24+00:00","dateModified":"2022-07-25T06:51:41+00:00","author":{"@id":"https:\/\/www.labaldufateatre.com\/es\/#\/schema\/person\/9bdcaa1e41295dbae5634e10328cba17"},"breadcrumb":{"@id":"https:\/\/www.labaldufateatre.com\/es\/15-anos-de-festival-esbaiolat\/#breadcrumb"},"inLanguage":"es","potentialAction":[{"@type":"ReadAction","target":["https:\/\/www.labaldufateatre.com\/es\/15-anos-de-festival-esbaiolat\/"]}]},{"@type":"ImageObject","inLanguage":"es","@id":"https:\/\/www.labaldufateatre.com\/es\/15-anos-de-festival-esbaiolat\/#primaryimage","url":"https:\/\/www.labaldufateatre.com\/es\/wp-content\/uploads\/sites\/2\/esbaiolat2.jpg","contentUrl":"https:\/\/www.labaldufateatre.com\/es\/wp-content\/uploads\/sites\/2\/esbaiolat2.jpg","width":1024,"height":768},{"@type":"BreadcrumbList","@id":"https:\/\/www.labaldufateatre.com\/es\/15-anos-de-festival-esbaiolat\/#breadcrumb","itemListElement":[{"@type":"ListItem","position":1,"name":"Portada","item":"https:\/\/www.labaldufateatre.com\/es\/"},{"@type":"ListItem","position":2,"name":"15 a\u00f1os de Festival Esbaiola't"}]},{"@type":"WebSite","@id":"https:\/\/www.labaldufateatre.com\/es\/#website","url":"https:\/\/www.labaldufateatre.com\/es\/","name":"La Baldufa Teatre","description":"Companyia de Comediants","potentialAction":[{"@type":"SearchAction","target":{"@type":"EntryPoint","urlTemplate":"https:\/\/www.labaldufateatre.com\/es\/?s={search_term_string}"},"query-input":{"@type":"PropertyValueSpecification","valueRequired":true,"valueName":"search_term_string"}}],"inLanguage":"es"},{"@type":"Person","@id":"https:\/\/www.labaldufateatre.com\/es\/#\/schema\/person\/9bdcaa1e41295dbae5634e10328cba17","name":"La Baldufa Teatre","image":{"@type":"ImageObject","inLanguage":"es","@id":"https:\/\/secure.gravatar.com\/avatar\/d7d19647aef47cb2f08d837ca03f487a96bab078ac264f4495abfb61b75098c2?s=96&d=mm&r=g","url":"https:\/\/secure.gravatar.com\/avatar\/d7d19647aef47cb2f08d837ca03f487a96bab078ac264f4495abfb61b75098c2?s=96&d=mm&r=g","contentUrl":"https:\/\/secure.gravatar.com\/avatar\/d7d19647aef47cb2f08d837ca03f487a96bab078ac264f4495abfb61b75098c2?s=96&d=mm&r=g","caption":"La Baldufa Teatre"}}]}},"_links":{"self":[{"href":"https:\/\/www.labaldufateatre.com\/es\/wp-json\/wp\/v2\/posts\/1339","targetHints":{"allow":["GET"]}}],"collection":[{"href":"https:\/\/www.labaldufateatre.com\/es\/wp-json\/wp\/v2\/posts"}],"about":[{"href":"https:\/\/www.labaldufateatre.com\/es\/wp-json\/wp\/v2\/types\/post"}],"author":[{"embeddable":true,"href":"https:\/\/www.labaldufateatre.com\/es\/wp-json\/wp\/v2\/users\/2"}],"replies":[{"embeddable":true,"href":"https:\/\/www.labaldufateatre.com\/es\/wp-json\/wp\/v2\/comments?post=1339"}],"version-history":[{"count":2,"href":"https:\/\/www.labaldufateatre.com\/es\/wp-json\/wp\/v2\/posts\/1339\/revisions"}],"predecessor-version":[{"id":1343,"href":"https:\/\/www.labaldufateatre.com\/es\/wp-json\/wp\/v2\/posts\/1339\/revisions\/1343"}],"wp:featuredmedia":[{"embeddable":true,"href":"https:\/\/www.labaldufateatre.com\/es\/wp-json\/wp\/v2\/media\/1341"}],"wp:attachment":[{"href":"https:\/\/www.labaldufateatre.com\/es\/wp-json\/wp\/v2\/media?parent=1339"}],"wp:term":[{"taxonomy":"category","embeddable":true,"href":"https:\/\/www.labaldufateatre.com\/es\/wp-json\/wp\/v2\/categories?post=1339"},{"taxonomy":"post_tag","embeddable":true,"href":"https:\/\/www.labaldufateatre.com\/es\/wp-json\/wp\/v2\/tags?post=1339"}],"curies":[{"name":"wp","href":"https:\/\/api.w.org\/{rel}","templated":true}]}}