{"id":134,"date":"2013-01-17T00:00:00","date_gmt":"2013-01-16T23:00:00","guid":{"rendered":"https:\/\/www.labaldufateatre.com\/el-guillem-tell-a-lleida\/"},"modified":"2019-02-08T19:23:58","modified_gmt":"2019-02-08T18:23:58","slug":"el-guillem-tell-a-lleida","status":"publish","type":"post","link":"https:\/\/www.labaldufateatre.com\/es\/el-guillem-tell-a-lleida\/","title":{"rendered":"\u00a1Guillermo Tell en Lleida!"},"content":{"rendered":"<p>Domingo, d\u00eda 20 de enero, a las 18h, <strong>Guillermo Tell<\/strong>, espect\u00e1culo producido por el <strong>Gran Teatre del Liceu<\/strong>, estar\u00e1 en <strong>Lleida<\/strong>, en el Teatre de La Llotja.<br \/>\nOs esperamos!<\/p>\n","protected":false},"excerpt":{"rendered":"<p>Domingo, d\u00eda 20 de enero, a las 18h, Guillermo Tell, espect\u00e1culo producido por el Gran Teatre del Liceu, estar\u00e1 en...<\/p>\n","protected":false},"author":1,"featured_media":135,"comment_status":"closed","ping_status":"open","sticky":false,"template":"","format":"standard","meta":{"_acf_changed":false,"inline_featured_image":false,"footnotes":""},"categories":[1],"tags":[],"class_list":["post-134","post","type-post","status-publish","format-standard","has-post-thumbnail","hentry","category-noticias"],"acf":[],"yoast_head":"<!-- This site is optimized with the Yoast SEO plugin v27.4 - https:\/\/yoast.com\/product\/yoast-seo-wordpress\/ -->\n<title>\u00a1Guillermo Tell en Lleida! - La Baldufa Teatre<\/title>\n<meta name=\"robots\" content=\"index, follow, max-snippet:-1, max-image-preview:large, max-video-preview:-1\" \/>\n<link rel=\"canonical\" href=\"https:\/\/www.labaldufateatre.com\/es\/el-guillem-tell-a-lleida\/\" \/>\n<meta property=\"og:locale\" content=\"es_ES\" \/>\n<meta property=\"og:type\" content=\"article\" \/>\n<meta property=\"og:title\" content=\"\u00a1Guillermo Tell en Lleida! - La Baldufa Teatre\" \/>\n<meta property=\"og:description\" content=\"Domingo, d\u00eda 20 de enero, a las 18h, Guillermo Tell, espect\u00e1culo producido por el Gran Teatre del Liceu, estar\u00e1 en...\" \/>\n<meta property=\"og:url\" content=\"https:\/\/www.labaldufateatre.com\/es\/el-guillem-tell-a-lleida\/\" \/>\n<meta property=\"og:site_name\" content=\"La Baldufa Teatre\" \/>\n<meta property=\"article:publisher\" content=\"http:\/\/www.facebook.com\/pages\/Companyia-de-Comediants-La-Baldufa\/94606450908\" \/>\n<meta property=\"article:published_time\" content=\"2013-01-16T23:00:00+00:00\" \/>\n<meta property=\"article:modified_time\" content=\"2019-02-08T18:23:58+00:00\" \/>\n<meta property=\"og:image\" content=\"https:\/\/www.labaldufateatre.com\/es\/wp-content\/uploads\/sites\/2\/4236-0107-\u00a9-A-Bofill2-286x147.jpg\" \/>\n\t<meta property=\"og:image:width\" content=\"286\" \/>\n\t<meta property=\"og:image:height\" content=\"147\" \/>\n\t<meta property=\"og:image:type\" content=\"image\/jpeg\" \/>\n<meta name=\"author\" content=\"calzbert\" \/>\n<meta name=\"twitter:card\" content=\"summary_large_image\" \/>\n<meta name=\"twitter:creator\" content=\"@BaldufaTeatre\" \/>\n<meta name=\"twitter:site\" content=\"@BaldufaTeatre\" \/>\n<meta name=\"twitter:label1\" content=\"Escrito por\" \/>\n\t<meta name=\"twitter:data1\" content=\"calzbert\" \/>\n<script type=\"application\/ld+json\" class=\"yoast-schema-graph\">{\"@context\":\"https:\\\/\\\/schema.org\",\"@graph\":[{\"@type\":\"Article\",\"@id\":\"https:\\\/\\\/www.labaldufateatre.com\\\/es\\\/el-guillem-tell-a-lleida\\\/#article\",\"isPartOf\":{\"@id\":\"https:\\\/\\\/www.labaldufateatre.com\\\/es\\\/el-guillem-tell-a-lleida\\\/\"},\"author\":{\"name\":\"calzbert\",\"@id\":\"https:\\\/\\\/www.labaldufateatre.com\\\/es\\\/#\\\/schema\\\/person\\\/f2f99ab48040e39e27bf2d85573f9082\"},\"headline\":\"\u00a1Guillermo Tell en Lleida!\",\"datePublished\":\"2013-01-16T23:00:00+00:00\",\"dateModified\":\"2019-02-08T18:23:58+00:00\",\"mainEntityOfPage\":{\"@id\":\"https:\\\/\\\/www.labaldufateatre.com\\\/es\\\/el-guillem-tell-a-lleida\\\/\"},\"wordCount\":34,\"image\":{\"@id\":\"https:\\\/\\\/www.labaldufateatre.com\\\/es\\\/el-guillem-tell-a-lleida\\\/#primaryimage\"},\"thumbnailUrl\":\"https:\\\/\\\/www.labaldufateatre.com\\\/es\\\/wp-content\\\/uploads\\\/sites\\\/2\\\/4236-0107-\u00a9-A-Bofill2-286x147.jpg\",\"articleSection\":[\"Noticias\"],\"inLanguage\":\"es\"},{\"@type\":\"WebPage\",\"@id\":\"https:\\\/\\\/www.labaldufateatre.com\\\/es\\\/el-guillem-tell-a-lleida\\\/\",\"url\":\"https:\\\/\\\/www.labaldufateatre.com\\\/es\\\/el-guillem-tell-a-lleida\\\/\",\"name\":\"\u00a1Guillermo Tell en Lleida! - La Baldufa Teatre\",\"isPartOf\":{\"@id\":\"https:\\\/\\\/www.labaldufateatre.com\\\/es\\\/#website\"},\"primaryImageOfPage\":{\"@id\":\"https:\\\/\\\/www.labaldufateatre.com\\\/es\\\/el-guillem-tell-a-lleida\\\/#primaryimage\"},\"image\":{\"@id\":\"https:\\\/\\\/www.labaldufateatre.com\\\/es\\\/el-guillem-tell-a-lleida\\\/#primaryimage\"},\"thumbnailUrl\":\"https:\\\/\\\/www.labaldufateatre.com\\\/es\\\/wp-content\\\/uploads\\\/sites\\\/2\\\/4236-0107-\u00a9-A-Bofill2-286x147.jpg\",\"datePublished\":\"2013-01-16T23:00:00+00:00\",\"dateModified\":\"2019-02-08T18:23:58+00:00\",\"author\":{\"@id\":\"https:\\\/\\\/www.labaldufateatre.com\\\/es\\\/#\\\/schema\\\/person\\\/f2f99ab48040e39e27bf2d85573f9082\"},\"breadcrumb\":{\"@id\":\"https:\\\/\\\/www.labaldufateatre.com\\\/es\\\/el-guillem-tell-a-lleida\\\/#breadcrumb\"},\"inLanguage\":\"es\",\"potentialAction\":[{\"@type\":\"ReadAction\",\"target\":[\"https:\\\/\\\/www.labaldufateatre.com\\\/es\\\/el-guillem-tell-a-lleida\\\/\"]}]},{\"@type\":\"ImageObject\",\"inLanguage\":\"es\",\"@id\":\"https:\\\/\\\/www.labaldufateatre.com\\\/es\\\/el-guillem-tell-a-lleida\\\/#primaryimage\",\"url\":\"https:\\\/\\\/www.labaldufateatre.com\\\/es\\\/wp-content\\\/uploads\\\/sites\\\/2\\\/4236-0107-\u00a9-A-Bofill2-286x147.jpg\",\"contentUrl\":\"https:\\\/\\\/www.labaldufateatre.com\\\/es\\\/wp-content\\\/uploads\\\/sites\\\/2\\\/4236-0107-\u00a9-A-Bofill2-286x147.jpg\",\"width\":286,\"height\":147},{\"@type\":\"BreadcrumbList\",\"@id\":\"https:\\\/\\\/www.labaldufateatre.com\\\/es\\\/el-guillem-tell-a-lleida\\\/#breadcrumb\",\"itemListElement\":[{\"@type\":\"ListItem\",\"position\":1,\"name\":\"Portada\",\"item\":\"https:\\\/\\\/www.labaldufateatre.com\\\/es\\\/\"},{\"@type\":\"ListItem\",\"position\":2,\"name\":\"\u00a1Guillermo Tell en Lleida!\"}]},{\"@type\":\"WebSite\",\"@id\":\"https:\\\/\\\/www.labaldufateatre.com\\\/es\\\/#website\",\"url\":\"https:\\\/\\\/www.labaldufateatre.com\\\/es\\\/\",\"name\":\"La Baldufa Teatre\",\"description\":\"Companyia de Comediants\",\"potentialAction\":[{\"@type\":\"SearchAction\",\"target\":{\"@type\":\"EntryPoint\",\"urlTemplate\":\"https:\\\/\\\/www.labaldufateatre.com\\\/es\\\/?s={search_term_string}\"},\"query-input\":{\"@type\":\"PropertyValueSpecification\",\"valueRequired\":true,\"valueName\":\"search_term_string\"}}],\"inLanguage\":\"es\"},{\"@type\":\"Person\",\"@id\":\"https:\\\/\\\/www.labaldufateatre.com\\\/es\\\/#\\\/schema\\\/person\\\/f2f99ab48040e39e27bf2d85573f9082\",\"name\":\"calzbert\",\"image\":{\"@type\":\"ImageObject\",\"inLanguage\":\"es\",\"@id\":\"https:\\\/\\\/secure.gravatar.com\\\/avatar\\\/c1261138a5e7882394bd9001104fe7078a2d860997555a5353af4ef7bd38f6db?s=96&d=mm&r=g\",\"url\":\"https:\\\/\\\/secure.gravatar.com\\\/avatar\\\/c1261138a5e7882394bd9001104fe7078a2d860997555a5353af4ef7bd38f6db?s=96&d=mm&r=g\",\"contentUrl\":\"https:\\\/\\\/secure.gravatar.com\\\/avatar\\\/c1261138a5e7882394bd9001104fe7078a2d860997555a5353af4ef7bd38f6db?s=96&d=mm&r=g\",\"caption\":\"calzbert\"}}]}<\/script>\n<!-- \/ Yoast SEO plugin. -->","yoast_head_json":{"title":"\u00a1Guillermo Tell en Lleida! - La Baldufa Teatre","robots":{"index":"index","follow":"follow","max-snippet":"max-snippet:-1","max-image-preview":"max-image-preview:large","max-video-preview":"max-video-preview:-1"},"canonical":"https:\/\/www.labaldufateatre.com\/es\/el-guillem-tell-a-lleida\/","og_locale":"es_ES","og_type":"article","og_title":"\u00a1Guillermo Tell en Lleida! - La Baldufa Teatre","og_description":"Domingo, d\u00eda 20 de enero, a las 18h, Guillermo Tell, espect\u00e1culo producido por el Gran Teatre del Liceu, estar\u00e1 en...","og_url":"https:\/\/www.labaldufateatre.com\/es\/el-guillem-tell-a-lleida\/","og_site_name":"La Baldufa Teatre","article_publisher":"http:\/\/www.facebook.com\/pages\/Companyia-de-Comediants-La-Baldufa\/94606450908","article_published_time":"2013-01-16T23:00:00+00:00","article_modified_time":"2019-02-08T18:23:58+00:00","og_image":[{"width":286,"height":147,"url":"https:\/\/www.labaldufateatre.com\/es\/wp-content\/uploads\/sites\/2\/4236-0107-\u00a9-A-Bofill2-286x147.jpg","type":"image\/jpeg"}],"author":"calzbert","twitter_card":"summary_large_image","twitter_creator":"@BaldufaTeatre","twitter_site":"@BaldufaTeatre","twitter_misc":{"Escrito por":"calzbert"},"schema":{"@context":"https:\/\/schema.org","@graph":[{"@type":"Article","@id":"https:\/\/www.labaldufateatre.com\/es\/el-guillem-tell-a-lleida\/#article","isPartOf":{"@id":"https:\/\/www.labaldufateatre.com\/es\/el-guillem-tell-a-lleida\/"},"author":{"name":"calzbert","@id":"https:\/\/www.labaldufateatre.com\/es\/#\/schema\/person\/f2f99ab48040e39e27bf2d85573f9082"},"headline":"\u00a1Guillermo Tell en Lleida!","datePublished":"2013-01-16T23:00:00+00:00","dateModified":"2019-02-08T18:23:58+00:00","mainEntityOfPage":{"@id":"https:\/\/www.labaldufateatre.com\/es\/el-guillem-tell-a-lleida\/"},"wordCount":34,"image":{"@id":"https:\/\/www.labaldufateatre.com\/es\/el-guillem-tell-a-lleida\/#primaryimage"},"thumbnailUrl":"https:\/\/www.labaldufateatre.com\/es\/wp-content\/uploads\/sites\/2\/4236-0107-\u00a9-A-Bofill2-286x147.jpg","articleSection":["Noticias"],"inLanguage":"es"},{"@type":"WebPage","@id":"https:\/\/www.labaldufateatre.com\/es\/el-guillem-tell-a-lleida\/","url":"https:\/\/www.labaldufateatre.com\/es\/el-guillem-tell-a-lleida\/","name":"\u00a1Guillermo Tell en Lleida! - La Baldufa Teatre","isPartOf":{"@id":"https:\/\/www.labaldufateatre.com\/es\/#website"},"primaryImageOfPage":{"@id":"https:\/\/www.labaldufateatre.com\/es\/el-guillem-tell-a-lleida\/#primaryimage"},"image":{"@id":"https:\/\/www.labaldufateatre.com\/es\/el-guillem-tell-a-lleida\/#primaryimage"},"thumbnailUrl":"https:\/\/www.labaldufateatre.com\/es\/wp-content\/uploads\/sites\/2\/4236-0107-\u00a9-A-Bofill2-286x147.jpg","datePublished":"2013-01-16T23:00:00+00:00","dateModified":"2019-02-08T18:23:58+00:00","author":{"@id":"https:\/\/www.labaldufateatre.com\/es\/#\/schema\/person\/f2f99ab48040e39e27bf2d85573f9082"},"breadcrumb":{"@id":"https:\/\/www.labaldufateatre.com\/es\/el-guillem-tell-a-lleida\/#breadcrumb"},"inLanguage":"es","potentialAction":[{"@type":"ReadAction","target":["https:\/\/www.labaldufateatre.com\/es\/el-guillem-tell-a-lleida\/"]}]},{"@type":"ImageObject","inLanguage":"es","@id":"https:\/\/www.labaldufateatre.com\/es\/el-guillem-tell-a-lleida\/#primaryimage","url":"https:\/\/www.labaldufateatre.com\/es\/wp-content\/uploads\/sites\/2\/4236-0107-\u00a9-A-Bofill2-286x147.jpg","contentUrl":"https:\/\/www.labaldufateatre.com\/es\/wp-content\/uploads\/sites\/2\/4236-0107-\u00a9-A-Bofill2-286x147.jpg","width":286,"height":147},{"@type":"BreadcrumbList","@id":"https:\/\/www.labaldufateatre.com\/es\/el-guillem-tell-a-lleida\/#breadcrumb","itemListElement":[{"@type":"ListItem","position":1,"name":"Portada","item":"https:\/\/www.labaldufateatre.com\/es\/"},{"@type":"ListItem","position":2,"name":"\u00a1Guillermo Tell en Lleida!"}]},{"@type":"WebSite","@id":"https:\/\/www.labaldufateatre.com\/es\/#website","url":"https:\/\/www.labaldufateatre.com\/es\/","name":"La Baldufa Teatre","description":"Companyia de Comediants","potentialAction":[{"@type":"SearchAction","target":{"@type":"EntryPoint","urlTemplate":"https:\/\/www.labaldufateatre.com\/es\/?s={search_term_string}"},"query-input":{"@type":"PropertyValueSpecification","valueRequired":true,"valueName":"search_term_string"}}],"inLanguage":"es"},{"@type":"Person","@id":"https:\/\/www.labaldufateatre.com\/es\/#\/schema\/person\/f2f99ab48040e39e27bf2d85573f9082","name":"calzbert","image":{"@type":"ImageObject","inLanguage":"es","@id":"https:\/\/secure.gravatar.com\/avatar\/c1261138a5e7882394bd9001104fe7078a2d860997555a5353af4ef7bd38f6db?s=96&d=mm&r=g","url":"https:\/\/secure.gravatar.com\/avatar\/c1261138a5e7882394bd9001104fe7078a2d860997555a5353af4ef7bd38f6db?s=96&d=mm&r=g","contentUrl":"https:\/\/secure.gravatar.com\/avatar\/c1261138a5e7882394bd9001104fe7078a2d860997555a5353af4ef7bd38f6db?s=96&d=mm&r=g","caption":"calzbert"}}]}},"_links":{"self":[{"href":"https:\/\/www.labaldufateatre.com\/es\/wp-json\/wp\/v2\/posts\/134","targetHints":{"allow":["GET"]}}],"collection":[{"href":"https:\/\/www.labaldufateatre.com\/es\/wp-json\/wp\/v2\/posts"}],"about":[{"href":"https:\/\/www.labaldufateatre.com\/es\/wp-json\/wp\/v2\/types\/post"}],"author":[{"embeddable":true,"href":"https:\/\/www.labaldufateatre.com\/es\/wp-json\/wp\/v2\/users\/1"}],"replies":[{"embeddable":true,"href":"https:\/\/www.labaldufateatre.com\/es\/wp-json\/wp\/v2\/comments?post=134"}],"version-history":[{"count":2,"href":"https:\/\/www.labaldufateatre.com\/es\/wp-json\/wp\/v2\/posts\/134\/revisions"}],"predecessor-version":[{"id":882,"href":"https:\/\/www.labaldufateatre.com\/es\/wp-json\/wp\/v2\/posts\/134\/revisions\/882"}],"wp:featuredmedia":[{"embeddable":true,"href":"https:\/\/www.labaldufateatre.com\/es\/wp-json\/wp\/v2\/media\/135"}],"wp:attachment":[{"href":"https:\/\/www.labaldufateatre.com\/es\/wp-json\/wp\/v2\/media?parent=134"}],"wp:term":[{"taxonomy":"category","embeddable":true,"href":"https:\/\/www.labaldufateatre.com\/es\/wp-json\/wp\/v2\/categories?post=134"},{"taxonomy":"post_tag","embeddable":true,"href":"https:\/\/www.labaldufateatre.com\/es\/wp-json\/wp\/v2\/tags?post=134"}],"curies":[{"name":"wp","href":"https:\/\/api.w.org\/{rel}","templated":true}]}}