{"id":1459,"date":"2023-05-27T10:10:09","date_gmt":"2023-05-27T08:10:09","guid":{"rendered":"https:\/\/www.labaldufateatre.com\/es\/?p=1459"},"modified":"2025-03-14T12:45:28","modified_gmt":"2025-03-14T11:45:28","slug":"2-a-edicion-del-enre9-el-festival-de-artes-en-vivo-de-la-zona9","status":"publish","type":"post","link":"https:\/\/www.labaldufateatre.com\/es\/2-a-edicion-del-enre9-el-festival-de-artes-en-vivo-de-la-zona9\/","title":{"rendered":"2.\u00aa edici\u00f3n del Enre9 el festival de Artes en Vivo de la Zona9"},"content":{"rendered":"<p>Cerramos la 2.\u00aa edici\u00f3n del <strong><a href=\"https:\/\/www.labaldufateatre.com\/es\/festival-enre9\/\">Enre9<\/a>, el festival de Artes Vivo de la Zona 9<\/strong> (La Mariola, Tur\u00f3 de Gardeny y Blocs Joan Carles). M\u00e1s de 6.000 personas han pasado del 18 al 21 de mayo por las plazas y calles de la Zona9 para disfrutar de la cultura y las artes esc\u00e9nicas. El festival ha acogido m\u00e1s de <strong>50 propuestas<\/strong>, entre <strong>espect\u00e1culos profesionales, espect\u00e1culos comunitarios e inclusivos, espect\u00e1culos de car\u00e1cter popular, y juegos y talleres.<\/strong><\/p>\n<p>El festival nace del trabajo hecho por las diferentes <strong>redes comunitarias de la Zona 9.<\/strong> Se trata de un <strong>proyecto cultural y social para el barrio<\/strong>, sin \u00e1nimo de lucro, con amplia dimensi\u00f3n comunitaria y en el que est\u00e1 firmemente implicado el tejido asociativo y vecinal de la zona. <strong>La voluntad del festival es doble<\/strong>. Por un lado, fomentar la cultura como herramienta de cambio y transformaci\u00f3n social, dinamizando la zona 09 y su gente, y profundizando en las conexiones que ya se forjaron en la primera edici\u00f3n entre las diferentes entidades que forman parte. El Enre9, por otro lado, quiere ir m\u00e1s all\u00e1 de la Zona9, invitando el resto de ciudad a que disfruten de las variadas propuestas art\u00edsticas y descubran la gente de este barrio y su energ\u00eda.<\/p>\n<p><img loading=\"lazy\" decoding=\"async\" class=\"size-medium wp-image-1783 alignleft\" src=\"https:\/\/www.labaldufateatre.com\/wp-content\/uploads\/img-9540-300x225.jpg\" alt=\"\" width=\"300\" height=\"225\" \/><\/p>\n<p>Las entidades y colectivos implicados en su organizaci\u00f3n, calificamos la edici\u00f3n de <strong>\u00e9xito total y nos reafirman en la idea que se trata de una iniciativa realmente transformadora por la zona,<\/strong> que rompe estigmas y cohesiona socialmente los barrios de la Zona9 con el resto de la ciudad. Destacamos tambi\u00e9n que el festival se ha consolidado y remarcamos la gran afluencia de p\u00fablico, tanto de la Zona9, como del resto de la ciudad, superando con creces la edici\u00f3n anterior.<\/p>\n<p>C\u00f3mo en la edici\u00f3n anterior, en festival ha contado con la colaboraci\u00f3n de la <strong>Red Solidaria de Lleida<\/strong> que ha coordinado los <strong>70 voluntarios y voluntarias que han colaborado en todas las tareas del festival<\/strong>. Como novedad, en esta edici\u00f3n ha habido un <strong>equipo de accesibilidad y de mediaci\u00f3n comunicativa<\/strong> para garantizar el acceso y la participaci\u00f3n en la comunidad sorda y sordociega antes, durando y despu\u00e9s del festival, a cargo del CFGS de Mediaci\u00f3n Comunicativa del Instituto Ronda. Tambi\u00e9n ha habido la <strong>figura del mediador\/a intercultural<\/strong>, para hacer el espacio accesible y pr\u00f3ximo a todas las comunidades y colectivos de la zona 9.<\/p>\n<p>Por otro lado, hay que remarcar tambi\u00e9n que esta edici\u00f3n de la\u00a0Enre9\u00a0ha profundizado al buscar la <strong>complicidad de comercios y establecimientos de la zona<\/strong>, para continuar fomentando la participaci\u00f3n de la comunidad al festival. Estos establecimientos colaboradores han ofrecido descuentos y promociones durante el festival y han repartido chapas a todo el mundo que se ha acercado.<\/p>\n<p><img loading=\"lazy\" decoding=\"async\" class=\"size-medium wp-image-1784 alignleft\" src=\"https:\/\/www.labaldufateatre.com\/wp-content\/uploads\/img-9854-300x225.jpg\" alt=\"\" width=\"300\" height=\"225\" \/>L'Enre9 ha sido impulsado por La Descomunal, junto con el Ajuntament de Lleida, la Comissi\u00f3 de Cultura del Consell de la Zona 09 y la Associaci\u00f3 La Nou. Como en la pasada edici\u00f3n, ha sido coordinado por la Companyia de Comediants La Baldufa y ha contado con el soporte de entidades varias: Diputaci\u00f3 de Lleida, Institut d'Estudis Ilerdencs, \u00d2mnium Cultural Ponent, Pla Educatiu d'Entorn Lleida, Institut Municipal d'Ocupaci\u00f3, Pacto de Estado y Ministerio de Igualdad. Promueven en el marco de la Comunalitat Urbana - La Descomunal, la Direcci\u00f3 General de Economia Social, el Tercer Sector i les Cooperatives del Departament d'Empresa i Treball de la Generalitat de Catalunya. El Festival tampoco habria sido posible sin la colaboraci\u00f3n de las diferentes entidades y instituciones que apoyan La Descomunal y el Enre9.<\/p>\n","protected":false},"excerpt":{"rendered":"<p>Cerramos la 2.\u00aa edici\u00f3n del Enre9, el festival de Artes Vivo de la Zona 9 (La Mariola, Tur\u00f3 de Gardeny...<\/p>\n","protected":false},"author":2,"featured_media":1462,"comment_status":"closed","ping_status":"closed","sticky":false,"template":"","format":"standard","meta":{"_acf_changed":false,"inline_featured_image":false,"footnotes":""},"categories":[1],"tags":[],"class_list":["post-1459","post","type-post","status-publish","format-standard","has-post-thumbnail","hentry","category-noticias"],"acf":[],"yoast_head":"<!-- This site is optimized with the Yoast SEO plugin v27.5 - https:\/\/yoast.com\/product\/yoast-seo-wordpress\/ -->\n<title>2.\u00aa edici\u00f3n del Enre9 el festival de Artes en Vivo de la Zona9 - La Baldufa Teatre<\/title>\n<meta name=\"description\" content=\"Cerramos la 2\u00aa edici\u00f3n del Enre9, el festival de Artes en Vivo de la Zona 9, el Barrio de la Mariola de Lleida.\" \/>\n<meta name=\"robots\" content=\"index, follow, max-snippet:-1, max-image-preview:large, max-video-preview:-1\" \/>\n<link rel=\"canonical\" href=\"https:\/\/www.labaldufateatre.com\/es\/2-a-edicion-del-enre9-el-festival-de-artes-en-vivo-de-la-zona9\/\" \/>\n<meta property=\"og:locale\" content=\"es_ES\" \/>\n<meta property=\"og:type\" content=\"article\" \/>\n<meta property=\"og:title\" content=\"2.\u00aa edici\u00f3n del Enre9 el festival de Artes en Vivo de la Zona9 - La Baldufa Teatre\" \/>\n<meta property=\"og:description\" content=\"Cerramos la 2\u00aa edici\u00f3n del Enre9, el festival de Artes en Vivo de la Zona 9, el Barrio de la Mariola de Lleida.\" \/>\n<meta property=\"og:url\" content=\"https:\/\/www.labaldufateatre.com\/es\/2-a-edicion-del-enre9-el-festival-de-artes-en-vivo-de-la-zona9\/\" \/>\n<meta property=\"og:site_name\" content=\"La Baldufa Teatre\" \/>\n<meta property=\"article:publisher\" content=\"http:\/\/www.facebook.com\/pages\/Companyia-de-Comediants-La-Baldufa\/94606450908\" \/>\n<meta property=\"article:published_time\" content=\"2023-05-27T08:10:09+00:00\" \/>\n<meta property=\"article:modified_time\" content=\"2025-03-14T11:45:28+00:00\" \/>\n<meta property=\"og:image\" content=\"https:\/\/www.labaldufateatre.com\/es\/wp-content\/uploads\/sites\/2\/mg-8481-scaled.jpg\" \/>\n\t<meta property=\"og:image:width\" content=\"2560\" \/>\n\t<meta property=\"og:image:height\" content=\"1440\" \/>\n\t<meta property=\"og:image:type\" content=\"image\/jpeg\" \/>\n<meta name=\"author\" content=\"La Baldufa Teatre\" \/>\n<meta name=\"twitter:card\" content=\"summary_large_image\" \/>\n<meta name=\"twitter:creator\" content=\"@BaldufaTeatre\" \/>\n<meta name=\"twitter:site\" content=\"@BaldufaTeatre\" \/>\n<meta name=\"twitter:label1\" content=\"Escrito por\" \/>\n\t<meta name=\"twitter:data1\" content=\"La Baldufa Teatre\" \/>\n\t<meta name=\"twitter:label2\" content=\"Tiempo de lectura\" \/>\n\t<meta name=\"twitter:data2\" content=\"4 minutos\" \/>\n<script type=\"application\/ld+json\" class=\"yoast-schema-graph\">{\"@context\":\"https:\\\/\\\/schema.org\",\"@graph\":[{\"@type\":\"Article\",\"@id\":\"https:\\\/\\\/www.labaldufateatre.com\\\/es\\\/2-a-edicion-del-enre9-el-festival-de-artes-en-vivo-de-la-zona9\\\/#article\",\"isPartOf\":{\"@id\":\"https:\\\/\\\/www.labaldufateatre.com\\\/es\\\/2-a-edicion-del-enre9-el-festival-de-artes-en-vivo-de-la-zona9\\\/\"},\"author\":{\"name\":\"La Baldufa Teatre\",\"@id\":\"https:\\\/\\\/www.labaldufateatre.com\\\/es\\\/#\\\/schema\\\/person\\\/9bdcaa1e41295dbae5634e10328cba17\"},\"headline\":\"2.\u00aa edici\u00f3n del Enre9 el festival de Artes en Vivo de la Zona9\",\"datePublished\":\"2023-05-27T08:10:09+00:00\",\"dateModified\":\"2025-03-14T11:45:28+00:00\",\"mainEntityOfPage\":{\"@id\":\"https:\\\/\\\/www.labaldufateatre.com\\\/es\\\/2-a-edicion-del-enre9-el-festival-de-artes-en-vivo-de-la-zona9\\\/\"},\"wordCount\":620,\"image\":{\"@id\":\"https:\\\/\\\/www.labaldufateatre.com\\\/es\\\/2-a-edicion-del-enre9-el-festival-de-artes-en-vivo-de-la-zona9\\\/#primaryimage\"},\"thumbnailUrl\":\"https:\\\/\\\/www.labaldufateatre.com\\\/es\\\/wp-content\\\/uploads\\\/sites\\\/2\\\/mg-8481-scaled.jpg\",\"articleSection\":[\"Noticias\"],\"inLanguage\":\"es\"},{\"@type\":\"WebPage\",\"@id\":\"https:\\\/\\\/www.labaldufateatre.com\\\/es\\\/2-a-edicion-del-enre9-el-festival-de-artes-en-vivo-de-la-zona9\\\/\",\"url\":\"https:\\\/\\\/www.labaldufateatre.com\\\/es\\\/2-a-edicion-del-enre9-el-festival-de-artes-en-vivo-de-la-zona9\\\/\",\"name\":\"2.\u00aa edici\u00f3n del Enre9 el festival de Artes en Vivo de la Zona9 - La Baldufa Teatre\",\"isPartOf\":{\"@id\":\"https:\\\/\\\/www.labaldufateatre.com\\\/es\\\/#website\"},\"primaryImageOfPage\":{\"@id\":\"https:\\\/\\\/www.labaldufateatre.com\\\/es\\\/2-a-edicion-del-enre9-el-festival-de-artes-en-vivo-de-la-zona9\\\/#primaryimage\"},\"image\":{\"@id\":\"https:\\\/\\\/www.labaldufateatre.com\\\/es\\\/2-a-edicion-del-enre9-el-festival-de-artes-en-vivo-de-la-zona9\\\/#primaryimage\"},\"thumbnailUrl\":\"https:\\\/\\\/www.labaldufateatre.com\\\/es\\\/wp-content\\\/uploads\\\/sites\\\/2\\\/mg-8481-scaled.jpg\",\"datePublished\":\"2023-05-27T08:10:09+00:00\",\"dateModified\":\"2025-03-14T11:45:28+00:00\",\"author\":{\"@id\":\"https:\\\/\\\/www.labaldufateatre.com\\\/es\\\/#\\\/schema\\\/person\\\/9bdcaa1e41295dbae5634e10328cba17\"},\"description\":\"Cerramos la 2\u00aa edici\u00f3n del Enre9, el festival de Artes en Vivo de la Zona 9, el Barrio de la Mariola de Lleida.\",\"breadcrumb\":{\"@id\":\"https:\\\/\\\/www.labaldufateatre.com\\\/es\\\/2-a-edicion-del-enre9-el-festival-de-artes-en-vivo-de-la-zona9\\\/#breadcrumb\"},\"inLanguage\":\"es\",\"potentialAction\":[{\"@type\":\"ReadAction\",\"target\":[\"https:\\\/\\\/www.labaldufateatre.com\\\/es\\\/2-a-edicion-del-enre9-el-festival-de-artes-en-vivo-de-la-zona9\\\/\"]}]},{\"@type\":\"ImageObject\",\"inLanguage\":\"es\",\"@id\":\"https:\\\/\\\/www.labaldufateatre.com\\\/es\\\/2-a-edicion-del-enre9-el-festival-de-artes-en-vivo-de-la-zona9\\\/#primaryimage\",\"url\":\"https:\\\/\\\/www.labaldufateatre.com\\\/es\\\/wp-content\\\/uploads\\\/sites\\\/2\\\/mg-8481-scaled.jpg\",\"contentUrl\":\"https:\\\/\\\/www.labaldufateatre.com\\\/es\\\/wp-content\\\/uploads\\\/sites\\\/2\\\/mg-8481-scaled.jpg\",\"width\":1860,\"height\":1046,\"caption\":\"Fotograf\u00eda del equipo en la 2\u00aa edici\u00f3n del Festival Enre9\"},{\"@type\":\"BreadcrumbList\",\"@id\":\"https:\\\/\\\/www.labaldufateatre.com\\\/es\\\/2-a-edicion-del-enre9-el-festival-de-artes-en-vivo-de-la-zona9\\\/#breadcrumb\",\"itemListElement\":[{\"@type\":\"ListItem\",\"position\":1,\"name\":\"Portada\",\"item\":\"https:\\\/\\\/www.labaldufateatre.com\\\/es\\\/\"},{\"@type\":\"ListItem\",\"position\":2,\"name\":\"2.\u00aa edici\u00f3n del Enre9 el festival de Artes en Vivo de la Zona9\"}]},{\"@type\":\"WebSite\",\"@id\":\"https:\\\/\\\/www.labaldufateatre.com\\\/es\\\/#website\",\"url\":\"https:\\\/\\\/www.labaldufateatre.com\\\/es\\\/\",\"name\":\"La Baldufa Teatre\",\"description\":\"Companyia de Comediants\",\"potentialAction\":[{\"@type\":\"SearchAction\",\"target\":{\"@type\":\"EntryPoint\",\"urlTemplate\":\"https:\\\/\\\/www.labaldufateatre.com\\\/es\\\/?s={search_term_string}\"},\"query-input\":{\"@type\":\"PropertyValueSpecification\",\"valueRequired\":true,\"valueName\":\"search_term_string\"}}],\"inLanguage\":\"es\"},{\"@type\":\"Person\",\"@id\":\"https:\\\/\\\/www.labaldufateatre.com\\\/es\\\/#\\\/schema\\\/person\\\/9bdcaa1e41295dbae5634e10328cba17\",\"name\":\"La Baldufa Teatre\",\"image\":{\"@type\":\"ImageObject\",\"inLanguage\":\"es\",\"@id\":\"https:\\\/\\\/secure.gravatar.com\\\/avatar\\\/d7d19647aef47cb2f08d837ca03f487a96bab078ac264f4495abfb61b75098c2?s=96&d=mm&r=g\",\"url\":\"https:\\\/\\\/secure.gravatar.com\\\/avatar\\\/d7d19647aef47cb2f08d837ca03f487a96bab078ac264f4495abfb61b75098c2?s=96&d=mm&r=g\",\"contentUrl\":\"https:\\\/\\\/secure.gravatar.com\\\/avatar\\\/d7d19647aef47cb2f08d837ca03f487a96bab078ac264f4495abfb61b75098c2?s=96&d=mm&r=g\",\"caption\":\"La Baldufa Teatre\"}}]}<\/script>\n<!-- \/ Yoast SEO plugin. -->","yoast_head_json":{"title":"2.\u00aa edici\u00f3n del Enre9 el festival de Artes en Vivo de la Zona9 - La Baldufa Teatre","description":"Cerramos la 2\u00aa edici\u00f3n del Enre9, el festival de Artes en Vivo de la Zona 9, el Barrio de la Mariola de Lleida.","robots":{"index":"index","follow":"follow","max-snippet":"max-snippet:-1","max-image-preview":"max-image-preview:large","max-video-preview":"max-video-preview:-1"},"canonical":"https:\/\/www.labaldufateatre.com\/es\/2-a-edicion-del-enre9-el-festival-de-artes-en-vivo-de-la-zona9\/","og_locale":"es_ES","og_type":"article","og_title":"2.\u00aa edici\u00f3n del Enre9 el festival de Artes en Vivo de la Zona9 - La Baldufa Teatre","og_description":"Cerramos la 2\u00aa edici\u00f3n del Enre9, el festival de Artes en Vivo de la Zona 9, el Barrio de la Mariola de Lleida.","og_url":"https:\/\/www.labaldufateatre.com\/es\/2-a-edicion-del-enre9-el-festival-de-artes-en-vivo-de-la-zona9\/","og_site_name":"La Baldufa Teatre","article_publisher":"http:\/\/www.facebook.com\/pages\/Companyia-de-Comediants-La-Baldufa\/94606450908","article_published_time":"2023-05-27T08:10:09+00:00","article_modified_time":"2025-03-14T11:45:28+00:00","og_image":[{"width":2560,"height":1440,"url":"https:\/\/www.labaldufateatre.com\/es\/wp-content\/uploads\/sites\/2\/mg-8481-scaled.jpg","type":"image\/jpeg"}],"author":"La Baldufa Teatre","twitter_card":"summary_large_image","twitter_creator":"@BaldufaTeatre","twitter_site":"@BaldufaTeatre","twitter_misc":{"Escrito por":"La Baldufa Teatre","Tiempo de lectura":"4 minutos"},"schema":{"@context":"https:\/\/schema.org","@graph":[{"@type":"Article","@id":"https:\/\/www.labaldufateatre.com\/es\/2-a-edicion-del-enre9-el-festival-de-artes-en-vivo-de-la-zona9\/#article","isPartOf":{"@id":"https:\/\/www.labaldufateatre.com\/es\/2-a-edicion-del-enre9-el-festival-de-artes-en-vivo-de-la-zona9\/"},"author":{"name":"La Baldufa Teatre","@id":"https:\/\/www.labaldufateatre.com\/es\/#\/schema\/person\/9bdcaa1e41295dbae5634e10328cba17"},"headline":"2.\u00aa edici\u00f3n del Enre9 el festival de Artes en Vivo de la Zona9","datePublished":"2023-05-27T08:10:09+00:00","dateModified":"2025-03-14T11:45:28+00:00","mainEntityOfPage":{"@id":"https:\/\/www.labaldufateatre.com\/es\/2-a-edicion-del-enre9-el-festival-de-artes-en-vivo-de-la-zona9\/"},"wordCount":620,"image":{"@id":"https:\/\/www.labaldufateatre.com\/es\/2-a-edicion-del-enre9-el-festival-de-artes-en-vivo-de-la-zona9\/#primaryimage"},"thumbnailUrl":"https:\/\/www.labaldufateatre.com\/es\/wp-content\/uploads\/sites\/2\/mg-8481-scaled.jpg","articleSection":["Noticias"],"inLanguage":"es"},{"@type":"WebPage","@id":"https:\/\/www.labaldufateatre.com\/es\/2-a-edicion-del-enre9-el-festival-de-artes-en-vivo-de-la-zona9\/","url":"https:\/\/www.labaldufateatre.com\/es\/2-a-edicion-del-enre9-el-festival-de-artes-en-vivo-de-la-zona9\/","name":"2.\u00aa edici\u00f3n del Enre9 el festival de Artes en Vivo de la Zona9 - La Baldufa Teatre","isPartOf":{"@id":"https:\/\/www.labaldufateatre.com\/es\/#website"},"primaryImageOfPage":{"@id":"https:\/\/www.labaldufateatre.com\/es\/2-a-edicion-del-enre9-el-festival-de-artes-en-vivo-de-la-zona9\/#primaryimage"},"image":{"@id":"https:\/\/www.labaldufateatre.com\/es\/2-a-edicion-del-enre9-el-festival-de-artes-en-vivo-de-la-zona9\/#primaryimage"},"thumbnailUrl":"https:\/\/www.labaldufateatre.com\/es\/wp-content\/uploads\/sites\/2\/mg-8481-scaled.jpg","datePublished":"2023-05-27T08:10:09+00:00","dateModified":"2025-03-14T11:45:28+00:00","author":{"@id":"https:\/\/www.labaldufateatre.com\/es\/#\/schema\/person\/9bdcaa1e41295dbae5634e10328cba17"},"description":"Cerramos la 2\u00aa edici\u00f3n del Enre9, el festival de Artes en Vivo de la Zona 9, el Barrio de la Mariola de Lleida.","breadcrumb":{"@id":"https:\/\/www.labaldufateatre.com\/es\/2-a-edicion-del-enre9-el-festival-de-artes-en-vivo-de-la-zona9\/#breadcrumb"},"inLanguage":"es","potentialAction":[{"@type":"ReadAction","target":["https:\/\/www.labaldufateatre.com\/es\/2-a-edicion-del-enre9-el-festival-de-artes-en-vivo-de-la-zona9\/"]}]},{"@type":"ImageObject","inLanguage":"es","@id":"https:\/\/www.labaldufateatre.com\/es\/2-a-edicion-del-enre9-el-festival-de-artes-en-vivo-de-la-zona9\/#primaryimage","url":"https:\/\/www.labaldufateatre.com\/es\/wp-content\/uploads\/sites\/2\/mg-8481-scaled.jpg","contentUrl":"https:\/\/www.labaldufateatre.com\/es\/wp-content\/uploads\/sites\/2\/mg-8481-scaled.jpg","width":1860,"height":1046,"caption":"Fotograf\u00eda del equipo en la 2\u00aa edici\u00f3n del Festival Enre9"},{"@type":"BreadcrumbList","@id":"https:\/\/www.labaldufateatre.com\/es\/2-a-edicion-del-enre9-el-festival-de-artes-en-vivo-de-la-zona9\/#breadcrumb","itemListElement":[{"@type":"ListItem","position":1,"name":"Portada","item":"https:\/\/www.labaldufateatre.com\/es\/"},{"@type":"ListItem","position":2,"name":"2.\u00aa edici\u00f3n del Enre9 el festival de Artes en Vivo de la Zona9"}]},{"@type":"WebSite","@id":"https:\/\/www.labaldufateatre.com\/es\/#website","url":"https:\/\/www.labaldufateatre.com\/es\/","name":"La Baldufa Teatre","description":"Companyia de Comediants","potentialAction":[{"@type":"SearchAction","target":{"@type":"EntryPoint","urlTemplate":"https:\/\/www.labaldufateatre.com\/es\/?s={search_term_string}"},"query-input":{"@type":"PropertyValueSpecification","valueRequired":true,"valueName":"search_term_string"}}],"inLanguage":"es"},{"@type":"Person","@id":"https:\/\/www.labaldufateatre.com\/es\/#\/schema\/person\/9bdcaa1e41295dbae5634e10328cba17","name":"La Baldufa Teatre","image":{"@type":"ImageObject","inLanguage":"es","@id":"https:\/\/secure.gravatar.com\/avatar\/d7d19647aef47cb2f08d837ca03f487a96bab078ac264f4495abfb61b75098c2?s=96&d=mm&r=g","url":"https:\/\/secure.gravatar.com\/avatar\/d7d19647aef47cb2f08d837ca03f487a96bab078ac264f4495abfb61b75098c2?s=96&d=mm&r=g","contentUrl":"https:\/\/secure.gravatar.com\/avatar\/d7d19647aef47cb2f08d837ca03f487a96bab078ac264f4495abfb61b75098c2?s=96&d=mm&r=g","caption":"La Baldufa Teatre"}}]}},"_links":{"self":[{"href":"https:\/\/www.labaldufateatre.com\/es\/wp-json\/wp\/v2\/posts\/1459","targetHints":{"allow":["GET"]}}],"collection":[{"href":"https:\/\/www.labaldufateatre.com\/es\/wp-json\/wp\/v2\/posts"}],"about":[{"href":"https:\/\/www.labaldufateatre.com\/es\/wp-json\/wp\/v2\/types\/post"}],"author":[{"embeddable":true,"href":"https:\/\/www.labaldufateatre.com\/es\/wp-json\/wp\/v2\/users\/2"}],"replies":[{"embeddable":true,"href":"https:\/\/www.labaldufateatre.com\/es\/wp-json\/wp\/v2\/comments?post=1459"}],"version-history":[{"count":3,"href":"https:\/\/www.labaldufateatre.com\/es\/wp-json\/wp\/v2\/posts\/1459\/revisions"}],"predecessor-version":[{"id":1698,"href":"https:\/\/www.labaldufateatre.com\/es\/wp-json\/wp\/v2\/posts\/1459\/revisions\/1698"}],"wp:featuredmedia":[{"embeddable":true,"href":"https:\/\/www.labaldufateatre.com\/es\/wp-json\/wp\/v2\/media\/1462"}],"wp:attachment":[{"href":"https:\/\/www.labaldufateatre.com\/es\/wp-json\/wp\/v2\/media?parent=1459"}],"wp:term":[{"taxonomy":"category","embeddable":true,"href":"https:\/\/www.labaldufateatre.com\/es\/wp-json\/wp\/v2\/categories?post=1459"},{"taxonomy":"post_tag","embeddable":true,"href":"https:\/\/www.labaldufateatre.com\/es\/wp-json\/wp\/v2\/tags?post=1459"}],"curies":[{"name":"wp","href":"https:\/\/api.w.org\/{rel}","templated":true}]}}