{"id":1493,"date":"2023-09-15T10:24:43","date_gmt":"2023-09-15T08:24:43","guid":{"rendered":"https:\/\/www.labaldufateatre.com\/es\/?p=1493"},"modified":"2025-03-14T09:25:57","modified_gmt":"2025-03-14T08:25:57","slug":"amal-continua-de-gira-despues-de-los-festivales","status":"publish","type":"post","link":"https:\/\/www.labaldufateatre.com\/es\/amal-continua-de-gira-despues-de-los-festivales\/","title":{"rendered":"Amal contin\u00faa de gira despu\u00e9s de los festivales."},"content":{"rendered":"<p>Volvemos de\u00a0FiraT\u00e0rrega\u00a0con muy buenas sensaciones despu\u00e9s de haber podido presentar\u00a0<a href=\"https:\/\/www.labaldufateatre.com\/es\/espectacles\/amal\/\">Amal<\/a>, nuestro \u00faltimo espect\u00e1culo, con el d\u00fao\u00a0Laiaiona.<\/p>\n<p>Despu\u00e9s de su estreno al Festival\u00a0Esbaiola\u2019t, en julio,\u00a0Amal\u00a0se ha podido ver este \u00faltimo fin de semana a la 43.\u00aa edici\u00f3n de\u00a0FiraT\u00e0rrega. Una edici\u00f3n que ha contado con 350 artistas, 46 espect\u00e1culos y 17 espacios de exhibici\u00f3n. Han sido unos d\u00edas de mucha intensidad y muchas emociones, pero nos ha encantado poder presentar\u00a0Amal\u00a0en este marco tan excepcional.<\/p>\n<p>Queremos agradecer a todo el equipo de la feria, que a\u00f1o tras a\u00f1o trabaja sin descanso para que el p\u00fablico y las compa\u00f1\u00edas nos sintamos tan bien acogidos y el evento sea un \u00e9xito. Amal ha formado parte del Programa Apoyo a la Creaci\u00f3n de la feria y no nos podr\u00edan haber tratado mejor. La acogida, el acompa\u00f1amiento y el apoyo que nos han dado durante todo el proceso creativo han sido excelentes. El espect\u00e1culo, por otro lado, ha contado con el apoyo de IntercettAzioni - Centro di Residenza Artistica della Lombardia\/Circuito CLAPS. Tambi\u00e9n les estamos profundamente agradecidos por creer en nuestro proyecto y ayudarnos a hacerlo realidad.<\/p>\n<p>Y como no, gracias tambi\u00e9n a todo el p\u00fablico que se ha acercado a ver el espect\u00e1culo y nos ha acompa\u00f1ado estos d\u00edas en que Amal ha empezado a andar. \u00a1Esperamos que llegue bien lejos!<\/p>\n<p>Por ahora, la pr\u00f3xima parada de Amal ser\u00e0 en Lleida, el s\u00e1bado 23 de septiembre, en la Fiesta de inicio de LaTemporada... y bien pronto podremos ir desvelando nuevas fechas!<\/p>\n","protected":false},"excerpt":{"rendered":"<p>Volvemos de\u00a0FiraT\u00e0rrega\u00a0con muy buenas sensaciones despu\u00e9s de haber podido presentar\u00a0Amal, nuestro \u00faltimo espect\u00e1culo, con el d\u00fao\u00a0Laiaiona. Despu\u00e9s de su estreno...<\/p>\n","protected":false},"author":2,"featured_media":1494,"comment_status":"closed","ping_status":"closed","sticky":false,"template":"","format":"standard","meta":{"_acf_changed":false,"inline_featured_image":false,"footnotes":""},"categories":[1],"tags":[],"class_list":["post-1493","post","type-post","status-publish","format-standard","has-post-thumbnail","hentry","category-noticias"],"acf":[],"yoast_head":"<!-- This site is optimized with the Yoast SEO plugin v27.4 - https:\/\/yoast.com\/product\/yoast-seo-wordpress\/ -->\n<title>Amal contin\u00faa de gira despu\u00e9s de los festivales. - La Baldufa Teatre<\/title>\n<meta name=\"description\" content=\"Amal contin\u00faa de gira despu\u00e9s de los festivales. El duo Laiaiona\" \/>\n<meta name=\"robots\" content=\"index, follow, max-snippet:-1, max-image-preview:large, max-video-preview:-1\" \/>\n<link rel=\"canonical\" href=\"https:\/\/www.labaldufateatre.com\/es\/amal-continua-de-gira-despues-de-los-festivales\/\" \/>\n<meta property=\"og:locale\" content=\"es_ES\" \/>\n<meta property=\"og:type\" content=\"article\" \/>\n<meta property=\"og:title\" content=\"Amal contin\u00faa de gira despu\u00e9s de los festivales. - La Baldufa Teatre\" \/>\n<meta property=\"og:description\" content=\"Amal contin\u00faa de gira despu\u00e9s de los festivales. El duo Laiaiona\" \/>\n<meta property=\"og:url\" content=\"https:\/\/www.labaldufateatre.com\/es\/amal-continua-de-gira-despues-de-los-festivales\/\" \/>\n<meta property=\"og:site_name\" content=\"La Baldufa Teatre\" \/>\n<meta property=\"article:publisher\" content=\"http:\/\/www.facebook.com\/pages\/Companyia-de-Comediants-La-Baldufa\/94606450908\" \/>\n<meta property=\"article:published_time\" content=\"2023-09-15T08:24:43+00:00\" \/>\n<meta property=\"article:modified_time\" content=\"2025-03-14T08:25:57+00:00\" \/>\n<meta property=\"og:image\" content=\"https:\/\/www.labaldufateatre.com\/es\/wp-content\/uploads\/sites\/2\/a19464a4-e09a-43e4-8021-c57157f09c8d.jpg\" \/>\n\t<meta property=\"og:image:width\" content=\"1024\" \/>\n\t<meta property=\"og:image:height\" content=\"640\" \/>\n\t<meta property=\"og:image:type\" content=\"image\/jpeg\" \/>\n<meta name=\"author\" content=\"La Baldufa Teatre\" \/>\n<meta name=\"twitter:card\" content=\"summary_large_image\" \/>\n<meta name=\"twitter:creator\" content=\"@BaldufaTeatre\" \/>\n<meta name=\"twitter:site\" content=\"@BaldufaTeatre\" \/>\n<meta name=\"twitter:label1\" content=\"Escrito por\" \/>\n\t<meta name=\"twitter:data1\" content=\"La Baldufa Teatre\" \/>\n\t<meta name=\"twitter:label2\" content=\"Tiempo de lectura\" \/>\n\t<meta name=\"twitter:data2\" content=\"2 minutos\" \/>\n<script type=\"application\/ld+json\" class=\"yoast-schema-graph\">{\"@context\":\"https:\\\/\\\/schema.org\",\"@graph\":[{\"@type\":\"Article\",\"@id\":\"https:\\\/\\\/www.labaldufateatre.com\\\/es\\\/amal-continua-de-gira-despues-de-los-festivales\\\/#article\",\"isPartOf\":{\"@id\":\"https:\\\/\\\/www.labaldufateatre.com\\\/es\\\/amal-continua-de-gira-despues-de-los-festivales\\\/\"},\"author\":{\"name\":\"La Baldufa Teatre\",\"@id\":\"https:\\\/\\\/www.labaldufateatre.com\\\/es\\\/#\\\/schema\\\/person\\\/9bdcaa1e41295dbae5634e10328cba17\"},\"headline\":\"Amal contin\u00faa de gira despu\u00e9s de los festivales.\",\"datePublished\":\"2023-09-15T08:24:43+00:00\",\"dateModified\":\"2025-03-14T08:25:57+00:00\",\"mainEntityOfPage\":{\"@id\":\"https:\\\/\\\/www.labaldufateatre.com\\\/es\\\/amal-continua-de-gira-despues-de-los-festivales\\\/\"},\"wordCount\":289,\"image\":{\"@id\":\"https:\\\/\\\/www.labaldufateatre.com\\\/es\\\/amal-continua-de-gira-despues-de-los-festivales\\\/#primaryimage\"},\"thumbnailUrl\":\"https:\\\/\\\/www.labaldufateatre.com\\\/es\\\/wp-content\\\/uploads\\\/sites\\\/2\\\/a19464a4-e09a-43e4-8021-c57157f09c8d.jpg\",\"articleSection\":[\"Noticias\"],\"inLanguage\":\"es\"},{\"@type\":\"WebPage\",\"@id\":\"https:\\\/\\\/www.labaldufateatre.com\\\/es\\\/amal-continua-de-gira-despues-de-los-festivales\\\/\",\"url\":\"https:\\\/\\\/www.labaldufateatre.com\\\/es\\\/amal-continua-de-gira-despues-de-los-festivales\\\/\",\"name\":\"Amal contin\u00faa de gira despu\u00e9s de los festivales. - La Baldufa Teatre\",\"isPartOf\":{\"@id\":\"https:\\\/\\\/www.labaldufateatre.com\\\/es\\\/#website\"},\"primaryImageOfPage\":{\"@id\":\"https:\\\/\\\/www.labaldufateatre.com\\\/es\\\/amal-continua-de-gira-despues-de-los-festivales\\\/#primaryimage\"},\"image\":{\"@id\":\"https:\\\/\\\/www.labaldufateatre.com\\\/es\\\/amal-continua-de-gira-despues-de-los-festivales\\\/#primaryimage\"},\"thumbnailUrl\":\"https:\\\/\\\/www.labaldufateatre.com\\\/es\\\/wp-content\\\/uploads\\\/sites\\\/2\\\/a19464a4-e09a-43e4-8021-c57157f09c8d.jpg\",\"datePublished\":\"2023-09-15T08:24:43+00:00\",\"dateModified\":\"2025-03-14T08:25:57+00:00\",\"author\":{\"@id\":\"https:\\\/\\\/www.labaldufateatre.com\\\/es\\\/#\\\/schema\\\/person\\\/9bdcaa1e41295dbae5634e10328cba17\"},\"description\":\"Amal contin\u00faa de gira despu\u00e9s de los festivales. El duo Laiaiona\",\"breadcrumb\":{\"@id\":\"https:\\\/\\\/www.labaldufateatre.com\\\/es\\\/amal-continua-de-gira-despues-de-los-festivales\\\/#breadcrumb\"},\"inLanguage\":\"es\",\"potentialAction\":[{\"@type\":\"ReadAction\",\"target\":[\"https:\\\/\\\/www.labaldufateatre.com\\\/es\\\/amal-continua-de-gira-despues-de-los-festivales\\\/\"]}]},{\"@type\":\"ImageObject\",\"inLanguage\":\"es\",\"@id\":\"https:\\\/\\\/www.labaldufateatre.com\\\/es\\\/amal-continua-de-gira-despues-de-los-festivales\\\/#primaryimage\",\"url\":\"https:\\\/\\\/www.labaldufateatre.com\\\/es\\\/wp-content\\\/uploads\\\/sites\\\/2\\\/a19464a4-e09a-43e4-8021-c57157f09c8d.jpg\",\"contentUrl\":\"https:\\\/\\\/www.labaldufateatre.com\\\/es\\\/wp-content\\\/uploads\\\/sites\\\/2\\\/a19464a4-e09a-43e4-8021-c57157f09c8d.jpg\",\"width\":1024,\"height\":640,\"caption\":\"Amal contin\u00faa de gira despu\u00e9s de los festivales.\"},{\"@type\":\"BreadcrumbList\",\"@id\":\"https:\\\/\\\/www.labaldufateatre.com\\\/es\\\/amal-continua-de-gira-despues-de-los-festivales\\\/#breadcrumb\",\"itemListElement\":[{\"@type\":\"ListItem\",\"position\":1,\"name\":\"Portada\",\"item\":\"https:\\\/\\\/www.labaldufateatre.com\\\/es\\\/\"},{\"@type\":\"ListItem\",\"position\":2,\"name\":\"Amal contin\u00faa de gira despu\u00e9s de los festivales.\"}]},{\"@type\":\"WebSite\",\"@id\":\"https:\\\/\\\/www.labaldufateatre.com\\\/es\\\/#website\",\"url\":\"https:\\\/\\\/www.labaldufateatre.com\\\/es\\\/\",\"name\":\"La Baldufa Teatre\",\"description\":\"Companyia de Comediants\",\"potentialAction\":[{\"@type\":\"SearchAction\",\"target\":{\"@type\":\"EntryPoint\",\"urlTemplate\":\"https:\\\/\\\/www.labaldufateatre.com\\\/es\\\/?s={search_term_string}\"},\"query-input\":{\"@type\":\"PropertyValueSpecification\",\"valueRequired\":true,\"valueName\":\"search_term_string\"}}],\"inLanguage\":\"es\"},{\"@type\":\"Person\",\"@id\":\"https:\\\/\\\/www.labaldufateatre.com\\\/es\\\/#\\\/schema\\\/person\\\/9bdcaa1e41295dbae5634e10328cba17\",\"name\":\"La Baldufa Teatre\",\"image\":{\"@type\":\"ImageObject\",\"inLanguage\":\"es\",\"@id\":\"https:\\\/\\\/secure.gravatar.com\\\/avatar\\\/d7d19647aef47cb2f08d837ca03f487a96bab078ac264f4495abfb61b75098c2?s=96&d=mm&r=g\",\"url\":\"https:\\\/\\\/secure.gravatar.com\\\/avatar\\\/d7d19647aef47cb2f08d837ca03f487a96bab078ac264f4495abfb61b75098c2?s=96&d=mm&r=g\",\"contentUrl\":\"https:\\\/\\\/secure.gravatar.com\\\/avatar\\\/d7d19647aef47cb2f08d837ca03f487a96bab078ac264f4495abfb61b75098c2?s=96&d=mm&r=g\",\"caption\":\"La Baldufa Teatre\"}}]}<\/script>\n<!-- \/ Yoast SEO plugin. -->","yoast_head_json":{"title":"Amal contin\u00faa de gira despu\u00e9s de los festivales. - La Baldufa Teatre","description":"Amal contin\u00faa de gira despu\u00e9s de los festivales. El duo Laiaiona","robots":{"index":"index","follow":"follow","max-snippet":"max-snippet:-1","max-image-preview":"max-image-preview:large","max-video-preview":"max-video-preview:-1"},"canonical":"https:\/\/www.labaldufateatre.com\/es\/amal-continua-de-gira-despues-de-los-festivales\/","og_locale":"es_ES","og_type":"article","og_title":"Amal contin\u00faa de gira despu\u00e9s de los festivales. - La Baldufa Teatre","og_description":"Amal contin\u00faa de gira despu\u00e9s de los festivales. El duo Laiaiona","og_url":"https:\/\/www.labaldufateatre.com\/es\/amal-continua-de-gira-despues-de-los-festivales\/","og_site_name":"La Baldufa Teatre","article_publisher":"http:\/\/www.facebook.com\/pages\/Companyia-de-Comediants-La-Baldufa\/94606450908","article_published_time":"2023-09-15T08:24:43+00:00","article_modified_time":"2025-03-14T08:25:57+00:00","og_image":[{"width":1024,"height":640,"url":"https:\/\/www.labaldufateatre.com\/es\/wp-content\/uploads\/sites\/2\/a19464a4-e09a-43e4-8021-c57157f09c8d.jpg","type":"image\/jpeg"}],"author":"La Baldufa Teatre","twitter_card":"summary_large_image","twitter_creator":"@BaldufaTeatre","twitter_site":"@BaldufaTeatre","twitter_misc":{"Escrito por":"La Baldufa Teatre","Tiempo de lectura":"2 minutos"},"schema":{"@context":"https:\/\/schema.org","@graph":[{"@type":"Article","@id":"https:\/\/www.labaldufateatre.com\/es\/amal-continua-de-gira-despues-de-los-festivales\/#article","isPartOf":{"@id":"https:\/\/www.labaldufateatre.com\/es\/amal-continua-de-gira-despues-de-los-festivales\/"},"author":{"name":"La Baldufa Teatre","@id":"https:\/\/www.labaldufateatre.com\/es\/#\/schema\/person\/9bdcaa1e41295dbae5634e10328cba17"},"headline":"Amal contin\u00faa de gira despu\u00e9s de los festivales.","datePublished":"2023-09-15T08:24:43+00:00","dateModified":"2025-03-14T08:25:57+00:00","mainEntityOfPage":{"@id":"https:\/\/www.labaldufateatre.com\/es\/amal-continua-de-gira-despues-de-los-festivales\/"},"wordCount":289,"image":{"@id":"https:\/\/www.labaldufateatre.com\/es\/amal-continua-de-gira-despues-de-los-festivales\/#primaryimage"},"thumbnailUrl":"https:\/\/www.labaldufateatre.com\/es\/wp-content\/uploads\/sites\/2\/a19464a4-e09a-43e4-8021-c57157f09c8d.jpg","articleSection":["Noticias"],"inLanguage":"es"},{"@type":"WebPage","@id":"https:\/\/www.labaldufateatre.com\/es\/amal-continua-de-gira-despues-de-los-festivales\/","url":"https:\/\/www.labaldufateatre.com\/es\/amal-continua-de-gira-despues-de-los-festivales\/","name":"Amal contin\u00faa de gira despu\u00e9s de los festivales. - La Baldufa Teatre","isPartOf":{"@id":"https:\/\/www.labaldufateatre.com\/es\/#website"},"primaryImageOfPage":{"@id":"https:\/\/www.labaldufateatre.com\/es\/amal-continua-de-gira-despues-de-los-festivales\/#primaryimage"},"image":{"@id":"https:\/\/www.labaldufateatre.com\/es\/amal-continua-de-gira-despues-de-los-festivales\/#primaryimage"},"thumbnailUrl":"https:\/\/www.labaldufateatre.com\/es\/wp-content\/uploads\/sites\/2\/a19464a4-e09a-43e4-8021-c57157f09c8d.jpg","datePublished":"2023-09-15T08:24:43+00:00","dateModified":"2025-03-14T08:25:57+00:00","author":{"@id":"https:\/\/www.labaldufateatre.com\/es\/#\/schema\/person\/9bdcaa1e41295dbae5634e10328cba17"},"description":"Amal contin\u00faa de gira despu\u00e9s de los festivales. El duo Laiaiona","breadcrumb":{"@id":"https:\/\/www.labaldufateatre.com\/es\/amal-continua-de-gira-despues-de-los-festivales\/#breadcrumb"},"inLanguage":"es","potentialAction":[{"@type":"ReadAction","target":["https:\/\/www.labaldufateatre.com\/es\/amal-continua-de-gira-despues-de-los-festivales\/"]}]},{"@type":"ImageObject","inLanguage":"es","@id":"https:\/\/www.labaldufateatre.com\/es\/amal-continua-de-gira-despues-de-los-festivales\/#primaryimage","url":"https:\/\/www.labaldufateatre.com\/es\/wp-content\/uploads\/sites\/2\/a19464a4-e09a-43e4-8021-c57157f09c8d.jpg","contentUrl":"https:\/\/www.labaldufateatre.com\/es\/wp-content\/uploads\/sites\/2\/a19464a4-e09a-43e4-8021-c57157f09c8d.jpg","width":1024,"height":640,"caption":"Amal contin\u00faa de gira despu\u00e9s de los festivales."},{"@type":"BreadcrumbList","@id":"https:\/\/www.labaldufateatre.com\/es\/amal-continua-de-gira-despues-de-los-festivales\/#breadcrumb","itemListElement":[{"@type":"ListItem","position":1,"name":"Portada","item":"https:\/\/www.labaldufateatre.com\/es\/"},{"@type":"ListItem","position":2,"name":"Amal contin\u00faa de gira despu\u00e9s de los festivales."}]},{"@type":"WebSite","@id":"https:\/\/www.labaldufateatre.com\/es\/#website","url":"https:\/\/www.labaldufateatre.com\/es\/","name":"La Baldufa Teatre","description":"Companyia de Comediants","potentialAction":[{"@type":"SearchAction","target":{"@type":"EntryPoint","urlTemplate":"https:\/\/www.labaldufateatre.com\/es\/?s={search_term_string}"},"query-input":{"@type":"PropertyValueSpecification","valueRequired":true,"valueName":"search_term_string"}}],"inLanguage":"es"},{"@type":"Person","@id":"https:\/\/www.labaldufateatre.com\/es\/#\/schema\/person\/9bdcaa1e41295dbae5634e10328cba17","name":"La Baldufa Teatre","image":{"@type":"ImageObject","inLanguage":"es","@id":"https:\/\/secure.gravatar.com\/avatar\/d7d19647aef47cb2f08d837ca03f487a96bab078ac264f4495abfb61b75098c2?s=96&d=mm&r=g","url":"https:\/\/secure.gravatar.com\/avatar\/d7d19647aef47cb2f08d837ca03f487a96bab078ac264f4495abfb61b75098c2?s=96&d=mm&r=g","contentUrl":"https:\/\/secure.gravatar.com\/avatar\/d7d19647aef47cb2f08d837ca03f487a96bab078ac264f4495abfb61b75098c2?s=96&d=mm&r=g","caption":"La Baldufa Teatre"}}]}},"_links":{"self":[{"href":"https:\/\/www.labaldufateatre.com\/es\/wp-json\/wp\/v2\/posts\/1493","targetHints":{"allow":["GET"]}}],"collection":[{"href":"https:\/\/www.labaldufateatre.com\/es\/wp-json\/wp\/v2\/posts"}],"about":[{"href":"https:\/\/www.labaldufateatre.com\/es\/wp-json\/wp\/v2\/types\/post"}],"author":[{"embeddable":true,"href":"https:\/\/www.labaldufateatre.com\/es\/wp-json\/wp\/v2\/users\/2"}],"replies":[{"embeddable":true,"href":"https:\/\/www.labaldufateatre.com\/es\/wp-json\/wp\/v2\/comments?post=1493"}],"version-history":[{"count":3,"href":"https:\/\/www.labaldufateatre.com\/es\/wp-json\/wp\/v2\/posts\/1493\/revisions"}],"predecessor-version":[{"id":1692,"href":"https:\/\/www.labaldufateatre.com\/es\/wp-json\/wp\/v2\/posts\/1493\/revisions\/1692"}],"wp:featuredmedia":[{"embeddable":true,"href":"https:\/\/www.labaldufateatre.com\/es\/wp-json\/wp\/v2\/media\/1494"}],"wp:attachment":[{"href":"https:\/\/www.labaldufateatre.com\/es\/wp-json\/wp\/v2\/media?parent=1493"}],"wp:term":[{"taxonomy":"category","embeddable":true,"href":"https:\/\/www.labaldufateatre.com\/es\/wp-json\/wp\/v2\/categories?post=1493"},{"taxonomy":"post_tag","embeddable":true,"href":"https:\/\/www.labaldufateatre.com\/es\/wp-json\/wp\/v2\/tags?post=1493"}],"curies":[{"name":"wp","href":"https:\/\/api.w.org\/{rel}","templated":true}]}}