{"id":1715,"date":"2025-06-04T09:26:20","date_gmt":"2025-06-04T07:26:20","guid":{"rendered":"https:\/\/www.labaldufateatre.com\/es\/?p=1715"},"modified":"2025-06-04T12:29:06","modified_gmt":"2025-06-04T10:29:06","slug":"despues-del-enre9-2025-hacemos-pausa-balance-y-seguimos-creando","status":"publish","type":"post","link":"https:\/\/www.labaldufateatre.com\/es\/despues-del-enre9-2025-hacemos-pausa-balance-y-seguimos-creando\/","title":{"rendered":"Despu\u00e9s del Enre9 2025..hacemos pausa, balance y seguimos creando!"},"content":{"rendered":"<p><strong>Despu\u00e9s, Enre9 hacemos pausa y seguimos.<\/strong><\/p>\n<p>Esta semana, \u00a1por fin empezamos a ver caras m\u00e1s descansadas en la oficina!<br \/>\nDespu\u00e9s del torbellino f\u00edsico y emocional que ha supuesto el Enre9 2025, hacemos una pausa para respirar y digerir todo lo que hemos vivido.<\/p>\n<p>Esta ha sido la 4\u00aa edici\u00f3n del Festival Enre9, celebrada del 14 al 18 de mayo en las calles y plazas de la Zona 9 de Lleida. Un a\u00f1o m\u00e1s, el barrio se ha llenado de vida con una mezcla de espect\u00e1culos profesionales, populares, interculturales y comunitarios, con el objetivo de implicar a toda la comunidad y romper estigmas.<\/p>\n<p>Organizar este festival es una experiencia preciosa pero tambi\u00e9n muy intensa. A menudo tenemos esa sensaci\u00f3n extra\u00f1a de no saber del todo si lo estamos haciendo bien.<\/p>\n<p>Cada edici\u00f3n nos deja momentos de todo tipo: alegr\u00edas, dolores de cabeza y muchas historias y an\u00e9cdotas por recordar.<br \/>\nComo aquel vecino que nos ped\u00eda, con cara de pocos amigos, que no pusi\u00e9ramos m\u00e1s juegos bajo su ventana porque no pod\u00eda dormir la siesta.<br \/>\nY, minutos despu\u00e9s, cuatro mujeres del barrio, con sus hijas, nos ped\u00edan que volvi\u00e9ramos el pr\u00f3ximo a\u00f1o, porque las ni\u00f1as se despertaban cada d\u00eda emocionadas por vivir el Enre9.<\/p>\n<p>Un verdadero torbellino de emociones.<\/p>\n<p><img loading=\"lazy\" decoding=\"async\" class=\"alignnone size-medium wp-image-1720\" src=\"https:\/\/www.labaldufateatre.com\/es\/wp-content\/uploads\/sites\/2\/mg-0935-300x199.jpg\" alt=\"\" width=\"300\" height=\"199\" srcset=\"https:\/\/www.labaldufateatre.com\/es\/wp-content\/uploads\/sites\/2\/mg-0935-300x199.jpg 300w, https:\/\/www.labaldufateatre.com\/es\/wp-content\/uploads\/sites\/2\/mg-0935-1024x680.jpg 1024w, https:\/\/www.labaldufateatre.com\/es\/wp-content\/uploads\/sites\/2\/mg-0935-768x510.jpg 768w, https:\/\/www.labaldufateatre.com\/es\/wp-content\/uploads\/sites\/2\/mg-0935-1536x1021.jpg 1536w, https:\/\/www.labaldufateatre.com\/es\/wp-content\/uploads\/sites\/2\/mg-0935-2048x1361.jpg 2048w, https:\/\/www.labaldufateatre.com\/es\/wp-content\/uploads\/sites\/2\/mg-0935-scaled.jpg 1860w\" sizes=\"auto, (max-width: 300px) 100vw, 300px\" \/><\/p>\n<p><strong>Despu\u00e9s, Enre9 hacemos pausa y seguimos<\/strong>, y lo hacemos con el coraz\u00f3n lleno de gratitud y la mirada puesta en nuevos retos.<\/p>\n<p>Ahora toca parar, dejar reposar, agradecer\u2026 y ponernos a trabajar en la otra parte que tambi\u00e9n nos apasiona: <strong>crear espect\u00e1culos que nos muevan y muevan.<\/strong><br \/>\nEste es el caso de nuestro nuevo proyecto, <strong>\u201cFantasmas de guerra\u201d<\/strong>, que ya encaramos en l\u00ednea recta hacia el estreno.<\/p>\n<p><strong>As\u00ed que ya podemos decirlo oficialmente:<\/strong><\/p>\n<p><strong>\u00a1Hasta pronto, Enre9!<\/strong><br \/>\n<strong>\u00a1Hola de nuevo, Fantasmas de guerra!<\/strong><\/p>\n<p><a href=\"http:\/\/www.festivalenre9.com\">www.festivalenre9.com<\/a><\/p>\n","protected":false},"excerpt":{"rendered":"<p>Despu\u00e9s, Enre9 hacemos pausa y seguimos. Esta semana, \u00a1por fin empezamos a ver caras m\u00e1s descansadas en la oficina! Despu\u00e9s...<\/p>\n","protected":false},"author":2,"featured_media":1719,"comment_status":"closed","ping_status":"closed","sticky":false,"template":"","format":"standard","meta":{"_acf_changed":false,"inline_featured_image":false,"footnotes":""},"categories":[1],"tags":[],"class_list":["post-1715","post","type-post","status-publish","format-standard","has-post-thumbnail","hentry","category-noticias"],"acf":[],"yoast_head":"<!-- This site is optimized with the Yoast SEO plugin v27.5 - https:\/\/yoast.com\/product\/yoast-seo-wordpress\/ -->\n<title>Despu\u00e9s del Enre9 2025..hacemos pausa, balance y seguimos creando! - La Baldufa Teatre<\/title>\n<meta name=\"description\" content=\"Despu\u00e9s, Enre9 hacemos pausa y seguimos. Un a\u00f1o m\u00e1s, Enre9 apuesta por la cultura comunitaria en las calles y plazas de la Zona 9 de Lleida.\" \/>\n<meta name=\"robots\" content=\"index, follow, max-snippet:-1, max-image-preview:large, max-video-preview:-1\" \/>\n<link rel=\"canonical\" href=\"https:\/\/www.labaldufateatre.com\/es\/despues-del-enre9-2025-hacemos-pausa-balance-y-seguimos-creando\/\" \/>\n<meta property=\"og:locale\" content=\"es_ES\" \/>\n<meta property=\"og:type\" content=\"article\" \/>\n<meta property=\"og:title\" content=\"Despu\u00e9s del Enre9 2025..hacemos pausa, balance y seguimos creando! - La Baldufa Teatre\" \/>\n<meta property=\"og:description\" content=\"Despu\u00e9s, Enre9 hacemos pausa y seguimos. Un a\u00f1o m\u00e1s, Enre9 apuesta por la cultura comunitaria en las calles y plazas de la Zona 9 de Lleida.\" \/>\n<meta property=\"og:url\" content=\"https:\/\/www.labaldufateatre.com\/es\/despues-del-enre9-2025-hacemos-pausa-balance-y-seguimos-creando\/\" \/>\n<meta property=\"og:site_name\" content=\"La Baldufa Teatre\" \/>\n<meta property=\"article:publisher\" content=\"http:\/\/www.facebook.com\/pages\/Companyia-de-Comediants-La-Baldufa\/94606450908\" \/>\n<meta property=\"article:published_time\" content=\"2025-06-04T07:26:20+00:00\" \/>\n<meta property=\"article:modified_time\" content=\"2025-06-04T10:29:06+00:00\" \/>\n<meta property=\"og:image\" content=\"https:\/\/www.labaldufateatre.com\/es\/wp-content\/uploads\/sites\/2\/mg-0097-1-scaled.jpg\" \/>\n\t<meta property=\"og:image:width\" content=\"2560\" \/>\n\t<meta property=\"og:image:height\" content=\"1713\" \/>\n\t<meta property=\"og:image:type\" content=\"image\/jpeg\" \/>\n<meta name=\"author\" content=\"La Baldufa Teatre\" \/>\n<meta name=\"twitter:card\" content=\"summary_large_image\" \/>\n<meta name=\"twitter:creator\" content=\"@BaldufaTeatre\" \/>\n<meta name=\"twitter:site\" content=\"@BaldufaTeatre\" \/>\n<meta name=\"twitter:label1\" content=\"Escrito por\" \/>\n\t<meta name=\"twitter:data1\" content=\"La Baldufa Teatre\" \/>\n\t<meta name=\"twitter:label2\" content=\"Tiempo de lectura\" \/>\n\t<meta name=\"twitter:data2\" content=\"2 minutos\" \/>\n<script type=\"application\/ld+json\" class=\"yoast-schema-graph\">{\"@context\":\"https:\\\/\\\/schema.org\",\"@graph\":[{\"@type\":\"Article\",\"@id\":\"https:\\\/\\\/www.labaldufateatre.com\\\/es\\\/despues-del-enre9-2025-hacemos-pausa-balance-y-seguimos-creando\\\/#article\",\"isPartOf\":{\"@id\":\"https:\\\/\\\/www.labaldufateatre.com\\\/es\\\/despues-del-enre9-2025-hacemos-pausa-balance-y-seguimos-creando\\\/\"},\"author\":{\"name\":\"La Baldufa Teatre\",\"@id\":\"https:\\\/\\\/www.labaldufateatre.com\\\/es\\\/#\\\/schema\\\/person\\\/9bdcaa1e41295dbae5634e10328cba17\"},\"headline\":\"Despu\u00e9s del Enre9 2025..hacemos pausa, balance y seguimos creando!\",\"datePublished\":\"2025-06-04T07:26:20+00:00\",\"dateModified\":\"2025-06-04T10:29:06+00:00\",\"mainEntityOfPage\":{\"@id\":\"https:\\\/\\\/www.labaldufateatre.com\\\/es\\\/despues-del-enre9-2025-hacemos-pausa-balance-y-seguimos-creando\\\/\"},\"wordCount\":327,\"image\":{\"@id\":\"https:\\\/\\\/www.labaldufateatre.com\\\/es\\\/despues-del-enre9-2025-hacemos-pausa-balance-y-seguimos-creando\\\/#primaryimage\"},\"thumbnailUrl\":\"https:\\\/\\\/www.labaldufateatre.com\\\/es\\\/wp-content\\\/uploads\\\/sites\\\/2\\\/mg-0097-1-scaled.jpg\",\"articleSection\":[\"Noticias\"],\"inLanguage\":\"es\"},{\"@type\":\"WebPage\",\"@id\":\"https:\\\/\\\/www.labaldufateatre.com\\\/es\\\/despues-del-enre9-2025-hacemos-pausa-balance-y-seguimos-creando\\\/\",\"url\":\"https:\\\/\\\/www.labaldufateatre.com\\\/es\\\/despues-del-enre9-2025-hacemos-pausa-balance-y-seguimos-creando\\\/\",\"name\":\"Despu\u00e9s del Enre9 2025..hacemos pausa, balance y seguimos creando! - La Baldufa Teatre\",\"isPartOf\":{\"@id\":\"https:\\\/\\\/www.labaldufateatre.com\\\/es\\\/#website\"},\"primaryImageOfPage\":{\"@id\":\"https:\\\/\\\/www.labaldufateatre.com\\\/es\\\/despues-del-enre9-2025-hacemos-pausa-balance-y-seguimos-creando\\\/#primaryimage\"},\"image\":{\"@id\":\"https:\\\/\\\/www.labaldufateatre.com\\\/es\\\/despues-del-enre9-2025-hacemos-pausa-balance-y-seguimos-creando\\\/#primaryimage\"},\"thumbnailUrl\":\"https:\\\/\\\/www.labaldufateatre.com\\\/es\\\/wp-content\\\/uploads\\\/sites\\\/2\\\/mg-0097-1-scaled.jpg\",\"datePublished\":\"2025-06-04T07:26:20+00:00\",\"dateModified\":\"2025-06-04T10:29:06+00:00\",\"author\":{\"@id\":\"https:\\\/\\\/www.labaldufateatre.com\\\/es\\\/#\\\/schema\\\/person\\\/9bdcaa1e41295dbae5634e10328cba17\"},\"description\":\"Despu\u00e9s, Enre9 hacemos pausa y seguimos. Un a\u00f1o m\u00e1s, Enre9 apuesta por la cultura comunitaria en las calles y plazas de la Zona 9 de Lleida.\",\"breadcrumb\":{\"@id\":\"https:\\\/\\\/www.labaldufateatre.com\\\/es\\\/despues-del-enre9-2025-hacemos-pausa-balance-y-seguimos-creando\\\/#breadcrumb\"},\"inLanguage\":\"es\",\"potentialAction\":[{\"@type\":\"ReadAction\",\"target\":[\"https:\\\/\\\/www.labaldufateatre.com\\\/es\\\/despues-del-enre9-2025-hacemos-pausa-balance-y-seguimos-creando\\\/\"]}]},{\"@type\":\"ImageObject\",\"inLanguage\":\"es\",\"@id\":\"https:\\\/\\\/www.labaldufateatre.com\\\/es\\\/despues-del-enre9-2025-hacemos-pausa-balance-y-seguimos-creando\\\/#primaryimage\",\"url\":\"https:\\\/\\\/www.labaldufateatre.com\\\/es\\\/wp-content\\\/uploads\\\/sites\\\/2\\\/mg-0097-1-scaled.jpg\",\"contentUrl\":\"https:\\\/\\\/www.labaldufateatre.com\\\/es\\\/wp-content\\\/uploads\\\/sites\\\/2\\\/mg-0097-1-scaled.jpg\",\"width\":1860,\"height\":1244},{\"@type\":\"BreadcrumbList\",\"@id\":\"https:\\\/\\\/www.labaldufateatre.com\\\/es\\\/despues-del-enre9-2025-hacemos-pausa-balance-y-seguimos-creando\\\/#breadcrumb\",\"itemListElement\":[{\"@type\":\"ListItem\",\"position\":1,\"name\":\"Portada\",\"item\":\"https:\\\/\\\/www.labaldufateatre.com\\\/es\\\/\"},{\"@type\":\"ListItem\",\"position\":2,\"name\":\"Despu\u00e9s del Enre9 2025..hacemos pausa, balance y seguimos creando!\"}]},{\"@type\":\"WebSite\",\"@id\":\"https:\\\/\\\/www.labaldufateatre.com\\\/es\\\/#website\",\"url\":\"https:\\\/\\\/www.labaldufateatre.com\\\/es\\\/\",\"name\":\"La Baldufa Teatre\",\"description\":\"Companyia de Comediants\",\"potentialAction\":[{\"@type\":\"SearchAction\",\"target\":{\"@type\":\"EntryPoint\",\"urlTemplate\":\"https:\\\/\\\/www.labaldufateatre.com\\\/es\\\/?s={search_term_string}\"},\"query-input\":{\"@type\":\"PropertyValueSpecification\",\"valueRequired\":true,\"valueName\":\"search_term_string\"}}],\"inLanguage\":\"es\"},{\"@type\":\"Person\",\"@id\":\"https:\\\/\\\/www.labaldufateatre.com\\\/es\\\/#\\\/schema\\\/person\\\/9bdcaa1e41295dbae5634e10328cba17\",\"name\":\"La Baldufa Teatre\",\"image\":{\"@type\":\"ImageObject\",\"inLanguage\":\"es\",\"@id\":\"https:\\\/\\\/secure.gravatar.com\\\/avatar\\\/d7d19647aef47cb2f08d837ca03f487a96bab078ac264f4495abfb61b75098c2?s=96&d=mm&r=g\",\"url\":\"https:\\\/\\\/secure.gravatar.com\\\/avatar\\\/d7d19647aef47cb2f08d837ca03f487a96bab078ac264f4495abfb61b75098c2?s=96&d=mm&r=g\",\"contentUrl\":\"https:\\\/\\\/secure.gravatar.com\\\/avatar\\\/d7d19647aef47cb2f08d837ca03f487a96bab078ac264f4495abfb61b75098c2?s=96&d=mm&r=g\",\"caption\":\"La Baldufa Teatre\"}}]}<\/script>\n<!-- \/ Yoast SEO plugin. -->","yoast_head_json":{"title":"Despu\u00e9s del Enre9 2025..hacemos pausa, balance y seguimos creando! - La Baldufa Teatre","description":"Despu\u00e9s, Enre9 hacemos pausa y seguimos. Un a\u00f1o m\u00e1s, Enre9 apuesta por la cultura comunitaria en las calles y plazas de la Zona 9 de Lleida.","robots":{"index":"index","follow":"follow","max-snippet":"max-snippet:-1","max-image-preview":"max-image-preview:large","max-video-preview":"max-video-preview:-1"},"canonical":"https:\/\/www.labaldufateatre.com\/es\/despues-del-enre9-2025-hacemos-pausa-balance-y-seguimos-creando\/","og_locale":"es_ES","og_type":"article","og_title":"Despu\u00e9s del Enre9 2025..hacemos pausa, balance y seguimos creando! - La Baldufa Teatre","og_description":"Despu\u00e9s, Enre9 hacemos pausa y seguimos. Un a\u00f1o m\u00e1s, Enre9 apuesta por la cultura comunitaria en las calles y plazas de la Zona 9 de Lleida.","og_url":"https:\/\/www.labaldufateatre.com\/es\/despues-del-enre9-2025-hacemos-pausa-balance-y-seguimos-creando\/","og_site_name":"La Baldufa Teatre","article_publisher":"http:\/\/www.facebook.com\/pages\/Companyia-de-Comediants-La-Baldufa\/94606450908","article_published_time":"2025-06-04T07:26:20+00:00","article_modified_time":"2025-06-04T10:29:06+00:00","og_image":[{"width":2560,"height":1713,"url":"https:\/\/www.labaldufateatre.com\/es\/wp-content\/uploads\/sites\/2\/mg-0097-1-scaled.jpg","type":"image\/jpeg"}],"author":"La Baldufa Teatre","twitter_card":"summary_large_image","twitter_creator":"@BaldufaTeatre","twitter_site":"@BaldufaTeatre","twitter_misc":{"Escrito por":"La Baldufa Teatre","Tiempo de lectura":"2 minutos"},"schema":{"@context":"https:\/\/schema.org","@graph":[{"@type":"Article","@id":"https:\/\/www.labaldufateatre.com\/es\/despues-del-enre9-2025-hacemos-pausa-balance-y-seguimos-creando\/#article","isPartOf":{"@id":"https:\/\/www.labaldufateatre.com\/es\/despues-del-enre9-2025-hacemos-pausa-balance-y-seguimos-creando\/"},"author":{"name":"La Baldufa Teatre","@id":"https:\/\/www.labaldufateatre.com\/es\/#\/schema\/person\/9bdcaa1e41295dbae5634e10328cba17"},"headline":"Despu\u00e9s del Enre9 2025..hacemos pausa, balance y seguimos creando!","datePublished":"2025-06-04T07:26:20+00:00","dateModified":"2025-06-04T10:29:06+00:00","mainEntityOfPage":{"@id":"https:\/\/www.labaldufateatre.com\/es\/despues-del-enre9-2025-hacemos-pausa-balance-y-seguimos-creando\/"},"wordCount":327,"image":{"@id":"https:\/\/www.labaldufateatre.com\/es\/despues-del-enre9-2025-hacemos-pausa-balance-y-seguimos-creando\/#primaryimage"},"thumbnailUrl":"https:\/\/www.labaldufateatre.com\/es\/wp-content\/uploads\/sites\/2\/mg-0097-1-scaled.jpg","articleSection":["Noticias"],"inLanguage":"es"},{"@type":"WebPage","@id":"https:\/\/www.labaldufateatre.com\/es\/despues-del-enre9-2025-hacemos-pausa-balance-y-seguimos-creando\/","url":"https:\/\/www.labaldufateatre.com\/es\/despues-del-enre9-2025-hacemos-pausa-balance-y-seguimos-creando\/","name":"Despu\u00e9s del Enre9 2025..hacemos pausa, balance y seguimos creando! - La Baldufa Teatre","isPartOf":{"@id":"https:\/\/www.labaldufateatre.com\/es\/#website"},"primaryImageOfPage":{"@id":"https:\/\/www.labaldufateatre.com\/es\/despues-del-enre9-2025-hacemos-pausa-balance-y-seguimos-creando\/#primaryimage"},"image":{"@id":"https:\/\/www.labaldufateatre.com\/es\/despues-del-enre9-2025-hacemos-pausa-balance-y-seguimos-creando\/#primaryimage"},"thumbnailUrl":"https:\/\/www.labaldufateatre.com\/es\/wp-content\/uploads\/sites\/2\/mg-0097-1-scaled.jpg","datePublished":"2025-06-04T07:26:20+00:00","dateModified":"2025-06-04T10:29:06+00:00","author":{"@id":"https:\/\/www.labaldufateatre.com\/es\/#\/schema\/person\/9bdcaa1e41295dbae5634e10328cba17"},"description":"Despu\u00e9s, Enre9 hacemos pausa y seguimos. Un a\u00f1o m\u00e1s, Enre9 apuesta por la cultura comunitaria en las calles y plazas de la Zona 9 de Lleida.","breadcrumb":{"@id":"https:\/\/www.labaldufateatre.com\/es\/despues-del-enre9-2025-hacemos-pausa-balance-y-seguimos-creando\/#breadcrumb"},"inLanguage":"es","potentialAction":[{"@type":"ReadAction","target":["https:\/\/www.labaldufateatre.com\/es\/despues-del-enre9-2025-hacemos-pausa-balance-y-seguimos-creando\/"]}]},{"@type":"ImageObject","inLanguage":"es","@id":"https:\/\/www.labaldufateatre.com\/es\/despues-del-enre9-2025-hacemos-pausa-balance-y-seguimos-creando\/#primaryimage","url":"https:\/\/www.labaldufateatre.com\/es\/wp-content\/uploads\/sites\/2\/mg-0097-1-scaled.jpg","contentUrl":"https:\/\/www.labaldufateatre.com\/es\/wp-content\/uploads\/sites\/2\/mg-0097-1-scaled.jpg","width":1860,"height":1244},{"@type":"BreadcrumbList","@id":"https:\/\/www.labaldufateatre.com\/es\/despues-del-enre9-2025-hacemos-pausa-balance-y-seguimos-creando\/#breadcrumb","itemListElement":[{"@type":"ListItem","position":1,"name":"Portada","item":"https:\/\/www.labaldufateatre.com\/es\/"},{"@type":"ListItem","position":2,"name":"Despu\u00e9s del Enre9 2025..hacemos pausa, balance y seguimos creando!"}]},{"@type":"WebSite","@id":"https:\/\/www.labaldufateatre.com\/es\/#website","url":"https:\/\/www.labaldufateatre.com\/es\/","name":"La Baldufa Teatre","description":"Companyia de Comediants","potentialAction":[{"@type":"SearchAction","target":{"@type":"EntryPoint","urlTemplate":"https:\/\/www.labaldufateatre.com\/es\/?s={search_term_string}"},"query-input":{"@type":"PropertyValueSpecification","valueRequired":true,"valueName":"search_term_string"}}],"inLanguage":"es"},{"@type":"Person","@id":"https:\/\/www.labaldufateatre.com\/es\/#\/schema\/person\/9bdcaa1e41295dbae5634e10328cba17","name":"La Baldufa Teatre","image":{"@type":"ImageObject","inLanguage":"es","@id":"https:\/\/secure.gravatar.com\/avatar\/d7d19647aef47cb2f08d837ca03f487a96bab078ac264f4495abfb61b75098c2?s=96&d=mm&r=g","url":"https:\/\/secure.gravatar.com\/avatar\/d7d19647aef47cb2f08d837ca03f487a96bab078ac264f4495abfb61b75098c2?s=96&d=mm&r=g","contentUrl":"https:\/\/secure.gravatar.com\/avatar\/d7d19647aef47cb2f08d837ca03f487a96bab078ac264f4495abfb61b75098c2?s=96&d=mm&r=g","caption":"La Baldufa Teatre"}}]}},"_links":{"self":[{"href":"https:\/\/www.labaldufateatre.com\/es\/wp-json\/wp\/v2\/posts\/1715","targetHints":{"allow":["GET"]}}],"collection":[{"href":"https:\/\/www.labaldufateatre.com\/es\/wp-json\/wp\/v2\/posts"}],"about":[{"href":"https:\/\/www.labaldufateatre.com\/es\/wp-json\/wp\/v2\/types\/post"}],"author":[{"embeddable":true,"href":"https:\/\/www.labaldufateatre.com\/es\/wp-json\/wp\/v2\/users\/2"}],"replies":[{"embeddable":true,"href":"https:\/\/www.labaldufateatre.com\/es\/wp-json\/wp\/v2\/comments?post=1715"}],"version-history":[{"count":5,"href":"https:\/\/www.labaldufateatre.com\/es\/wp-json\/wp\/v2\/posts\/1715\/revisions"}],"predecessor-version":[{"id":1723,"href":"https:\/\/www.labaldufateatre.com\/es\/wp-json\/wp\/v2\/posts\/1715\/revisions\/1723"}],"wp:featuredmedia":[{"embeddable":true,"href":"https:\/\/www.labaldufateatre.com\/es\/wp-json\/wp\/v2\/media\/1719"}],"wp:attachment":[{"href":"https:\/\/www.labaldufateatre.com\/es\/wp-json\/wp\/v2\/media?parent=1715"}],"wp:term":[{"taxonomy":"category","embeddable":true,"href":"https:\/\/www.labaldufateatre.com\/es\/wp-json\/wp\/v2\/categories?post=1715"},{"taxonomy":"post_tag","embeddable":true,"href":"https:\/\/www.labaldufateatre.com\/es\/wp-json\/wp\/v2\/tags?post=1715"}],"curies":[{"name":"wp","href":"https:\/\/api.w.org\/{rel}","templated":true}]}}