{"id":198,"date":"2017-10-02T00:00:00","date_gmt":"2017-10-01T22:00:00","guid":{"rendered":"https:\/\/www.labaldufateatre.com\/mon-pare-es-un-ogre-sestrena-a-franca\/"},"modified":"2019-02-08T19:23:59","modified_gmt":"2019-02-08T18:23:59","slug":"mon-pare-es-un-ogre-sestrena-a-franca","status":"publish","type":"post","link":"https:\/\/www.labaldufateatre.com\/es\/mon-pare-es-un-ogre-sestrena-a-franca\/","title":{"rendered":"Mi Padre es un Ogro se estrena en Francia"},"content":{"rendered":"<p>El domingo 22 de octubre de 2017, se estrena en Francia el nuevo espect\u00e1culo de La Baldufa, Mi Padre es un Ogro, bajo la direcci\u00f3n de Jokin Oregi. El estreno, en el Th\u00e9\u00e2tre de l\u2019Archipel de Perpignan, ir\u00e1 precedido de cuatro actuaciones escolares y un taller.<\/p>\n<p>Estamos muy contentos de la relaci\u00f3n establecida con este teatro, que nos ha acogido en residencia en diferentes momentos de la creaci\u00f3n del espect\u00e1culo. Estadas que destacamos como muy provechosas, ya que nos han permitido concentrar en el trabajo art\u00edstico.<\/p>\n","protected":false},"excerpt":{"rendered":"<p>El domingo 22 de octubre de 2017, se estrena en Francia el nuevo espect\u00e1culo de La Baldufa, Mi Padre es...<\/p>\n","protected":false},"author":1,"featured_media":199,"comment_status":"closed","ping_status":"open","sticky":false,"template":"","format":"standard","meta":{"_acf_changed":false,"inline_featured_image":false,"footnotes":""},"categories":[1],"tags":[],"class_list":["post-198","post","type-post","status-publish","format-standard","has-post-thumbnail","hentry","category-noticias"],"acf":[],"yoast_head":"<!-- This site is optimized with the Yoast SEO plugin v27.4 - https:\/\/yoast.com\/product\/yoast-seo-wordpress\/ -->\n<title>Mi Padre es un Ogro se estrena en Francia - La Baldufa Teatre<\/title>\n<meta name=\"robots\" content=\"index, follow, max-snippet:-1, max-image-preview:large, max-video-preview:-1\" \/>\n<link rel=\"canonical\" href=\"https:\/\/www.labaldufateatre.com\/es\/mon-pare-es-un-ogre-sestrena-a-franca\/\" \/>\n<meta property=\"og:locale\" content=\"es_ES\" \/>\n<meta property=\"og:type\" content=\"article\" \/>\n<meta property=\"og:title\" content=\"Mi Padre es un Ogro se estrena en Francia - La Baldufa Teatre\" \/>\n<meta property=\"og:description\" content=\"El domingo 22 de octubre de 2017, se estrena en Francia el nuevo espect\u00e1culo de La Baldufa, Mi Padre es...\" \/>\n<meta property=\"og:url\" content=\"https:\/\/www.labaldufateatre.com\/es\/mon-pare-es-un-ogre-sestrena-a-franca\/\" \/>\n<meta property=\"og:site_name\" content=\"La Baldufa Teatre\" \/>\n<meta property=\"article:publisher\" content=\"http:\/\/www.facebook.com\/pages\/Companyia-de-Comediants-La-Baldufa\/94606450908\" \/>\n<meta property=\"article:published_time\" content=\"2017-10-01T22:00:00+00:00\" \/>\n<meta property=\"article:modified_time\" content=\"2019-02-08T18:23:59+00:00\" \/>\n<meta property=\"og:image\" content=\"https:\/\/www.labaldufateatre.com\/es\/wp-content\/uploads\/sites\/2\/MON_PARE_ES_UN_OGRE_NEWS.jpg\" \/>\n\t<meta property=\"og:image:width\" content=\"1417\" \/>\n\t<meta property=\"og:image:height\" content=\"728\" \/>\n\t<meta property=\"og:image:type\" content=\"image\/jpeg\" \/>\n<meta name=\"author\" content=\"calzbert\" \/>\n<meta name=\"twitter:card\" content=\"summary_large_image\" \/>\n<meta name=\"twitter:creator\" content=\"@BaldufaTeatre\" \/>\n<meta name=\"twitter:site\" content=\"@BaldufaTeatre\" \/>\n<meta name=\"twitter:label1\" content=\"Escrito por\" \/>\n\t<meta name=\"twitter:data1\" content=\"calzbert\" \/>\n<script type=\"application\/ld+json\" class=\"yoast-schema-graph\">{\"@context\":\"https:\\\/\\\/schema.org\",\"@graph\":[{\"@type\":\"Article\",\"@id\":\"https:\\\/\\\/www.labaldufateatre.com\\\/es\\\/mon-pare-es-un-ogre-sestrena-a-franca\\\/#article\",\"isPartOf\":{\"@id\":\"https:\\\/\\\/www.labaldufateatre.com\\\/es\\\/mon-pare-es-un-ogre-sestrena-a-franca\\\/\"},\"author\":{\"name\":\"calzbert\",\"@id\":\"https:\\\/\\\/www.labaldufateatre.com\\\/es\\\/#\\\/schema\\\/person\\\/f2f99ab48040e39e27bf2d85573f9082\"},\"headline\":\"Mi Padre es un Ogro se estrena en Francia\",\"datePublished\":\"2017-10-01T22:00:00+00:00\",\"dateModified\":\"2019-02-08T18:23:59+00:00\",\"mainEntityOfPage\":{\"@id\":\"https:\\\/\\\/www.labaldufateatre.com\\\/es\\\/mon-pare-es-un-ogre-sestrena-a-franca\\\/\"},\"wordCount\":101,\"image\":{\"@id\":\"https:\\\/\\\/www.labaldufateatre.com\\\/es\\\/mon-pare-es-un-ogre-sestrena-a-franca\\\/#primaryimage\"},\"thumbnailUrl\":\"https:\\\/\\\/www.labaldufateatre.com\\\/es\\\/wp-content\\\/uploads\\\/sites\\\/2\\\/MON_PARE_ES_UN_OGRE_NEWS.jpg\",\"articleSection\":[\"Noticias\"],\"inLanguage\":\"es\"},{\"@type\":\"WebPage\",\"@id\":\"https:\\\/\\\/www.labaldufateatre.com\\\/es\\\/mon-pare-es-un-ogre-sestrena-a-franca\\\/\",\"url\":\"https:\\\/\\\/www.labaldufateatre.com\\\/es\\\/mon-pare-es-un-ogre-sestrena-a-franca\\\/\",\"name\":\"Mi Padre es un Ogro se estrena en Francia - La Baldufa Teatre\",\"isPartOf\":{\"@id\":\"https:\\\/\\\/www.labaldufateatre.com\\\/es\\\/#website\"},\"primaryImageOfPage\":{\"@id\":\"https:\\\/\\\/www.labaldufateatre.com\\\/es\\\/mon-pare-es-un-ogre-sestrena-a-franca\\\/#primaryimage\"},\"image\":{\"@id\":\"https:\\\/\\\/www.labaldufateatre.com\\\/es\\\/mon-pare-es-un-ogre-sestrena-a-franca\\\/#primaryimage\"},\"thumbnailUrl\":\"https:\\\/\\\/www.labaldufateatre.com\\\/es\\\/wp-content\\\/uploads\\\/sites\\\/2\\\/MON_PARE_ES_UN_OGRE_NEWS.jpg\",\"datePublished\":\"2017-10-01T22:00:00+00:00\",\"dateModified\":\"2019-02-08T18:23:59+00:00\",\"author\":{\"@id\":\"https:\\\/\\\/www.labaldufateatre.com\\\/es\\\/#\\\/schema\\\/person\\\/f2f99ab48040e39e27bf2d85573f9082\"},\"breadcrumb\":{\"@id\":\"https:\\\/\\\/www.labaldufateatre.com\\\/es\\\/mon-pare-es-un-ogre-sestrena-a-franca\\\/#breadcrumb\"},\"inLanguage\":\"es\",\"potentialAction\":[{\"@type\":\"ReadAction\",\"target\":[\"https:\\\/\\\/www.labaldufateatre.com\\\/es\\\/mon-pare-es-un-ogre-sestrena-a-franca\\\/\"]}]},{\"@type\":\"ImageObject\",\"inLanguage\":\"es\",\"@id\":\"https:\\\/\\\/www.labaldufateatre.com\\\/es\\\/mon-pare-es-un-ogre-sestrena-a-franca\\\/#primaryimage\",\"url\":\"https:\\\/\\\/www.labaldufateatre.com\\\/es\\\/wp-content\\\/uploads\\\/sites\\\/2\\\/MON_PARE_ES_UN_OGRE_NEWS.jpg\",\"contentUrl\":\"https:\\\/\\\/www.labaldufateatre.com\\\/es\\\/wp-content\\\/uploads\\\/sites\\\/2\\\/MON_PARE_ES_UN_OGRE_NEWS.jpg\",\"width\":1417,\"height\":728},{\"@type\":\"BreadcrumbList\",\"@id\":\"https:\\\/\\\/www.labaldufateatre.com\\\/es\\\/mon-pare-es-un-ogre-sestrena-a-franca\\\/#breadcrumb\",\"itemListElement\":[{\"@type\":\"ListItem\",\"position\":1,\"name\":\"Portada\",\"item\":\"https:\\\/\\\/www.labaldufateatre.com\\\/es\\\/\"},{\"@type\":\"ListItem\",\"position\":2,\"name\":\"Mi Padre es un Ogro se estrena en Francia\"}]},{\"@type\":\"WebSite\",\"@id\":\"https:\\\/\\\/www.labaldufateatre.com\\\/es\\\/#website\",\"url\":\"https:\\\/\\\/www.labaldufateatre.com\\\/es\\\/\",\"name\":\"La Baldufa Teatre\",\"description\":\"Companyia de Comediants\",\"potentialAction\":[{\"@type\":\"SearchAction\",\"target\":{\"@type\":\"EntryPoint\",\"urlTemplate\":\"https:\\\/\\\/www.labaldufateatre.com\\\/es\\\/?s={search_term_string}\"},\"query-input\":{\"@type\":\"PropertyValueSpecification\",\"valueRequired\":true,\"valueName\":\"search_term_string\"}}],\"inLanguage\":\"es\"},{\"@type\":\"Person\",\"@id\":\"https:\\\/\\\/www.labaldufateatre.com\\\/es\\\/#\\\/schema\\\/person\\\/f2f99ab48040e39e27bf2d85573f9082\",\"name\":\"calzbert\",\"image\":{\"@type\":\"ImageObject\",\"inLanguage\":\"es\",\"@id\":\"https:\\\/\\\/secure.gravatar.com\\\/avatar\\\/c1261138a5e7882394bd9001104fe7078a2d860997555a5353af4ef7bd38f6db?s=96&d=mm&r=g\",\"url\":\"https:\\\/\\\/secure.gravatar.com\\\/avatar\\\/c1261138a5e7882394bd9001104fe7078a2d860997555a5353af4ef7bd38f6db?s=96&d=mm&r=g\",\"contentUrl\":\"https:\\\/\\\/secure.gravatar.com\\\/avatar\\\/c1261138a5e7882394bd9001104fe7078a2d860997555a5353af4ef7bd38f6db?s=96&d=mm&r=g\",\"caption\":\"calzbert\"}}]}<\/script>\n<!-- \/ Yoast SEO plugin. -->","yoast_head_json":{"title":"Mi Padre es un Ogro se estrena en Francia - La Baldufa Teatre","robots":{"index":"index","follow":"follow","max-snippet":"max-snippet:-1","max-image-preview":"max-image-preview:large","max-video-preview":"max-video-preview:-1"},"canonical":"https:\/\/www.labaldufateatre.com\/es\/mon-pare-es-un-ogre-sestrena-a-franca\/","og_locale":"es_ES","og_type":"article","og_title":"Mi Padre es un Ogro se estrena en Francia - La Baldufa Teatre","og_description":"El domingo 22 de octubre de 2017, se estrena en Francia el nuevo espect\u00e1culo de La Baldufa, Mi Padre es...","og_url":"https:\/\/www.labaldufateatre.com\/es\/mon-pare-es-un-ogre-sestrena-a-franca\/","og_site_name":"La Baldufa Teatre","article_publisher":"http:\/\/www.facebook.com\/pages\/Companyia-de-Comediants-La-Baldufa\/94606450908","article_published_time":"2017-10-01T22:00:00+00:00","article_modified_time":"2019-02-08T18:23:59+00:00","og_image":[{"width":1417,"height":728,"url":"https:\/\/www.labaldufateatre.com\/es\/wp-content\/uploads\/sites\/2\/MON_PARE_ES_UN_OGRE_NEWS.jpg","type":"image\/jpeg"}],"author":"calzbert","twitter_card":"summary_large_image","twitter_creator":"@BaldufaTeatre","twitter_site":"@BaldufaTeatre","twitter_misc":{"Escrito por":"calzbert"},"schema":{"@context":"https:\/\/schema.org","@graph":[{"@type":"Article","@id":"https:\/\/www.labaldufateatre.com\/es\/mon-pare-es-un-ogre-sestrena-a-franca\/#article","isPartOf":{"@id":"https:\/\/www.labaldufateatre.com\/es\/mon-pare-es-un-ogre-sestrena-a-franca\/"},"author":{"name":"calzbert","@id":"https:\/\/www.labaldufateatre.com\/es\/#\/schema\/person\/f2f99ab48040e39e27bf2d85573f9082"},"headline":"Mi Padre es un Ogro se estrena en Francia","datePublished":"2017-10-01T22:00:00+00:00","dateModified":"2019-02-08T18:23:59+00:00","mainEntityOfPage":{"@id":"https:\/\/www.labaldufateatre.com\/es\/mon-pare-es-un-ogre-sestrena-a-franca\/"},"wordCount":101,"image":{"@id":"https:\/\/www.labaldufateatre.com\/es\/mon-pare-es-un-ogre-sestrena-a-franca\/#primaryimage"},"thumbnailUrl":"https:\/\/www.labaldufateatre.com\/es\/wp-content\/uploads\/sites\/2\/MON_PARE_ES_UN_OGRE_NEWS.jpg","articleSection":["Noticias"],"inLanguage":"es"},{"@type":"WebPage","@id":"https:\/\/www.labaldufateatre.com\/es\/mon-pare-es-un-ogre-sestrena-a-franca\/","url":"https:\/\/www.labaldufateatre.com\/es\/mon-pare-es-un-ogre-sestrena-a-franca\/","name":"Mi Padre es un Ogro se estrena en Francia - La Baldufa Teatre","isPartOf":{"@id":"https:\/\/www.labaldufateatre.com\/es\/#website"},"primaryImageOfPage":{"@id":"https:\/\/www.labaldufateatre.com\/es\/mon-pare-es-un-ogre-sestrena-a-franca\/#primaryimage"},"image":{"@id":"https:\/\/www.labaldufateatre.com\/es\/mon-pare-es-un-ogre-sestrena-a-franca\/#primaryimage"},"thumbnailUrl":"https:\/\/www.labaldufateatre.com\/es\/wp-content\/uploads\/sites\/2\/MON_PARE_ES_UN_OGRE_NEWS.jpg","datePublished":"2017-10-01T22:00:00+00:00","dateModified":"2019-02-08T18:23:59+00:00","author":{"@id":"https:\/\/www.labaldufateatre.com\/es\/#\/schema\/person\/f2f99ab48040e39e27bf2d85573f9082"},"breadcrumb":{"@id":"https:\/\/www.labaldufateatre.com\/es\/mon-pare-es-un-ogre-sestrena-a-franca\/#breadcrumb"},"inLanguage":"es","potentialAction":[{"@type":"ReadAction","target":["https:\/\/www.labaldufateatre.com\/es\/mon-pare-es-un-ogre-sestrena-a-franca\/"]}]},{"@type":"ImageObject","inLanguage":"es","@id":"https:\/\/www.labaldufateatre.com\/es\/mon-pare-es-un-ogre-sestrena-a-franca\/#primaryimage","url":"https:\/\/www.labaldufateatre.com\/es\/wp-content\/uploads\/sites\/2\/MON_PARE_ES_UN_OGRE_NEWS.jpg","contentUrl":"https:\/\/www.labaldufateatre.com\/es\/wp-content\/uploads\/sites\/2\/MON_PARE_ES_UN_OGRE_NEWS.jpg","width":1417,"height":728},{"@type":"BreadcrumbList","@id":"https:\/\/www.labaldufateatre.com\/es\/mon-pare-es-un-ogre-sestrena-a-franca\/#breadcrumb","itemListElement":[{"@type":"ListItem","position":1,"name":"Portada","item":"https:\/\/www.labaldufateatre.com\/es\/"},{"@type":"ListItem","position":2,"name":"Mi Padre es un Ogro se estrena en Francia"}]},{"@type":"WebSite","@id":"https:\/\/www.labaldufateatre.com\/es\/#website","url":"https:\/\/www.labaldufateatre.com\/es\/","name":"La Baldufa Teatre","description":"Companyia de Comediants","potentialAction":[{"@type":"SearchAction","target":{"@type":"EntryPoint","urlTemplate":"https:\/\/www.labaldufateatre.com\/es\/?s={search_term_string}"},"query-input":{"@type":"PropertyValueSpecification","valueRequired":true,"valueName":"search_term_string"}}],"inLanguage":"es"},{"@type":"Person","@id":"https:\/\/www.labaldufateatre.com\/es\/#\/schema\/person\/f2f99ab48040e39e27bf2d85573f9082","name":"calzbert","image":{"@type":"ImageObject","inLanguage":"es","@id":"https:\/\/secure.gravatar.com\/avatar\/c1261138a5e7882394bd9001104fe7078a2d860997555a5353af4ef7bd38f6db?s=96&d=mm&r=g","url":"https:\/\/secure.gravatar.com\/avatar\/c1261138a5e7882394bd9001104fe7078a2d860997555a5353af4ef7bd38f6db?s=96&d=mm&r=g","contentUrl":"https:\/\/secure.gravatar.com\/avatar\/c1261138a5e7882394bd9001104fe7078a2d860997555a5353af4ef7bd38f6db?s=96&d=mm&r=g","caption":"calzbert"}}]}},"_links":{"self":[{"href":"https:\/\/www.labaldufateatre.com\/es\/wp-json\/wp\/v2\/posts\/198","targetHints":{"allow":["GET"]}}],"collection":[{"href":"https:\/\/www.labaldufateatre.com\/es\/wp-json\/wp\/v2\/posts"}],"about":[{"href":"https:\/\/www.labaldufateatre.com\/es\/wp-json\/wp\/v2\/types\/post"}],"author":[{"embeddable":true,"href":"https:\/\/www.labaldufateatre.com\/es\/wp-json\/wp\/v2\/users\/1"}],"replies":[{"embeddable":true,"href":"https:\/\/www.labaldufateatre.com\/es\/wp-json\/wp\/v2\/comments?post=198"}],"version-history":[{"count":2,"href":"https:\/\/www.labaldufateatre.com\/es\/wp-json\/wp\/v2\/posts\/198\/revisions"}],"predecessor-version":[{"id":908,"href":"https:\/\/www.labaldufateatre.com\/es\/wp-json\/wp\/v2\/posts\/198\/revisions\/908"}],"wp:featuredmedia":[{"embeddable":true,"href":"https:\/\/www.labaldufateatre.com\/es\/wp-json\/wp\/v2\/media\/199"}],"wp:attachment":[{"href":"https:\/\/www.labaldufateatre.com\/es\/wp-json\/wp\/v2\/media?parent=198"}],"wp:term":[{"taxonomy":"category","embeddable":true,"href":"https:\/\/www.labaldufateatre.com\/es\/wp-json\/wp\/v2\/categories?post=198"},{"taxonomy":"post_tag","embeddable":true,"href":"https:\/\/www.labaldufateatre.com\/es\/wp-json\/wp\/v2\/tags?post=198"}],"curies":[{"name":"wp","href":"https:\/\/api.w.org\/{rel}","templated":true}]}}