{"id":950,"date":"2019-02-22T18:00:32","date_gmt":"2019-02-22T17:00:32","guid":{"rendered":"https:\/\/www.labaldufateatre.com\/es\/?p=950"},"modified":"2019-02-26T12:48:17","modified_gmt":"2019-02-26T11:48:17","slug":"la-baldufa-galardonada-de-nuevo-en-feten","status":"publish","type":"post","link":"https:\/\/www.labaldufateatre.com\/es\/la-baldufa-galardonada-de-nuevo-en-feten\/","title":{"rendered":"La Baldufa galardonada de nuevo en FETEN"},"content":{"rendered":"<p>El espect\u00e1culo <a href=\"https:\/\/www.labaldufateatre.com\/es\/espectacles\/mi-padre-es-un-ogro\/\" target=\"_blank\" rel=\"noopener noreferrer\"><strong>Mi Padre es un Ogro<\/strong><\/a> ha sido otorgado el <a href=\"http:\/\/feten.gijon.es\/noticias\/show\/41380-premios-feten-2019\" target=\"_blank\" rel=\"noopener noreferrer\"><strong>Premio a la Mejor Interpretaci\u00f3n Masculina, Ex Aequo<\/strong><\/a>, en la \u00faltima edici\u00f3n de FETEN. Una vez m\u00e1s, la influyente Feria Europea de Artes Esc\u00e9nicas para Ni\u00f1os y Ni\u00f1as, que tiene lugar en Gij\u00f3n, cada mes de febrero, recompensa nuestro trabajo.<\/p>\n<p>En esta misma feria, en 2015, La Baldufa fue galardonada con el Premio al Mejor Espect\u00e1culo y Premio a la Mejor Direcci\u00f3n, por nuestro espect\u00e1culo <a href=\"https:\/\/www.labaldufateatre.com\/es\/espectacles\/pinocchio\/\" target=\"_blank\" rel=\"noopener noreferrer\"><strong>Pinocchio<\/strong><\/a>. Estos importantes reconocimientos nos abrieron muchas puertas. Entre ellas, la del <a href=\"https:\/\/openingdoors.wales\/productions\/\" target=\"_blank\" rel=\"noopener noreferrer\"><strong>Agor Drysau Festival<\/strong><\/a>, en el Pa\u00eds de Gales, lugar que la compa\u00f1\u00eda visitar\u00e1 por primera vez. La Baldufa ofrecer\u00e1 4 actuaciones de Pinocchio, en 3 poblaciones distintas, entre los d\u00edas 19 y 22 de marzo de 2019.<\/p>\n<p>El mismo mes, la compa\u00f1\u00eda presentar\u00e1 4 actuaciones de Mi Padre es un Ogro, en <a href=\"http:\/\/www.madrid.org\/teatralia\/2019\/programacion.html\" target=\"_blank\" rel=\"noopener noreferrer\"><strong>Teatralia<\/strong><\/a>, el prestigioso Festival Internacional de Artes Esc\u00e9nicas para Ni\u00f1os y J\u00f3venes, de Madrid, entre el 14 y el 31 de marzo de 2019. Una de las funciones, en ingl\u00e9s, est\u00e1 enmarcada en los <strong>Encuentros en Teatralia<\/strong>, jornadas para profesionales llegados de todo el mundo.<\/p>\n<p>Confiamos en que la distinci\u00f3n recibida en FETEN nos llevar\u00e1 por nuevas rutas y nos permitir\u00e1 actuar con Mi Padre es un ogro y compartir historia delicadas y emocionantes por dondequiera.<\/p>\n<p>\u00a1Nuestros agradecimientos sinceros a FETEN y nuestras felicitaciones a todos los galardonados!<\/p>\n","protected":false},"excerpt":{"rendered":"<p>El espect\u00e1culo Mi Padre es un Ogro ha sido otorgado el Premio a la Mejor Interpretaci\u00f3n Masculina, Ex Aequo, en...<\/p>\n","protected":false},"author":2,"featured_media":951,"comment_status":"closed","ping_status":"closed","sticky":false,"template":"","format":"standard","meta":{"_acf_changed":false,"inline_featured_image":false,"footnotes":""},"categories":[1],"tags":[],"class_list":["post-950","post","type-post","status-publish","format-standard","has-post-thumbnail","hentry","category-noticias"],"acf":[],"yoast_head":"<!-- This site is optimized with the Yoast SEO plugin v27.4 - https:\/\/yoast.com\/product\/yoast-seo-wordpress\/ -->\n<title>La Baldufa galardonada de nuevo en FETEN - La Baldufa Teatre<\/title>\n<meta name=\"description\" content=\"El espect\u00e1culo Mi Padre es un Ogro ha sido otorgado el Premio a la Mejor Interpretaci\u00f3n Masculina, Ex Aequo, en la \u00faltima edici\u00f3n de FETEN.\" \/>\n<meta name=\"robots\" content=\"index, follow, max-snippet:-1, max-image-preview:large, max-video-preview:-1\" \/>\n<link rel=\"canonical\" href=\"https:\/\/www.labaldufateatre.com\/es\/la-baldufa-galardonada-de-nuevo-en-feten\/\" \/>\n<meta property=\"og:locale\" content=\"es_ES\" \/>\n<meta property=\"og:type\" content=\"article\" \/>\n<meta property=\"og:title\" content=\"La Baldufa galardonada de nuevo en FETEN - La Baldufa Teatre\" \/>\n<meta property=\"og:description\" content=\"El espect\u00e1culo Mi Padre es un Ogro ha sido otorgado el Premio a la Mejor Interpretaci\u00f3n Masculina, Ex Aequo, en la \u00faltima edici\u00f3n de FETEN.\" \/>\n<meta property=\"og:url\" content=\"https:\/\/www.labaldufateatre.com\/es\/la-baldufa-galardonada-de-nuevo-en-feten\/\" \/>\n<meta property=\"og:site_name\" content=\"La Baldufa Teatre\" \/>\n<meta property=\"article:publisher\" content=\"http:\/\/www.facebook.com\/pages\/Companyia-de-Comediants-La-Baldufa\/94606450908\" \/>\n<meta property=\"article:published_time\" content=\"2019-02-22T17:00:32+00:00\" \/>\n<meta property=\"article:modified_time\" content=\"2019-02-26T11:48:17+00:00\" \/>\n<meta property=\"og:image\" content=\"https:\/\/www.labaldufateatre.com\/es\/wp-content\/uploads\/sites\/2\/feten_2019_premis_1024x528.png\" \/>\n\t<meta property=\"og:image:width\" content=\"1024\" \/>\n\t<meta property=\"og:image:height\" content=\"528\" \/>\n\t<meta property=\"og:image:type\" content=\"image\/png\" \/>\n<meta name=\"author\" content=\"La Baldufa Teatre\" \/>\n<meta name=\"twitter:card\" content=\"summary_large_image\" \/>\n<meta name=\"twitter:creator\" content=\"@BaldufaTeatre\" \/>\n<meta name=\"twitter:site\" content=\"@BaldufaTeatre\" \/>\n<meta name=\"twitter:label1\" content=\"Escrito por\" \/>\n\t<meta name=\"twitter:data1\" content=\"La Baldufa Teatre\" \/>\n\t<meta name=\"twitter:label2\" content=\"Tiempo de lectura\" \/>\n\t<meta name=\"twitter:data2\" content=\"1 minuto\" \/>\n<script type=\"application\/ld+json\" class=\"yoast-schema-graph\">{\"@context\":\"https:\\\/\\\/schema.org\",\"@graph\":[{\"@type\":\"Article\",\"@id\":\"https:\\\/\\\/www.labaldufateatre.com\\\/es\\\/la-baldufa-galardonada-de-nuevo-en-feten\\\/#article\",\"isPartOf\":{\"@id\":\"https:\\\/\\\/www.labaldufateatre.com\\\/es\\\/la-baldufa-galardonada-de-nuevo-en-feten\\\/\"},\"author\":{\"name\":\"La Baldufa Teatre\",\"@id\":\"https:\\\/\\\/www.labaldufateatre.com\\\/es\\\/#\\\/schema\\\/person\\\/9bdcaa1e41295dbae5634e10328cba17\"},\"headline\":\"La Baldufa galardonada de nuevo en FETEN\",\"datePublished\":\"2019-02-22T17:00:32+00:00\",\"dateModified\":\"2019-02-26T11:48:17+00:00\",\"mainEntityOfPage\":{\"@id\":\"https:\\\/\\\/www.labaldufateatre.com\\\/es\\\/la-baldufa-galardonada-de-nuevo-en-feten\\\/\"},\"wordCount\":245,\"image\":{\"@id\":\"https:\\\/\\\/www.labaldufateatre.com\\\/es\\\/la-baldufa-galardonada-de-nuevo-en-feten\\\/#primaryimage\"},\"thumbnailUrl\":\"https:\\\/\\\/www.labaldufateatre.com\\\/es\\\/wp-content\\\/uploads\\\/sites\\\/2\\\/feten_2019_premis_1024x528.png\",\"articleSection\":[\"Noticias\"],\"inLanguage\":\"es\"},{\"@type\":\"WebPage\",\"@id\":\"https:\\\/\\\/www.labaldufateatre.com\\\/es\\\/la-baldufa-galardonada-de-nuevo-en-feten\\\/\",\"url\":\"https:\\\/\\\/www.labaldufateatre.com\\\/es\\\/la-baldufa-galardonada-de-nuevo-en-feten\\\/\",\"name\":\"La Baldufa galardonada de nuevo en FETEN - La Baldufa Teatre\",\"isPartOf\":{\"@id\":\"https:\\\/\\\/www.labaldufateatre.com\\\/es\\\/#website\"},\"primaryImageOfPage\":{\"@id\":\"https:\\\/\\\/www.labaldufateatre.com\\\/es\\\/la-baldufa-galardonada-de-nuevo-en-feten\\\/#primaryimage\"},\"image\":{\"@id\":\"https:\\\/\\\/www.labaldufateatre.com\\\/es\\\/la-baldufa-galardonada-de-nuevo-en-feten\\\/#primaryimage\"},\"thumbnailUrl\":\"https:\\\/\\\/www.labaldufateatre.com\\\/es\\\/wp-content\\\/uploads\\\/sites\\\/2\\\/feten_2019_premis_1024x528.png\",\"datePublished\":\"2019-02-22T17:00:32+00:00\",\"dateModified\":\"2019-02-26T11:48:17+00:00\",\"author\":{\"@id\":\"https:\\\/\\\/www.labaldufateatre.com\\\/es\\\/#\\\/schema\\\/person\\\/9bdcaa1e41295dbae5634e10328cba17\"},\"description\":\"El espect\u00e1culo Mi Padre es un Ogro ha sido otorgado el Premio a la Mejor Interpretaci\u00f3n Masculina, Ex Aequo, en la \u00faltima edici\u00f3n de FETEN.\",\"breadcrumb\":{\"@id\":\"https:\\\/\\\/www.labaldufateatre.com\\\/es\\\/la-baldufa-galardonada-de-nuevo-en-feten\\\/#breadcrumb\"},\"inLanguage\":\"es\",\"potentialAction\":[{\"@type\":\"ReadAction\",\"target\":[\"https:\\\/\\\/www.labaldufateatre.com\\\/es\\\/la-baldufa-galardonada-de-nuevo-en-feten\\\/\"]}]},{\"@type\":\"ImageObject\",\"inLanguage\":\"es\",\"@id\":\"https:\\\/\\\/www.labaldufateatre.com\\\/es\\\/la-baldufa-galardonada-de-nuevo-en-feten\\\/#primaryimage\",\"url\":\"https:\\\/\\\/www.labaldufateatre.com\\\/es\\\/wp-content\\\/uploads\\\/sites\\\/2\\\/feten_2019_premis_1024x528.png\",\"contentUrl\":\"https:\\\/\\\/www.labaldufateatre.com\\\/es\\\/wp-content\\\/uploads\\\/sites\\\/2\\\/feten_2019_premis_1024x528.png\",\"width\":1024,\"height\":528},{\"@type\":\"BreadcrumbList\",\"@id\":\"https:\\\/\\\/www.labaldufateatre.com\\\/es\\\/la-baldufa-galardonada-de-nuevo-en-feten\\\/#breadcrumb\",\"itemListElement\":[{\"@type\":\"ListItem\",\"position\":1,\"name\":\"Portada\",\"item\":\"https:\\\/\\\/www.labaldufateatre.com\\\/es\\\/\"},{\"@type\":\"ListItem\",\"position\":2,\"name\":\"La Baldufa galardonada de nuevo en FETEN\"}]},{\"@type\":\"WebSite\",\"@id\":\"https:\\\/\\\/www.labaldufateatre.com\\\/es\\\/#website\",\"url\":\"https:\\\/\\\/www.labaldufateatre.com\\\/es\\\/\",\"name\":\"La Baldufa Teatre\",\"description\":\"Companyia de Comediants\",\"potentialAction\":[{\"@type\":\"SearchAction\",\"target\":{\"@type\":\"EntryPoint\",\"urlTemplate\":\"https:\\\/\\\/www.labaldufateatre.com\\\/es\\\/?s={search_term_string}\"},\"query-input\":{\"@type\":\"PropertyValueSpecification\",\"valueRequired\":true,\"valueName\":\"search_term_string\"}}],\"inLanguage\":\"es\"},{\"@type\":\"Person\",\"@id\":\"https:\\\/\\\/www.labaldufateatre.com\\\/es\\\/#\\\/schema\\\/person\\\/9bdcaa1e41295dbae5634e10328cba17\",\"name\":\"La Baldufa Teatre\",\"image\":{\"@type\":\"ImageObject\",\"inLanguage\":\"es\",\"@id\":\"https:\\\/\\\/secure.gravatar.com\\\/avatar\\\/d7d19647aef47cb2f08d837ca03f487a96bab078ac264f4495abfb61b75098c2?s=96&d=mm&r=g\",\"url\":\"https:\\\/\\\/secure.gravatar.com\\\/avatar\\\/d7d19647aef47cb2f08d837ca03f487a96bab078ac264f4495abfb61b75098c2?s=96&d=mm&r=g\",\"contentUrl\":\"https:\\\/\\\/secure.gravatar.com\\\/avatar\\\/d7d19647aef47cb2f08d837ca03f487a96bab078ac264f4495abfb61b75098c2?s=96&d=mm&r=g\",\"caption\":\"La Baldufa Teatre\"}}]}<\/script>\n<!-- \/ Yoast SEO plugin. -->","yoast_head_json":{"title":"La Baldufa galardonada de nuevo en FETEN - La Baldufa Teatre","description":"El espect\u00e1culo Mi Padre es un Ogro ha sido otorgado el Premio a la Mejor Interpretaci\u00f3n Masculina, Ex Aequo, en la \u00faltima edici\u00f3n de FETEN.","robots":{"index":"index","follow":"follow","max-snippet":"max-snippet:-1","max-image-preview":"max-image-preview:large","max-video-preview":"max-video-preview:-1"},"canonical":"https:\/\/www.labaldufateatre.com\/es\/la-baldufa-galardonada-de-nuevo-en-feten\/","og_locale":"es_ES","og_type":"article","og_title":"La Baldufa galardonada de nuevo en FETEN - La Baldufa Teatre","og_description":"El espect\u00e1culo Mi Padre es un Ogro ha sido otorgado el Premio a la Mejor Interpretaci\u00f3n Masculina, Ex Aequo, en la \u00faltima edici\u00f3n de FETEN.","og_url":"https:\/\/www.labaldufateatre.com\/es\/la-baldufa-galardonada-de-nuevo-en-feten\/","og_site_name":"La Baldufa Teatre","article_publisher":"http:\/\/www.facebook.com\/pages\/Companyia-de-Comediants-La-Baldufa\/94606450908","article_published_time":"2019-02-22T17:00:32+00:00","article_modified_time":"2019-02-26T11:48:17+00:00","og_image":[{"width":1024,"height":528,"url":"https:\/\/www.labaldufateatre.com\/es\/wp-content\/uploads\/sites\/2\/feten_2019_premis_1024x528.png","type":"image\/png"}],"author":"La Baldufa Teatre","twitter_card":"summary_large_image","twitter_creator":"@BaldufaTeatre","twitter_site":"@BaldufaTeatre","twitter_misc":{"Escrito por":"La Baldufa Teatre","Tiempo de lectura":"1 minuto"},"schema":{"@context":"https:\/\/schema.org","@graph":[{"@type":"Article","@id":"https:\/\/www.labaldufateatre.com\/es\/la-baldufa-galardonada-de-nuevo-en-feten\/#article","isPartOf":{"@id":"https:\/\/www.labaldufateatre.com\/es\/la-baldufa-galardonada-de-nuevo-en-feten\/"},"author":{"name":"La Baldufa Teatre","@id":"https:\/\/www.labaldufateatre.com\/es\/#\/schema\/person\/9bdcaa1e41295dbae5634e10328cba17"},"headline":"La Baldufa galardonada de nuevo en FETEN","datePublished":"2019-02-22T17:00:32+00:00","dateModified":"2019-02-26T11:48:17+00:00","mainEntityOfPage":{"@id":"https:\/\/www.labaldufateatre.com\/es\/la-baldufa-galardonada-de-nuevo-en-feten\/"},"wordCount":245,"image":{"@id":"https:\/\/www.labaldufateatre.com\/es\/la-baldufa-galardonada-de-nuevo-en-feten\/#primaryimage"},"thumbnailUrl":"https:\/\/www.labaldufateatre.com\/es\/wp-content\/uploads\/sites\/2\/feten_2019_premis_1024x528.png","articleSection":["Noticias"],"inLanguage":"es"},{"@type":"WebPage","@id":"https:\/\/www.labaldufateatre.com\/es\/la-baldufa-galardonada-de-nuevo-en-feten\/","url":"https:\/\/www.labaldufateatre.com\/es\/la-baldufa-galardonada-de-nuevo-en-feten\/","name":"La Baldufa galardonada de nuevo en FETEN - La Baldufa Teatre","isPartOf":{"@id":"https:\/\/www.labaldufateatre.com\/es\/#website"},"primaryImageOfPage":{"@id":"https:\/\/www.labaldufateatre.com\/es\/la-baldufa-galardonada-de-nuevo-en-feten\/#primaryimage"},"image":{"@id":"https:\/\/www.labaldufateatre.com\/es\/la-baldufa-galardonada-de-nuevo-en-feten\/#primaryimage"},"thumbnailUrl":"https:\/\/www.labaldufateatre.com\/es\/wp-content\/uploads\/sites\/2\/feten_2019_premis_1024x528.png","datePublished":"2019-02-22T17:00:32+00:00","dateModified":"2019-02-26T11:48:17+00:00","author":{"@id":"https:\/\/www.labaldufateatre.com\/es\/#\/schema\/person\/9bdcaa1e41295dbae5634e10328cba17"},"description":"El espect\u00e1culo Mi Padre es un Ogro ha sido otorgado el Premio a la Mejor Interpretaci\u00f3n Masculina, Ex Aequo, en la \u00faltima edici\u00f3n de FETEN.","breadcrumb":{"@id":"https:\/\/www.labaldufateatre.com\/es\/la-baldufa-galardonada-de-nuevo-en-feten\/#breadcrumb"},"inLanguage":"es","potentialAction":[{"@type":"ReadAction","target":["https:\/\/www.labaldufateatre.com\/es\/la-baldufa-galardonada-de-nuevo-en-feten\/"]}]},{"@type":"ImageObject","inLanguage":"es","@id":"https:\/\/www.labaldufateatre.com\/es\/la-baldufa-galardonada-de-nuevo-en-feten\/#primaryimage","url":"https:\/\/www.labaldufateatre.com\/es\/wp-content\/uploads\/sites\/2\/feten_2019_premis_1024x528.png","contentUrl":"https:\/\/www.labaldufateatre.com\/es\/wp-content\/uploads\/sites\/2\/feten_2019_premis_1024x528.png","width":1024,"height":528},{"@type":"BreadcrumbList","@id":"https:\/\/www.labaldufateatre.com\/es\/la-baldufa-galardonada-de-nuevo-en-feten\/#breadcrumb","itemListElement":[{"@type":"ListItem","position":1,"name":"Portada","item":"https:\/\/www.labaldufateatre.com\/es\/"},{"@type":"ListItem","position":2,"name":"La Baldufa galardonada de nuevo en FETEN"}]},{"@type":"WebSite","@id":"https:\/\/www.labaldufateatre.com\/es\/#website","url":"https:\/\/www.labaldufateatre.com\/es\/","name":"La Baldufa Teatre","description":"Companyia de Comediants","potentialAction":[{"@type":"SearchAction","target":{"@type":"EntryPoint","urlTemplate":"https:\/\/www.labaldufateatre.com\/es\/?s={search_term_string}"},"query-input":{"@type":"PropertyValueSpecification","valueRequired":true,"valueName":"search_term_string"}}],"inLanguage":"es"},{"@type":"Person","@id":"https:\/\/www.labaldufateatre.com\/es\/#\/schema\/person\/9bdcaa1e41295dbae5634e10328cba17","name":"La Baldufa Teatre","image":{"@type":"ImageObject","inLanguage":"es","@id":"https:\/\/secure.gravatar.com\/avatar\/d7d19647aef47cb2f08d837ca03f487a96bab078ac264f4495abfb61b75098c2?s=96&d=mm&r=g","url":"https:\/\/secure.gravatar.com\/avatar\/d7d19647aef47cb2f08d837ca03f487a96bab078ac264f4495abfb61b75098c2?s=96&d=mm&r=g","contentUrl":"https:\/\/secure.gravatar.com\/avatar\/d7d19647aef47cb2f08d837ca03f487a96bab078ac264f4495abfb61b75098c2?s=96&d=mm&r=g","caption":"La Baldufa Teatre"}}]}},"_links":{"self":[{"href":"https:\/\/www.labaldufateatre.com\/es\/wp-json\/wp\/v2\/posts\/950","targetHints":{"allow":["GET"]}}],"collection":[{"href":"https:\/\/www.labaldufateatre.com\/es\/wp-json\/wp\/v2\/posts"}],"about":[{"href":"https:\/\/www.labaldufateatre.com\/es\/wp-json\/wp\/v2\/types\/post"}],"author":[{"embeddable":true,"href":"https:\/\/www.labaldufateatre.com\/es\/wp-json\/wp\/v2\/users\/2"}],"replies":[{"embeddable":true,"href":"https:\/\/www.labaldufateatre.com\/es\/wp-json\/wp\/v2\/comments?post=950"}],"version-history":[{"count":3,"href":"https:\/\/www.labaldufateatre.com\/es\/wp-json\/wp\/v2\/posts\/950\/revisions"}],"predecessor-version":[{"id":968,"href":"https:\/\/www.labaldufateatre.com\/es\/wp-json\/wp\/v2\/posts\/950\/revisions\/968"}],"wp:featuredmedia":[{"embeddable":true,"href":"https:\/\/www.labaldufateatre.com\/es\/wp-json\/wp\/v2\/media\/951"}],"wp:attachment":[{"href":"https:\/\/www.labaldufateatre.com\/es\/wp-json\/wp\/v2\/media?parent=950"}],"wp:term":[{"taxonomy":"category","embeddable":true,"href":"https:\/\/www.labaldufateatre.com\/es\/wp-json\/wp\/v2\/categories?post=950"},{"taxonomy":"post_tag","embeddable":true,"href":"https:\/\/www.labaldufateatre.com\/es\/wp-json\/wp\/v2\/tags?post=950"}],"curies":[{"name":"wp","href":"https:\/\/api.w.org\/{rel}","templated":true}]}}