{"id":1003,"date":"2020-02-20T20:00:49","date_gmt":"2020-02-20T19:00:49","guid":{"rendered":"https:\/\/www.labaldufateatre.com\/fr\/?p=1003"},"modified":"2020-02-27T10:21:38","modified_gmt":"2020-02-27T09:21:38","slug":"nous-recevons-le-prix-entreprise-solidaire-2019","status":"publish","type":"post","link":"https:\/\/www.labaldufateatre.com\/fr\/nous-recevons-le-prix-entreprise-solidaire-2019\/","title":{"rendered":"Nous recevons le prix Entreprise Solidaire 2019"},"content":{"rendered":"<p>Dans le cadre de la Journ\u00e9e Mondiale de la Justice Sociale, la Mairie de Lleida accorde la reconnaissance aux entreprises de la ville qui se sont impliqu\u00e9es dans des projets d\u2019action sociale au long de l\u2019ann\u00e9e 2019. Les entreprises r\u00e9compens\u00e9es sont propos\u00e9es par des entit\u00e9s du troisi\u00e8me secteur de la ville. Dans notre cas, c\u2019est le \u00ab Pla de Desenvolupament Comunitari de La Mariola \u00bb qui a consid\u00e9r\u00e9 que nous devions recevoir ce m\u00e9rite.<\/p>\n<p>Nous sommes ravis de collaborer \u00e0 g\u00e9n\u00e9rer des actions dans notre quartier parce que nous pensons que la culture et le th\u00e9\u00e2tre doivent servir aux personnes \u00e0 franchir les barri\u00e8res, ouvrir les esprits et provoquer de l\u2019empathie.<\/p>\n<p>Un grand merci \u00e0 chacun de nos voisins du quartier pour cette gratification. Vive la vie de quartier !<\/p>\n<p><a href=\"https:\/\/benestarsocial.paeria.cat\/serveis-socials\/noticies\/la-paeria-reconeix-la-sensibilitat-solidaria-de-26-empreses-de-lleida\">https:\/\/benestarsocial.paeria.cat\/serveis-socials\/noticies\/la-paeria-reconeix-la-sensibilitat-solidaria-de-26-empreses-de-lleida<\/a><\/p>\n","protected":false},"excerpt":{"rendered":"<p>Dans le cadre de la Journ\u00e9e Mondiale de la Justice Sociale, la Mairie de Lleida accorde la reconnaissance aux entreprises...<\/p>\n","protected":false},"author":2,"featured_media":1006,"comment_status":"closed","ping_status":"closed","sticky":false,"template":"","format":"standard","meta":{"_acf_changed":false,"inline_featured_image":false,"footnotes":""},"categories":[1],"tags":[],"class_list":["post-1003","post","type-post","status-publish","format-standard","has-post-thumbnail","hentry","category-news"],"acf":[],"yoast_head":"<!-- This site is optimized with the Yoast SEO plugin v27.5 - https:\/\/yoast.com\/product\/yoast-seo-wordpress\/ -->\n<title>Nous recevons le prix Entreprise Solidaire 2019 - La Baldufa Teatre<\/title>\n<meta name=\"robots\" content=\"index, follow, max-snippet:-1, max-image-preview:large, max-video-preview:-1\" \/>\n<link rel=\"canonical\" href=\"https:\/\/www.labaldufateatre.com\/fr\/nous-recevons-le-prix-entreprise-solidaire-2019\/\" \/>\n<meta property=\"og:locale\" content=\"fr_FR\" \/>\n<meta property=\"og:type\" content=\"article\" \/>\n<meta property=\"og:title\" content=\"Nous recevons le prix Entreprise Solidaire 2019 - La Baldufa Teatre\" \/>\n<meta property=\"og:description\" content=\"Dans le cadre de la Journ\u00e9e Mondiale de la Justice Sociale, la Mairie de Lleida accorde la reconnaissance aux entreprises...\" \/>\n<meta property=\"og:url\" content=\"https:\/\/www.labaldufateatre.com\/fr\/nous-recevons-le-prix-entreprise-solidaire-2019\/\" \/>\n<meta property=\"og:site_name\" content=\"La Baldufa Teatre\" \/>\n<meta property=\"article:publisher\" content=\"http:\/\/www.facebook.com\/pages\/Companyia-de-Comediants-La-Baldufa\/94606450908\" \/>\n<meta property=\"article:published_time\" content=\"2020-02-20T19:00:49+00:00\" \/>\n<meta property=\"article:modified_time\" content=\"2020-02-27T09:21:38+00:00\" \/>\n<meta property=\"og:image\" content=\"https:\/\/www.labaldufateatre.com\/fr\/wp-content\/uploads\/sites\/4\/20200220_la_baldufa_empresa_solidaria_2019_1024x528.jpg\" \/>\n\t<meta property=\"og:image:width\" content=\"1024\" \/>\n\t<meta property=\"og:image:height\" content=\"528\" \/>\n\t<meta property=\"og:image:type\" content=\"image\/jpeg\" \/>\n<meta name=\"author\" content=\"La Baldufa Teatre\" \/>\n<meta name=\"twitter:card\" content=\"summary_large_image\" \/>\n<meta name=\"twitter:creator\" content=\"@BaldufaTeatre\" \/>\n<meta name=\"twitter:site\" content=\"@BaldufaTeatre\" \/>\n<meta name=\"twitter:label1\" content=\"\u00c9crit par\" \/>\n\t<meta name=\"twitter:data1\" content=\"La Baldufa Teatre\" \/>\n\t<meta name=\"twitter:label2\" content=\"Dur\u00e9e de lecture estim\u00e9e\" \/>\n\t<meta name=\"twitter:data2\" content=\"1 minute\" \/>\n<script type=\"application\/ld+json\" class=\"yoast-schema-graph\">{\"@context\":\"https:\\\/\\\/schema.org\",\"@graph\":[{\"@type\":\"Article\",\"@id\":\"https:\\\/\\\/www.labaldufateatre.com\\\/fr\\\/nous-recevons-le-prix-entreprise-solidaire-2019\\\/#article\",\"isPartOf\":{\"@id\":\"https:\\\/\\\/www.labaldufateatre.com\\\/fr\\\/nous-recevons-le-prix-entreprise-solidaire-2019\\\/\"},\"author\":{\"name\":\"La Baldufa Teatre\",\"@id\":\"https:\\\/\\\/www.labaldufateatre.com\\\/fr\\\/#\\\/schema\\\/person\\\/9bdcaa1e41295dbae5634e10328cba17\"},\"headline\":\"Nous recevons le prix Entreprise Solidaire 2019\",\"datePublished\":\"2020-02-20T19:00:49+00:00\",\"dateModified\":\"2020-02-27T09:21:38+00:00\",\"mainEntityOfPage\":{\"@id\":\"https:\\\/\\\/www.labaldufateatre.com\\\/fr\\\/nous-recevons-le-prix-entreprise-solidaire-2019\\\/\"},\"wordCount\":155,\"image\":{\"@id\":\"https:\\\/\\\/www.labaldufateatre.com\\\/fr\\\/nous-recevons-le-prix-entreprise-solidaire-2019\\\/#primaryimage\"},\"thumbnailUrl\":\"https:\\\/\\\/www.labaldufateatre.com\\\/fr\\\/wp-content\\\/uploads\\\/sites\\\/4\\\/20200220_la_baldufa_empresa_solidaria_2019_1024x528.jpg\",\"articleSection\":[\"News\"],\"inLanguage\":\"fr-FR\"},{\"@type\":\"WebPage\",\"@id\":\"https:\\\/\\\/www.labaldufateatre.com\\\/fr\\\/nous-recevons-le-prix-entreprise-solidaire-2019\\\/\",\"url\":\"https:\\\/\\\/www.labaldufateatre.com\\\/fr\\\/nous-recevons-le-prix-entreprise-solidaire-2019\\\/\",\"name\":\"Nous recevons le prix Entreprise Solidaire 2019 - La Baldufa Teatre\",\"isPartOf\":{\"@id\":\"https:\\\/\\\/www.labaldufateatre.com\\\/fr\\\/#website\"},\"primaryImageOfPage\":{\"@id\":\"https:\\\/\\\/www.labaldufateatre.com\\\/fr\\\/nous-recevons-le-prix-entreprise-solidaire-2019\\\/#primaryimage\"},\"image\":{\"@id\":\"https:\\\/\\\/www.labaldufateatre.com\\\/fr\\\/nous-recevons-le-prix-entreprise-solidaire-2019\\\/#primaryimage\"},\"thumbnailUrl\":\"https:\\\/\\\/www.labaldufateatre.com\\\/fr\\\/wp-content\\\/uploads\\\/sites\\\/4\\\/20200220_la_baldufa_empresa_solidaria_2019_1024x528.jpg\",\"datePublished\":\"2020-02-20T19:00:49+00:00\",\"dateModified\":\"2020-02-27T09:21:38+00:00\",\"author\":{\"@id\":\"https:\\\/\\\/www.labaldufateatre.com\\\/fr\\\/#\\\/schema\\\/person\\\/9bdcaa1e41295dbae5634e10328cba17\"},\"breadcrumb\":{\"@id\":\"https:\\\/\\\/www.labaldufateatre.com\\\/fr\\\/nous-recevons-le-prix-entreprise-solidaire-2019\\\/#breadcrumb\"},\"inLanguage\":\"fr-FR\",\"potentialAction\":[{\"@type\":\"ReadAction\",\"target\":[\"https:\\\/\\\/www.labaldufateatre.com\\\/fr\\\/nous-recevons-le-prix-entreprise-solidaire-2019\\\/\"]}]},{\"@type\":\"ImageObject\",\"inLanguage\":\"fr-FR\",\"@id\":\"https:\\\/\\\/www.labaldufateatre.com\\\/fr\\\/nous-recevons-le-prix-entreprise-solidaire-2019\\\/#primaryimage\",\"url\":\"https:\\\/\\\/www.labaldufateatre.com\\\/fr\\\/wp-content\\\/uploads\\\/sites\\\/4\\\/20200220_la_baldufa_empresa_solidaria_2019_1024x528.jpg\",\"contentUrl\":\"https:\\\/\\\/www.labaldufateatre.com\\\/fr\\\/wp-content\\\/uploads\\\/sites\\\/4\\\/20200220_la_baldufa_empresa_solidaria_2019_1024x528.jpg\",\"width\":1024,\"height\":528},{\"@type\":\"BreadcrumbList\",\"@id\":\"https:\\\/\\\/www.labaldufateatre.com\\\/fr\\\/nous-recevons-le-prix-entreprise-solidaire-2019\\\/#breadcrumb\",\"itemListElement\":[{\"@type\":\"ListItem\",\"position\":1,\"name\":\"Portada\",\"item\":\"https:\\\/\\\/www.labaldufateatre.com\\\/fr\\\/\"},{\"@type\":\"ListItem\",\"position\":2,\"name\":\"Nous recevons le prix Entreprise Solidaire 2019\"}]},{\"@type\":\"WebSite\",\"@id\":\"https:\\\/\\\/www.labaldufateatre.com\\\/fr\\\/#website\",\"url\":\"https:\\\/\\\/www.labaldufateatre.com\\\/fr\\\/\",\"name\":\"La Baldufa Teatre\",\"description\":\"Companyia de Comediants\",\"potentialAction\":[{\"@type\":\"SearchAction\",\"target\":{\"@type\":\"EntryPoint\",\"urlTemplate\":\"https:\\\/\\\/www.labaldufateatre.com\\\/fr\\\/?s={search_term_string}\"},\"query-input\":{\"@type\":\"PropertyValueSpecification\",\"valueRequired\":true,\"valueName\":\"search_term_string\"}}],\"inLanguage\":\"fr-FR\"},{\"@type\":\"Person\",\"@id\":\"https:\\\/\\\/www.labaldufateatre.com\\\/fr\\\/#\\\/schema\\\/person\\\/9bdcaa1e41295dbae5634e10328cba17\",\"name\":\"La Baldufa Teatre\",\"image\":{\"@type\":\"ImageObject\",\"inLanguage\":\"fr-FR\",\"@id\":\"https:\\\/\\\/secure.gravatar.com\\\/avatar\\\/d7d19647aef47cb2f08d837ca03f487a96bab078ac264f4495abfb61b75098c2?s=96&d=mm&r=g\",\"url\":\"https:\\\/\\\/secure.gravatar.com\\\/avatar\\\/d7d19647aef47cb2f08d837ca03f487a96bab078ac264f4495abfb61b75098c2?s=96&d=mm&r=g\",\"contentUrl\":\"https:\\\/\\\/secure.gravatar.com\\\/avatar\\\/d7d19647aef47cb2f08d837ca03f487a96bab078ac264f4495abfb61b75098c2?s=96&d=mm&r=g\",\"caption\":\"La Baldufa Teatre\"}}]}<\/script>\n<!-- \/ Yoast SEO plugin. -->","yoast_head_json":{"title":"Nous recevons le prix Entreprise Solidaire 2019 - La Baldufa Teatre","robots":{"index":"index","follow":"follow","max-snippet":"max-snippet:-1","max-image-preview":"max-image-preview:large","max-video-preview":"max-video-preview:-1"},"canonical":"https:\/\/www.labaldufateatre.com\/fr\/nous-recevons-le-prix-entreprise-solidaire-2019\/","og_locale":"fr_FR","og_type":"article","og_title":"Nous recevons le prix Entreprise Solidaire 2019 - La Baldufa Teatre","og_description":"Dans le cadre de la Journ\u00e9e Mondiale de la Justice Sociale, la Mairie de Lleida accorde la reconnaissance aux entreprises...","og_url":"https:\/\/www.labaldufateatre.com\/fr\/nous-recevons-le-prix-entreprise-solidaire-2019\/","og_site_name":"La Baldufa Teatre","article_publisher":"http:\/\/www.facebook.com\/pages\/Companyia-de-Comediants-La-Baldufa\/94606450908","article_published_time":"2020-02-20T19:00:49+00:00","article_modified_time":"2020-02-27T09:21:38+00:00","og_image":[{"width":1024,"height":528,"url":"https:\/\/www.labaldufateatre.com\/fr\/wp-content\/uploads\/sites\/4\/20200220_la_baldufa_empresa_solidaria_2019_1024x528.jpg","type":"image\/jpeg"}],"author":"La Baldufa Teatre","twitter_card":"summary_large_image","twitter_creator":"@BaldufaTeatre","twitter_site":"@BaldufaTeatre","twitter_misc":{"\u00c9crit par":"La Baldufa Teatre","Dur\u00e9e de lecture estim\u00e9e":"1 minute"},"schema":{"@context":"https:\/\/schema.org","@graph":[{"@type":"Article","@id":"https:\/\/www.labaldufateatre.com\/fr\/nous-recevons-le-prix-entreprise-solidaire-2019\/#article","isPartOf":{"@id":"https:\/\/www.labaldufateatre.com\/fr\/nous-recevons-le-prix-entreprise-solidaire-2019\/"},"author":{"name":"La Baldufa Teatre","@id":"https:\/\/www.labaldufateatre.com\/fr\/#\/schema\/person\/9bdcaa1e41295dbae5634e10328cba17"},"headline":"Nous recevons le prix Entreprise Solidaire 2019","datePublished":"2020-02-20T19:00:49+00:00","dateModified":"2020-02-27T09:21:38+00:00","mainEntityOfPage":{"@id":"https:\/\/www.labaldufateatre.com\/fr\/nous-recevons-le-prix-entreprise-solidaire-2019\/"},"wordCount":155,"image":{"@id":"https:\/\/www.labaldufateatre.com\/fr\/nous-recevons-le-prix-entreprise-solidaire-2019\/#primaryimage"},"thumbnailUrl":"https:\/\/www.labaldufateatre.com\/fr\/wp-content\/uploads\/sites\/4\/20200220_la_baldufa_empresa_solidaria_2019_1024x528.jpg","articleSection":["News"],"inLanguage":"fr-FR"},{"@type":"WebPage","@id":"https:\/\/www.labaldufateatre.com\/fr\/nous-recevons-le-prix-entreprise-solidaire-2019\/","url":"https:\/\/www.labaldufateatre.com\/fr\/nous-recevons-le-prix-entreprise-solidaire-2019\/","name":"Nous recevons le prix Entreprise Solidaire 2019 - La Baldufa Teatre","isPartOf":{"@id":"https:\/\/www.labaldufateatre.com\/fr\/#website"},"primaryImageOfPage":{"@id":"https:\/\/www.labaldufateatre.com\/fr\/nous-recevons-le-prix-entreprise-solidaire-2019\/#primaryimage"},"image":{"@id":"https:\/\/www.labaldufateatre.com\/fr\/nous-recevons-le-prix-entreprise-solidaire-2019\/#primaryimage"},"thumbnailUrl":"https:\/\/www.labaldufateatre.com\/fr\/wp-content\/uploads\/sites\/4\/20200220_la_baldufa_empresa_solidaria_2019_1024x528.jpg","datePublished":"2020-02-20T19:00:49+00:00","dateModified":"2020-02-27T09:21:38+00:00","author":{"@id":"https:\/\/www.labaldufateatre.com\/fr\/#\/schema\/person\/9bdcaa1e41295dbae5634e10328cba17"},"breadcrumb":{"@id":"https:\/\/www.labaldufateatre.com\/fr\/nous-recevons-le-prix-entreprise-solidaire-2019\/#breadcrumb"},"inLanguage":"fr-FR","potentialAction":[{"@type":"ReadAction","target":["https:\/\/www.labaldufateatre.com\/fr\/nous-recevons-le-prix-entreprise-solidaire-2019\/"]}]},{"@type":"ImageObject","inLanguage":"fr-FR","@id":"https:\/\/www.labaldufateatre.com\/fr\/nous-recevons-le-prix-entreprise-solidaire-2019\/#primaryimage","url":"https:\/\/www.labaldufateatre.com\/fr\/wp-content\/uploads\/sites\/4\/20200220_la_baldufa_empresa_solidaria_2019_1024x528.jpg","contentUrl":"https:\/\/www.labaldufateatre.com\/fr\/wp-content\/uploads\/sites\/4\/20200220_la_baldufa_empresa_solidaria_2019_1024x528.jpg","width":1024,"height":528},{"@type":"BreadcrumbList","@id":"https:\/\/www.labaldufateatre.com\/fr\/nous-recevons-le-prix-entreprise-solidaire-2019\/#breadcrumb","itemListElement":[{"@type":"ListItem","position":1,"name":"Portada","item":"https:\/\/www.labaldufateatre.com\/fr\/"},{"@type":"ListItem","position":2,"name":"Nous recevons le prix Entreprise Solidaire 2019"}]},{"@type":"WebSite","@id":"https:\/\/www.labaldufateatre.com\/fr\/#website","url":"https:\/\/www.labaldufateatre.com\/fr\/","name":"La Baldufa Teatre","description":"Companyia de Comediants","potentialAction":[{"@type":"SearchAction","target":{"@type":"EntryPoint","urlTemplate":"https:\/\/www.labaldufateatre.com\/fr\/?s={search_term_string}"},"query-input":{"@type":"PropertyValueSpecification","valueRequired":true,"valueName":"search_term_string"}}],"inLanguage":"fr-FR"},{"@type":"Person","@id":"https:\/\/www.labaldufateatre.com\/fr\/#\/schema\/person\/9bdcaa1e41295dbae5634e10328cba17","name":"La Baldufa Teatre","image":{"@type":"ImageObject","inLanguage":"fr-FR","@id":"https:\/\/secure.gravatar.com\/avatar\/d7d19647aef47cb2f08d837ca03f487a96bab078ac264f4495abfb61b75098c2?s=96&d=mm&r=g","url":"https:\/\/secure.gravatar.com\/avatar\/d7d19647aef47cb2f08d837ca03f487a96bab078ac264f4495abfb61b75098c2?s=96&d=mm&r=g","contentUrl":"https:\/\/secure.gravatar.com\/avatar\/d7d19647aef47cb2f08d837ca03f487a96bab078ac264f4495abfb61b75098c2?s=96&d=mm&r=g","caption":"La Baldufa Teatre"}}]}},"_links":{"self":[{"href":"https:\/\/www.labaldufateatre.com\/fr\/wp-json\/wp\/v2\/posts\/1003","targetHints":{"allow":["GET"]}}],"collection":[{"href":"https:\/\/www.labaldufateatre.com\/fr\/wp-json\/wp\/v2\/posts"}],"about":[{"href":"https:\/\/www.labaldufateatre.com\/fr\/wp-json\/wp\/v2\/types\/post"}],"author":[{"embeddable":true,"href":"https:\/\/www.labaldufateatre.com\/fr\/wp-json\/wp\/v2\/users\/2"}],"replies":[{"embeddable":true,"href":"https:\/\/www.labaldufateatre.com\/fr\/wp-json\/wp\/v2\/comments?post=1003"}],"version-history":[{"count":2,"href":"https:\/\/www.labaldufateatre.com\/fr\/wp-json\/wp\/v2\/posts\/1003\/revisions"}],"predecessor-version":[{"id":1007,"href":"https:\/\/www.labaldufateatre.com\/fr\/wp-json\/wp\/v2\/posts\/1003\/revisions\/1007"}],"wp:featuredmedia":[{"embeddable":true,"href":"https:\/\/www.labaldufateatre.com\/fr\/wp-json\/wp\/v2\/media\/1006"}],"wp:attachment":[{"href":"https:\/\/www.labaldufateatre.com\/fr\/wp-json\/wp\/v2\/media?parent=1003"}],"wp:term":[{"taxonomy":"category","embeddable":true,"href":"https:\/\/www.labaldufateatre.com\/fr\/wp-json\/wp\/v2\/categories?post=1003"},{"taxonomy":"post_tag","embeddable":true,"href":"https:\/\/www.labaldufateatre.com\/fr\/wp-json\/wp\/v2\/tags?post=1003"}],"curies":[{"name":"wp","href":"https:\/\/api.w.org\/{rel}","templated":true}]}}