{"id":1105,"date":"2020-10-01T15:01:19","date_gmt":"2020-10-01T13:01:19","guid":{"rendered":"https:\/\/www.labaldufateatre.com\/fr\/?p=1105"},"modified":"2020-10-29T14:23:01","modified_gmt":"2020-10-29T13:23:01","slug":"la-baldufa-irradiate-happiness-having-been-awarded-the-premio-nacional-de-artes-escenicas-para-la-infancia-y-la-juventud-2020","status":"publish","type":"post","link":"https:\/\/www.labaldufateatre.com\/fr\/la-baldufa-irradiate-happiness-having-been-awarded-the-premio-nacional-de-artes-escenicas-para-la-infancia-y-la-juventud-2020\/","title":{"rendered":"La Baldufa rayonne de bonheur en recevant le Premio Nacional de Artes Esc\u00e9nicas para la Infancia y la Juventud 2020"},"content":{"rendered":"<p>La joie est immense de pouvoir vous dire que nous avons re\u00e7u le prix le plus prestigieux des Arts Sc\u00e9niques Tout Public qui conc\u00e8de le Ministerio de Cultura. Il s\u2019agit d\u2019une r\u00e9compense \u00e0 la trajectoire de la compagnie qui en d\u00e9marque\u00a0: la<strong>\u00a0\u00ab\u00a0conception du spectateur comme un \u00eatre capable, critique et r\u00e9fl\u00e9chi quel que soit leur \u00e2ge\u00a0\u00bb<\/strong> et la capacit\u00e9 de cr\u00e9er des univers\u00a0<strong>\u00ab d\u2019une grande richesse po\u00e9tique visuelle \u00bb<\/strong>.<\/p>\n<p>\u00c0 La Baldufa, nous croyons que le th\u00e9\u00e2tre tout public doit g\u00e9n\u00e9rer de l\u2019empathie, une pens\u00e9e critique et nous faire grandir en tant que personnes. Et, dans les temps comme les pr\u00e9sents, la r\u00e9flexion et l\u2019\u00e9motion que nous apporte la Culture sont plus que jamais n\u00e9cessaires et essentielles\u00a0!<\/p>\n<p>Des reconnaissances comme celle-ci nous aident \u00e0 avancer avec encore plus d\u2019enthousiasme\u00a0!<\/p>\n<p><strong>MERCI BEAUCOUP<\/strong> \u00e0 toutes les personnes de l\u2019\u00e9quipe, qui \u00e0 un moment ou un autre, vous nous avez accompagn\u00e9, aid\u00e9\u00a0et avec qui nous nous sommes r\u00e9gal\u00e9s extraordinairement\u00a0!<\/p>\n<p>&nbsp;<\/p>\n<p><strong>PREMIO NACIONAL DE ARTES ESC\u00c9NICAS PARA LA INFANCIA Y LA JUVENTUD 2020<\/strong><\/p>\n<ul>\n<li><strong>Gobierno de Espa\u00f1a \u2014 Ministerio de Cultura y Deporte: <\/strong><a href=\"http:\/\/www.culturaydeporte.gob.es\/cultura\/artesescenicas\/premios\/pn-artes-escenicas-inf-juven\/premiados.html\"><strong>LAUR\u00c9ATS<\/strong><\/a><\/li>\n<li><strong>La Moncloa: <\/strong><a href=\"https:\/\/www.lamoncloa.gob.es\/serviciosdeprensa\/notasprensa\/cultura\/Paginas\/2020\/01102020_teatroinfantil.aspx\"><strong>NOUVELLE<\/strong><\/a><\/li>\n<li><strong>CCMA \u2014 TV3 \u2014 TN migdia: <\/strong><a href=\"https:\/\/youtu.be\/mCwKhGb4sKI\"><strong>NOUVELLE<\/strong><\/a><\/li>\n<\/ul>\n<p>&nbsp;<\/p>\n","protected":false},"excerpt":{"rendered":"<p>La joie est immense de pouvoir vous dire que nous avons re\u00e7u le prix le plus prestigieux des Arts Sc\u00e9niques Tout Public qui conc\u00e8de le Ministerio de Cultura. Il s\u2019agit d\u2019une r\u00e9compense \u00e0 la trajectoire de la compagnie qui en d\u00e9marque : la \u00ab conception du spectateur comme un \u00eatre capable, critique et r\u00e9fl\u00e9chi quel que soit leur \u00e2ge \u00bb et la capacit\u00e9 de cr\u00e9er des univers \u00ab d\u2019une grande richesse po\u00e9tique visuelle \u00bb.<\/p>\n","protected":false},"author":2,"featured_media":1108,"comment_status":"closed","ping_status":"closed","sticky":false,"template":"","format":"standard","meta":{"_acf_changed":false,"inline_featured_image":false,"footnotes":""},"categories":[1],"tags":[],"class_list":["post-1105","post","type-post","status-publish","format-standard","has-post-thumbnail","hentry","category-news"],"acf":[],"yoast_head":"<!-- This site is optimized with the Yoast SEO plugin v27.4 - https:\/\/yoast.com\/product\/yoast-seo-wordpress\/ -->\n<title>La Baldufa rayonne de bonheur en recevant le Premio Nacional de Artes Esc\u00e9nicas para la Infancia y la Juventud 2020 - La Baldufa Teatre<\/title>\n<meta name=\"robots\" content=\"index, follow, max-snippet:-1, max-image-preview:large, max-video-preview:-1\" \/>\n<link rel=\"canonical\" href=\"https:\/\/www.labaldufateatre.com\/fr\/la-baldufa-irradiate-happiness-having-been-awarded-the-premio-nacional-de-artes-escenicas-para-la-infancia-y-la-juventud-2020\/\" \/>\n<meta property=\"og:locale\" content=\"fr_FR\" \/>\n<meta property=\"og:type\" content=\"article\" \/>\n<meta property=\"og:title\" content=\"La Baldufa rayonne de bonheur en recevant le Premio Nacional de Artes Esc\u00e9nicas para la Infancia y la Juventud 2020 - La Baldufa Teatre\" \/>\n<meta property=\"og:description\" content=\"La joie est immense de pouvoir vous dire que nous avons re\u00e7u le prix le plus prestigieux des Arts Sc\u00e9niques Tout Public qui conc\u00e8de le Ministerio de Cultura. Il s\u2019agit d\u2019une r\u00e9compense \u00e0 la trajectoire de la compagnie qui en d\u00e9marque : la \u00ab conception du spectateur comme un \u00eatre capable, critique et r\u00e9fl\u00e9chi quel que soit leur \u00e2ge \u00bb et la capacit\u00e9 de cr\u00e9er des univers \u00ab d\u2019une grande richesse po\u00e9tique visuelle \u00bb.\" \/>\n<meta property=\"og:url\" content=\"https:\/\/www.labaldufateatre.com\/fr\/la-baldufa-irradiate-happiness-having-been-awarded-the-premio-nacional-de-artes-escenicas-para-la-infancia-y-la-juventud-2020\/\" \/>\n<meta property=\"og:site_name\" content=\"La Baldufa Teatre\" \/>\n<meta property=\"article:publisher\" content=\"http:\/\/www.facebook.com\/pages\/Companyia-de-Comediants-La-Baldufa\/94606450908\" \/>\n<meta property=\"article:published_time\" content=\"2020-10-01T13:01:19+00:00\" \/>\n<meta property=\"article:modified_time\" content=\"2020-10-29T13:23:01+00:00\" \/>\n<meta property=\"og:image\" content=\"https:\/\/www.labaldufateatre.com\/fr\/wp-content\/uploads\/sites\/4\/20201001_logo_premio_nacional_news_1024x528_tiny.png\" \/>\n\t<meta property=\"og:image:width\" content=\"1024\" \/>\n\t<meta property=\"og:image:height\" content=\"528\" \/>\n\t<meta property=\"og:image:type\" content=\"image\/png\" \/>\n<meta name=\"author\" content=\"La Baldufa Teatre\" \/>\n<meta name=\"twitter:card\" content=\"summary_large_image\" \/>\n<meta name=\"twitter:creator\" content=\"@BaldufaTeatre\" \/>\n<meta name=\"twitter:site\" content=\"@BaldufaTeatre\" \/>\n<meta name=\"twitter:label1\" content=\"\u00c9crit par\" \/>\n\t<meta name=\"twitter:data1\" content=\"La Baldufa Teatre\" \/>\n\t<meta name=\"twitter:label2\" content=\"Dur\u00e9e de lecture estim\u00e9e\" \/>\n\t<meta name=\"twitter:data2\" content=\"1 minute\" \/>\n<script type=\"application\/ld+json\" class=\"yoast-schema-graph\">{\"@context\":\"https:\\\/\\\/schema.org\",\"@graph\":[{\"@type\":\"Article\",\"@id\":\"https:\\\/\\\/www.labaldufateatre.com\\\/fr\\\/la-baldufa-irradiate-happiness-having-been-awarded-the-premio-nacional-de-artes-escenicas-para-la-infancia-y-la-juventud-2020\\\/#article\",\"isPartOf\":{\"@id\":\"https:\\\/\\\/www.labaldufateatre.com\\\/fr\\\/la-baldufa-irradiate-happiness-having-been-awarded-the-premio-nacional-de-artes-escenicas-para-la-infancia-y-la-juventud-2020\\\/\"},\"author\":{\"name\":\"La Baldufa Teatre\",\"@id\":\"https:\\\/\\\/www.labaldufateatre.com\\\/fr\\\/#\\\/schema\\\/person\\\/9bdcaa1e41295dbae5634e10328cba17\"},\"headline\":\"La Baldufa rayonne de bonheur en recevant le Premio Nacional de Artes Esc\u00e9nicas para la Infancia y la Juventud 2020\",\"datePublished\":\"2020-10-01T13:01:19+00:00\",\"dateModified\":\"2020-10-29T13:23:01+00:00\",\"mainEntityOfPage\":{\"@id\":\"https:\\\/\\\/www.labaldufateatre.com\\\/fr\\\/la-baldufa-irradiate-happiness-having-been-awarded-the-premio-nacional-de-artes-escenicas-para-la-infancia-y-la-juventud-2020\\\/\"},\"wordCount\":230,\"image\":{\"@id\":\"https:\\\/\\\/www.labaldufateatre.com\\\/fr\\\/la-baldufa-irradiate-happiness-having-been-awarded-the-premio-nacional-de-artes-escenicas-para-la-infancia-y-la-juventud-2020\\\/#primaryimage\"},\"thumbnailUrl\":\"https:\\\/\\\/www.labaldufateatre.com\\\/fr\\\/wp-content\\\/uploads\\\/sites\\\/4\\\/20201001_logo_premio_nacional_news_1024x528_tiny.png\",\"articleSection\":[\"News\"],\"inLanguage\":\"fr-FR\"},{\"@type\":\"WebPage\",\"@id\":\"https:\\\/\\\/www.labaldufateatre.com\\\/fr\\\/la-baldufa-irradiate-happiness-having-been-awarded-the-premio-nacional-de-artes-escenicas-para-la-infancia-y-la-juventud-2020\\\/\",\"url\":\"https:\\\/\\\/www.labaldufateatre.com\\\/fr\\\/la-baldufa-irradiate-happiness-having-been-awarded-the-premio-nacional-de-artes-escenicas-para-la-infancia-y-la-juventud-2020\\\/\",\"name\":\"La Baldufa rayonne de bonheur en recevant le Premio Nacional de Artes Esc\u00e9nicas para la Infancia y la Juventud 2020 - La Baldufa Teatre\",\"isPartOf\":{\"@id\":\"https:\\\/\\\/www.labaldufateatre.com\\\/fr\\\/#website\"},\"primaryImageOfPage\":{\"@id\":\"https:\\\/\\\/www.labaldufateatre.com\\\/fr\\\/la-baldufa-irradiate-happiness-having-been-awarded-the-premio-nacional-de-artes-escenicas-para-la-infancia-y-la-juventud-2020\\\/#primaryimage\"},\"image\":{\"@id\":\"https:\\\/\\\/www.labaldufateatre.com\\\/fr\\\/la-baldufa-irradiate-happiness-having-been-awarded-the-premio-nacional-de-artes-escenicas-para-la-infancia-y-la-juventud-2020\\\/#primaryimage\"},\"thumbnailUrl\":\"https:\\\/\\\/www.labaldufateatre.com\\\/fr\\\/wp-content\\\/uploads\\\/sites\\\/4\\\/20201001_logo_premio_nacional_news_1024x528_tiny.png\",\"datePublished\":\"2020-10-01T13:01:19+00:00\",\"dateModified\":\"2020-10-29T13:23:01+00:00\",\"author\":{\"@id\":\"https:\\\/\\\/www.labaldufateatre.com\\\/fr\\\/#\\\/schema\\\/person\\\/9bdcaa1e41295dbae5634e10328cba17\"},\"breadcrumb\":{\"@id\":\"https:\\\/\\\/www.labaldufateatre.com\\\/fr\\\/la-baldufa-irradiate-happiness-having-been-awarded-the-premio-nacional-de-artes-escenicas-para-la-infancia-y-la-juventud-2020\\\/#breadcrumb\"},\"inLanguage\":\"fr-FR\",\"potentialAction\":[{\"@type\":\"ReadAction\",\"target\":[\"https:\\\/\\\/www.labaldufateatre.com\\\/fr\\\/la-baldufa-irradiate-happiness-having-been-awarded-the-premio-nacional-de-artes-escenicas-para-la-infancia-y-la-juventud-2020\\\/\"]}]},{\"@type\":\"ImageObject\",\"inLanguage\":\"fr-FR\",\"@id\":\"https:\\\/\\\/www.labaldufateatre.com\\\/fr\\\/la-baldufa-irradiate-happiness-having-been-awarded-the-premio-nacional-de-artes-escenicas-para-la-infancia-y-la-juventud-2020\\\/#primaryimage\",\"url\":\"https:\\\/\\\/www.labaldufateatre.com\\\/fr\\\/wp-content\\\/uploads\\\/sites\\\/4\\\/20201001_logo_premio_nacional_news_1024x528_tiny.png\",\"contentUrl\":\"https:\\\/\\\/www.labaldufateatre.com\\\/fr\\\/wp-content\\\/uploads\\\/sites\\\/4\\\/20201001_logo_premio_nacional_news_1024x528_tiny.png\",\"width\":1024,\"height\":528},{\"@type\":\"BreadcrumbList\",\"@id\":\"https:\\\/\\\/www.labaldufateatre.com\\\/fr\\\/la-baldufa-irradiate-happiness-having-been-awarded-the-premio-nacional-de-artes-escenicas-para-la-infancia-y-la-juventud-2020\\\/#breadcrumb\",\"itemListElement\":[{\"@type\":\"ListItem\",\"position\":1,\"name\":\"Portada\",\"item\":\"https:\\\/\\\/www.labaldufateatre.com\\\/fr\\\/\"},{\"@type\":\"ListItem\",\"position\":2,\"name\":\"La Baldufa rayonne de bonheur en recevant le Premio Nacional de Artes Esc\u00e9nicas para la Infancia y la Juventud 2020\"}]},{\"@type\":\"WebSite\",\"@id\":\"https:\\\/\\\/www.labaldufateatre.com\\\/fr\\\/#website\",\"url\":\"https:\\\/\\\/www.labaldufateatre.com\\\/fr\\\/\",\"name\":\"La Baldufa Teatre\",\"description\":\"Companyia de Comediants\",\"potentialAction\":[{\"@type\":\"SearchAction\",\"target\":{\"@type\":\"EntryPoint\",\"urlTemplate\":\"https:\\\/\\\/www.labaldufateatre.com\\\/fr\\\/?s={search_term_string}\"},\"query-input\":{\"@type\":\"PropertyValueSpecification\",\"valueRequired\":true,\"valueName\":\"search_term_string\"}}],\"inLanguage\":\"fr-FR\"},{\"@type\":\"Person\",\"@id\":\"https:\\\/\\\/www.labaldufateatre.com\\\/fr\\\/#\\\/schema\\\/person\\\/9bdcaa1e41295dbae5634e10328cba17\",\"name\":\"La Baldufa Teatre\",\"image\":{\"@type\":\"ImageObject\",\"inLanguage\":\"fr-FR\",\"@id\":\"https:\\\/\\\/secure.gravatar.com\\\/avatar\\\/d7d19647aef47cb2f08d837ca03f487a96bab078ac264f4495abfb61b75098c2?s=96&d=mm&r=g\",\"url\":\"https:\\\/\\\/secure.gravatar.com\\\/avatar\\\/d7d19647aef47cb2f08d837ca03f487a96bab078ac264f4495abfb61b75098c2?s=96&d=mm&r=g\",\"contentUrl\":\"https:\\\/\\\/secure.gravatar.com\\\/avatar\\\/d7d19647aef47cb2f08d837ca03f487a96bab078ac264f4495abfb61b75098c2?s=96&d=mm&r=g\",\"caption\":\"La Baldufa Teatre\"}}]}<\/script>\n<!-- \/ Yoast SEO plugin. -->","yoast_head_json":{"title":"La Baldufa rayonne de bonheur en recevant le Premio Nacional de Artes Esc\u00e9nicas para la Infancia y la Juventud 2020 - La Baldufa Teatre","robots":{"index":"index","follow":"follow","max-snippet":"max-snippet:-1","max-image-preview":"max-image-preview:large","max-video-preview":"max-video-preview:-1"},"canonical":"https:\/\/www.labaldufateatre.com\/fr\/la-baldufa-irradiate-happiness-having-been-awarded-the-premio-nacional-de-artes-escenicas-para-la-infancia-y-la-juventud-2020\/","og_locale":"fr_FR","og_type":"article","og_title":"La Baldufa rayonne de bonheur en recevant le Premio Nacional de Artes Esc\u00e9nicas para la Infancia y la Juventud 2020 - La Baldufa Teatre","og_description":"La joie est immense de pouvoir vous dire que nous avons re\u00e7u le prix le plus prestigieux des Arts Sc\u00e9niques Tout Public qui conc\u00e8de le Ministerio de Cultura. Il s\u2019agit d\u2019une r\u00e9compense \u00e0 la trajectoire de la compagnie qui en d\u00e9marque : la \u00ab conception du spectateur comme un \u00eatre capable, critique et r\u00e9fl\u00e9chi quel que soit leur \u00e2ge \u00bb et la capacit\u00e9 de cr\u00e9er des univers \u00ab d\u2019une grande richesse po\u00e9tique visuelle \u00bb.","og_url":"https:\/\/www.labaldufateatre.com\/fr\/la-baldufa-irradiate-happiness-having-been-awarded-the-premio-nacional-de-artes-escenicas-para-la-infancia-y-la-juventud-2020\/","og_site_name":"La Baldufa Teatre","article_publisher":"http:\/\/www.facebook.com\/pages\/Companyia-de-Comediants-La-Baldufa\/94606450908","article_published_time":"2020-10-01T13:01:19+00:00","article_modified_time":"2020-10-29T13:23:01+00:00","og_image":[{"width":1024,"height":528,"url":"https:\/\/www.labaldufateatre.com\/fr\/wp-content\/uploads\/sites\/4\/20201001_logo_premio_nacional_news_1024x528_tiny.png","type":"image\/png"}],"author":"La Baldufa Teatre","twitter_card":"summary_large_image","twitter_creator":"@BaldufaTeatre","twitter_site":"@BaldufaTeatre","twitter_misc":{"\u00c9crit par":"La Baldufa Teatre","Dur\u00e9e de lecture estim\u00e9e":"1 minute"},"schema":{"@context":"https:\/\/schema.org","@graph":[{"@type":"Article","@id":"https:\/\/www.labaldufateatre.com\/fr\/la-baldufa-irradiate-happiness-having-been-awarded-the-premio-nacional-de-artes-escenicas-para-la-infancia-y-la-juventud-2020\/#article","isPartOf":{"@id":"https:\/\/www.labaldufateatre.com\/fr\/la-baldufa-irradiate-happiness-having-been-awarded-the-premio-nacional-de-artes-escenicas-para-la-infancia-y-la-juventud-2020\/"},"author":{"name":"La Baldufa Teatre","@id":"https:\/\/www.labaldufateatre.com\/fr\/#\/schema\/person\/9bdcaa1e41295dbae5634e10328cba17"},"headline":"La Baldufa rayonne de bonheur en recevant le Premio Nacional de Artes Esc\u00e9nicas para la Infancia y la Juventud 2020","datePublished":"2020-10-01T13:01:19+00:00","dateModified":"2020-10-29T13:23:01+00:00","mainEntityOfPage":{"@id":"https:\/\/www.labaldufateatre.com\/fr\/la-baldufa-irradiate-happiness-having-been-awarded-the-premio-nacional-de-artes-escenicas-para-la-infancia-y-la-juventud-2020\/"},"wordCount":230,"image":{"@id":"https:\/\/www.labaldufateatre.com\/fr\/la-baldufa-irradiate-happiness-having-been-awarded-the-premio-nacional-de-artes-escenicas-para-la-infancia-y-la-juventud-2020\/#primaryimage"},"thumbnailUrl":"https:\/\/www.labaldufateatre.com\/fr\/wp-content\/uploads\/sites\/4\/20201001_logo_premio_nacional_news_1024x528_tiny.png","articleSection":["News"],"inLanguage":"fr-FR"},{"@type":"WebPage","@id":"https:\/\/www.labaldufateatre.com\/fr\/la-baldufa-irradiate-happiness-having-been-awarded-the-premio-nacional-de-artes-escenicas-para-la-infancia-y-la-juventud-2020\/","url":"https:\/\/www.labaldufateatre.com\/fr\/la-baldufa-irradiate-happiness-having-been-awarded-the-premio-nacional-de-artes-escenicas-para-la-infancia-y-la-juventud-2020\/","name":"La Baldufa rayonne de bonheur en recevant le Premio Nacional de Artes Esc\u00e9nicas para la Infancia y la Juventud 2020 - La Baldufa Teatre","isPartOf":{"@id":"https:\/\/www.labaldufateatre.com\/fr\/#website"},"primaryImageOfPage":{"@id":"https:\/\/www.labaldufateatre.com\/fr\/la-baldufa-irradiate-happiness-having-been-awarded-the-premio-nacional-de-artes-escenicas-para-la-infancia-y-la-juventud-2020\/#primaryimage"},"image":{"@id":"https:\/\/www.labaldufateatre.com\/fr\/la-baldufa-irradiate-happiness-having-been-awarded-the-premio-nacional-de-artes-escenicas-para-la-infancia-y-la-juventud-2020\/#primaryimage"},"thumbnailUrl":"https:\/\/www.labaldufateatre.com\/fr\/wp-content\/uploads\/sites\/4\/20201001_logo_premio_nacional_news_1024x528_tiny.png","datePublished":"2020-10-01T13:01:19+00:00","dateModified":"2020-10-29T13:23:01+00:00","author":{"@id":"https:\/\/www.labaldufateatre.com\/fr\/#\/schema\/person\/9bdcaa1e41295dbae5634e10328cba17"},"breadcrumb":{"@id":"https:\/\/www.labaldufateatre.com\/fr\/la-baldufa-irradiate-happiness-having-been-awarded-the-premio-nacional-de-artes-escenicas-para-la-infancia-y-la-juventud-2020\/#breadcrumb"},"inLanguage":"fr-FR","potentialAction":[{"@type":"ReadAction","target":["https:\/\/www.labaldufateatre.com\/fr\/la-baldufa-irradiate-happiness-having-been-awarded-the-premio-nacional-de-artes-escenicas-para-la-infancia-y-la-juventud-2020\/"]}]},{"@type":"ImageObject","inLanguage":"fr-FR","@id":"https:\/\/www.labaldufateatre.com\/fr\/la-baldufa-irradiate-happiness-having-been-awarded-the-premio-nacional-de-artes-escenicas-para-la-infancia-y-la-juventud-2020\/#primaryimage","url":"https:\/\/www.labaldufateatre.com\/fr\/wp-content\/uploads\/sites\/4\/20201001_logo_premio_nacional_news_1024x528_tiny.png","contentUrl":"https:\/\/www.labaldufateatre.com\/fr\/wp-content\/uploads\/sites\/4\/20201001_logo_premio_nacional_news_1024x528_tiny.png","width":1024,"height":528},{"@type":"BreadcrumbList","@id":"https:\/\/www.labaldufateatre.com\/fr\/la-baldufa-irradiate-happiness-having-been-awarded-the-premio-nacional-de-artes-escenicas-para-la-infancia-y-la-juventud-2020\/#breadcrumb","itemListElement":[{"@type":"ListItem","position":1,"name":"Portada","item":"https:\/\/www.labaldufateatre.com\/fr\/"},{"@type":"ListItem","position":2,"name":"La Baldufa rayonne de bonheur en recevant le Premio Nacional de Artes Esc\u00e9nicas para la Infancia y la Juventud 2020"}]},{"@type":"WebSite","@id":"https:\/\/www.labaldufateatre.com\/fr\/#website","url":"https:\/\/www.labaldufateatre.com\/fr\/","name":"La Baldufa Teatre","description":"Companyia de Comediants","potentialAction":[{"@type":"SearchAction","target":{"@type":"EntryPoint","urlTemplate":"https:\/\/www.labaldufateatre.com\/fr\/?s={search_term_string}"},"query-input":{"@type":"PropertyValueSpecification","valueRequired":true,"valueName":"search_term_string"}}],"inLanguage":"fr-FR"},{"@type":"Person","@id":"https:\/\/www.labaldufateatre.com\/fr\/#\/schema\/person\/9bdcaa1e41295dbae5634e10328cba17","name":"La Baldufa Teatre","image":{"@type":"ImageObject","inLanguage":"fr-FR","@id":"https:\/\/secure.gravatar.com\/avatar\/d7d19647aef47cb2f08d837ca03f487a96bab078ac264f4495abfb61b75098c2?s=96&d=mm&r=g","url":"https:\/\/secure.gravatar.com\/avatar\/d7d19647aef47cb2f08d837ca03f487a96bab078ac264f4495abfb61b75098c2?s=96&d=mm&r=g","contentUrl":"https:\/\/secure.gravatar.com\/avatar\/d7d19647aef47cb2f08d837ca03f487a96bab078ac264f4495abfb61b75098c2?s=96&d=mm&r=g","caption":"La Baldufa Teatre"}}]}},"_links":{"self":[{"href":"https:\/\/www.labaldufateatre.com\/fr\/wp-json\/wp\/v2\/posts\/1105","targetHints":{"allow":["GET"]}}],"collection":[{"href":"https:\/\/www.labaldufateatre.com\/fr\/wp-json\/wp\/v2\/posts"}],"about":[{"href":"https:\/\/www.labaldufateatre.com\/fr\/wp-json\/wp\/v2\/types\/post"}],"author":[{"embeddable":true,"href":"https:\/\/www.labaldufateatre.com\/fr\/wp-json\/wp\/v2\/users\/2"}],"replies":[{"embeddable":true,"href":"https:\/\/www.labaldufateatre.com\/fr\/wp-json\/wp\/v2\/comments?post=1105"}],"version-history":[{"count":11,"href":"https:\/\/www.labaldufateatre.com\/fr\/wp-json\/wp\/v2\/posts\/1105\/revisions"}],"predecessor-version":[{"id":1157,"href":"https:\/\/www.labaldufateatre.com\/fr\/wp-json\/wp\/v2\/posts\/1105\/revisions\/1157"}],"wp:featuredmedia":[{"embeddable":true,"href":"https:\/\/www.labaldufateatre.com\/fr\/wp-json\/wp\/v2\/media\/1108"}],"wp:attachment":[{"href":"https:\/\/www.labaldufateatre.com\/fr\/wp-json\/wp\/v2\/media?parent=1105"}],"wp:term":[{"taxonomy":"category","embeddable":true,"href":"https:\/\/www.labaldufateatre.com\/fr\/wp-json\/wp\/v2\/categories?post=1105"},{"taxonomy":"post_tag","embeddable":true,"href":"https:\/\/www.labaldufateatre.com\/fr\/wp-json\/wp\/v2\/tags?post=1105"}],"curies":[{"name":"wp","href":"https:\/\/api.w.org\/{rel}","templated":true}]}}