{"id":1163,"date":"2021-05-12T18:20:49","date_gmt":"2021-05-12T16:20:49","guid":{"rendered":"https:\/\/www.labaldufateatre.com\/fr\/?p=1163"},"modified":"2021-05-12T18:20:49","modified_gmt":"2021-05-12T16:20:49","slug":"cette-annee-oui-la-mostra-igualada-revient-et-nous-y-sommes-aussi","status":"publish","type":"post","link":"https:\/\/www.labaldufateatre.com\/fr\/cette-annee-oui-la-mostra-igualada-revient-et-nous-y-sommes-aussi\/","title":{"rendered":"Cette ann\u00e9e, oui! La Mostra Igualada revient et nous y sommes aussi"},"content":{"rendered":"<p>Du 26 au 30 mai aura lieu la\u00a0<strong>Mostra Igualada 2021<\/strong>.\u00a0Et ils en sont d\u00e9j\u00e0 \u00e0 sa 32\u00e8me\u00a0\u00e9dition\u00a0! Apr\u00e8s la suspension de l\u2019\u00e9dition de l\u2019ann\u00e9e derni\u00e8re en raison de la situation sanitaire, cette ann\u00e9e la Mostra pr\u00e9pare un\u00a0<strong>format hybride<\/strong>\u00a0exceptionnel, <strong>avec des spectacles en direct et une activit\u00e9 professionnelle en ligne.<\/strong><\/p>\n<p>La Baldufa y pr\u00e9sente 2 s\u00e9ances du spectacle\u00a0<strong>La Fable de l\u2019\u00c9cureuil, le 27 mai, \u00e0 11h15 et \u00e0 15h30 \u00e0 la Sala Gran du Escorxador<\/strong>. Deux com\u00e9diens sur sc\u00e8ne, de la musique en direct et une histoire en forme de fable qui nous invite \u00e0 r\u00e9fl\u00e9chir sur la coexistence, la diff\u00e9rence et la diversit\u00e9.<\/p>\n<p>Nous profitons \u00e9galement de cette occasion pour encourager le nouveau directeur artistique et toute l\u2019\u00e9quipe de la Mostra dans sa premi\u00e8re \u00e9dition en pr\u00e9sentiel. Nous leur souhaitons bonne chance et plein de succ\u00e8s dans la difficile t\u00e2che de diriger la Mostra en cette situation complexe dans laquelle nous nous trouvons.<\/p>\n<p>Cette ann\u00e9e, plus d'envie de Mostra que jamais !<\/p>\n<p>+ Info sur la Mostra et toute la programmation. Les billets <a href=\"https:\/\/mostraigualada.cat\" target=\"_blank\" rel=\"noopener noreferrer\">ici!<\/a><\/p>\n<p><a href=\"https:\/\/mostraigualada.cat\"><img loading=\"lazy\" decoding=\"async\" class=\"alignleft wp-image-1160\" src=\"https:\/\/www.labaldufateatre.com\/wp-content\/uploads\/mostra-1024x208.png\" alt=\"\" width=\"339\" height=\"69\" \/><\/a><\/p>\n","protected":false},"excerpt":{"rendered":"<p>Du 26 au 30 mai aura lieu la\u00a0Mostra Igualada 2021.\u00a0Et ils en sont d\u00e9j\u00e0 \u00e0 sa 32\u00e8me\u00a0\u00e9dition\u00a0! Apr\u00e8s la suspension...<\/p>\n","protected":false},"author":1,"featured_media":1164,"comment_status":"closed","ping_status":"closed","sticky":false,"template":"","format":"standard","meta":{"_acf_changed":false,"inline_featured_image":false,"footnotes":""},"categories":[1],"tags":[],"class_list":["post-1163","post","type-post","status-publish","format-standard","has-post-thumbnail","hentry","category-news"],"acf":[],"yoast_head":"<!-- This site is optimized with the Yoast SEO plugin v27.5 - https:\/\/yoast.com\/product\/yoast-seo-wordpress\/ -->\n<title>Cette ann\u00e9e, oui! La Mostra Igualada revient et nous y sommes aussi - La Baldufa Teatre<\/title>\n<meta name=\"robots\" content=\"index, follow, max-snippet:-1, max-image-preview:large, max-video-preview:-1\" \/>\n<link rel=\"canonical\" href=\"https:\/\/www.labaldufateatre.com\/fr\/cette-annee-oui-la-mostra-igualada-revient-et-nous-y-sommes-aussi\/\" \/>\n<meta property=\"og:locale\" content=\"fr_FR\" \/>\n<meta property=\"og:type\" content=\"article\" \/>\n<meta property=\"og:title\" content=\"Cette ann\u00e9e, oui! La Mostra Igualada revient et nous y sommes aussi - La Baldufa Teatre\" \/>\n<meta property=\"og:description\" content=\"Du 26 au 30 mai aura lieu la\u00a0Mostra Igualada 2021.\u00a0Et ils en sont d\u00e9j\u00e0 \u00e0 sa 32\u00e8me\u00a0\u00e9dition\u00a0! Apr\u00e8s la suspension...\" \/>\n<meta property=\"og:url\" content=\"https:\/\/www.labaldufateatre.com\/fr\/cette-annee-oui-la-mostra-igualada-revient-et-nous-y-sommes-aussi\/\" \/>\n<meta property=\"og:site_name\" content=\"La Baldufa Teatre\" \/>\n<meta property=\"article:publisher\" content=\"http:\/\/www.facebook.com\/pages\/Companyia-de-Comediants-La-Baldufa\/94606450908\" \/>\n<meta property=\"article:published_time\" content=\"2021-05-12T16:20:49+00:00\" \/>\n<meta property=\"og:image\" content=\"https:\/\/www.labaldufateatre.com\/fr\/wp-content\/uploads\/sites\/4\/slideweb-cat-1536x330-1.jpg\" \/>\n\t<meta property=\"og:image:width\" content=\"1536\" \/>\n\t<meta property=\"og:image:height\" content=\"330\" \/>\n\t<meta property=\"og:image:type\" content=\"image\/jpeg\" \/>\n<meta name=\"author\" content=\"calzbert\" \/>\n<meta name=\"twitter:card\" content=\"summary_large_image\" \/>\n<meta name=\"twitter:creator\" content=\"@BaldufaTeatre\" \/>\n<meta name=\"twitter:site\" content=\"@BaldufaTeatre\" \/>\n<meta name=\"twitter:label1\" content=\"\u00c9crit par\" \/>\n\t<meta name=\"twitter:data1\" content=\"calzbert\" \/>\n\t<meta name=\"twitter:label2\" content=\"Dur\u00e9e de lecture estim\u00e9e\" \/>\n\t<meta name=\"twitter:data2\" content=\"1 minute\" \/>\n<script type=\"application\/ld+json\" class=\"yoast-schema-graph\">{\"@context\":\"https:\\\/\\\/schema.org\",\"@graph\":[{\"@type\":\"Article\",\"@id\":\"https:\\\/\\\/www.labaldufateatre.com\\\/fr\\\/cette-annee-oui-la-mostra-igualada-revient-et-nous-y-sommes-aussi\\\/#article\",\"isPartOf\":{\"@id\":\"https:\\\/\\\/www.labaldufateatre.com\\\/fr\\\/cette-annee-oui-la-mostra-igualada-revient-et-nous-y-sommes-aussi\\\/\"},\"author\":{\"name\":\"calzbert\",\"@id\":\"https:\\\/\\\/www.labaldufateatre.com\\\/fr\\\/#\\\/schema\\\/person\\\/f2f99ab48040e39e27bf2d85573f9082\"},\"headline\":\"Cette ann\u00e9e, oui! La Mostra Igualada revient et nous y sommes aussi\",\"datePublished\":\"2021-05-12T16:20:49+00:00\",\"mainEntityOfPage\":{\"@id\":\"https:\\\/\\\/www.labaldufateatre.com\\\/fr\\\/cette-annee-oui-la-mostra-igualada-revient-et-nous-y-sommes-aussi\\\/\"},\"wordCount\":204,\"image\":{\"@id\":\"https:\\\/\\\/www.labaldufateatre.com\\\/fr\\\/cette-annee-oui-la-mostra-igualada-revient-et-nous-y-sommes-aussi\\\/#primaryimage\"},\"thumbnailUrl\":\"https:\\\/\\\/www.labaldufateatre.com\\\/fr\\\/wp-content\\\/uploads\\\/sites\\\/4\\\/slideweb-cat-1536x330-1.jpg\",\"articleSection\":[\"News\"],\"inLanguage\":\"fr-FR\"},{\"@type\":\"WebPage\",\"@id\":\"https:\\\/\\\/www.labaldufateatre.com\\\/fr\\\/cette-annee-oui-la-mostra-igualada-revient-et-nous-y-sommes-aussi\\\/\",\"url\":\"https:\\\/\\\/www.labaldufateatre.com\\\/fr\\\/cette-annee-oui-la-mostra-igualada-revient-et-nous-y-sommes-aussi\\\/\",\"name\":\"Cette ann\u00e9e, oui! La Mostra Igualada revient et nous y sommes aussi - La Baldufa Teatre\",\"isPartOf\":{\"@id\":\"https:\\\/\\\/www.labaldufateatre.com\\\/fr\\\/#website\"},\"primaryImageOfPage\":{\"@id\":\"https:\\\/\\\/www.labaldufateatre.com\\\/fr\\\/cette-annee-oui-la-mostra-igualada-revient-et-nous-y-sommes-aussi\\\/#primaryimage\"},\"image\":{\"@id\":\"https:\\\/\\\/www.labaldufateatre.com\\\/fr\\\/cette-annee-oui-la-mostra-igualada-revient-et-nous-y-sommes-aussi\\\/#primaryimage\"},\"thumbnailUrl\":\"https:\\\/\\\/www.labaldufateatre.com\\\/fr\\\/wp-content\\\/uploads\\\/sites\\\/4\\\/slideweb-cat-1536x330-1.jpg\",\"datePublished\":\"2021-05-12T16:20:49+00:00\",\"author\":{\"@id\":\"https:\\\/\\\/www.labaldufateatre.com\\\/fr\\\/#\\\/schema\\\/person\\\/f2f99ab48040e39e27bf2d85573f9082\"},\"breadcrumb\":{\"@id\":\"https:\\\/\\\/www.labaldufateatre.com\\\/fr\\\/cette-annee-oui-la-mostra-igualada-revient-et-nous-y-sommes-aussi\\\/#breadcrumb\"},\"inLanguage\":\"fr-FR\",\"potentialAction\":[{\"@type\":\"ReadAction\",\"target\":[\"https:\\\/\\\/www.labaldufateatre.com\\\/fr\\\/cette-annee-oui-la-mostra-igualada-revient-et-nous-y-sommes-aussi\\\/\"]}]},{\"@type\":\"ImageObject\",\"inLanguage\":\"fr-FR\",\"@id\":\"https:\\\/\\\/www.labaldufateatre.com\\\/fr\\\/cette-annee-oui-la-mostra-igualada-revient-et-nous-y-sommes-aussi\\\/#primaryimage\",\"url\":\"https:\\\/\\\/www.labaldufateatre.com\\\/fr\\\/wp-content\\\/uploads\\\/sites\\\/4\\\/slideweb-cat-1536x330-1.jpg\",\"contentUrl\":\"https:\\\/\\\/www.labaldufateatre.com\\\/fr\\\/wp-content\\\/uploads\\\/sites\\\/4\\\/slideweb-cat-1536x330-1.jpg\",\"width\":1536,\"height\":330},{\"@type\":\"BreadcrumbList\",\"@id\":\"https:\\\/\\\/www.labaldufateatre.com\\\/fr\\\/cette-annee-oui-la-mostra-igualada-revient-et-nous-y-sommes-aussi\\\/#breadcrumb\",\"itemListElement\":[{\"@type\":\"ListItem\",\"position\":1,\"name\":\"Portada\",\"item\":\"https:\\\/\\\/www.labaldufateatre.com\\\/fr\\\/\"},{\"@type\":\"ListItem\",\"position\":2,\"name\":\"Cette ann\u00e9e, oui! La Mostra Igualada revient et nous y sommes aussi\"}]},{\"@type\":\"WebSite\",\"@id\":\"https:\\\/\\\/www.labaldufateatre.com\\\/fr\\\/#website\",\"url\":\"https:\\\/\\\/www.labaldufateatre.com\\\/fr\\\/\",\"name\":\"La Baldufa Teatre\",\"description\":\"Companyia de Comediants\",\"potentialAction\":[{\"@type\":\"SearchAction\",\"target\":{\"@type\":\"EntryPoint\",\"urlTemplate\":\"https:\\\/\\\/www.labaldufateatre.com\\\/fr\\\/?s={search_term_string}\"},\"query-input\":{\"@type\":\"PropertyValueSpecification\",\"valueRequired\":true,\"valueName\":\"search_term_string\"}}],\"inLanguage\":\"fr-FR\"},{\"@type\":\"Person\",\"@id\":\"https:\\\/\\\/www.labaldufateatre.com\\\/fr\\\/#\\\/schema\\\/person\\\/f2f99ab48040e39e27bf2d85573f9082\",\"name\":\"calzbert\",\"image\":{\"@type\":\"ImageObject\",\"inLanguage\":\"fr-FR\",\"@id\":\"https:\\\/\\\/secure.gravatar.com\\\/avatar\\\/c1261138a5e7882394bd9001104fe7078a2d860997555a5353af4ef7bd38f6db?s=96&d=mm&r=g\",\"url\":\"https:\\\/\\\/secure.gravatar.com\\\/avatar\\\/c1261138a5e7882394bd9001104fe7078a2d860997555a5353af4ef7bd38f6db?s=96&d=mm&r=g\",\"contentUrl\":\"https:\\\/\\\/secure.gravatar.com\\\/avatar\\\/c1261138a5e7882394bd9001104fe7078a2d860997555a5353af4ef7bd38f6db?s=96&d=mm&r=g\",\"caption\":\"calzbert\"}}]}<\/script>\n<!-- \/ Yoast SEO plugin. -->","yoast_head_json":{"title":"Cette ann\u00e9e, oui! La Mostra Igualada revient et nous y sommes aussi - La Baldufa Teatre","robots":{"index":"index","follow":"follow","max-snippet":"max-snippet:-1","max-image-preview":"max-image-preview:large","max-video-preview":"max-video-preview:-1"},"canonical":"https:\/\/www.labaldufateatre.com\/fr\/cette-annee-oui-la-mostra-igualada-revient-et-nous-y-sommes-aussi\/","og_locale":"fr_FR","og_type":"article","og_title":"Cette ann\u00e9e, oui! La Mostra Igualada revient et nous y sommes aussi - La Baldufa Teatre","og_description":"Du 26 au 30 mai aura lieu la\u00a0Mostra Igualada 2021.\u00a0Et ils en sont d\u00e9j\u00e0 \u00e0 sa 32\u00e8me\u00a0\u00e9dition\u00a0! Apr\u00e8s la suspension...","og_url":"https:\/\/www.labaldufateatre.com\/fr\/cette-annee-oui-la-mostra-igualada-revient-et-nous-y-sommes-aussi\/","og_site_name":"La Baldufa Teatre","article_publisher":"http:\/\/www.facebook.com\/pages\/Companyia-de-Comediants-La-Baldufa\/94606450908","article_published_time":"2021-05-12T16:20:49+00:00","og_image":[{"width":1536,"height":330,"url":"https:\/\/www.labaldufateatre.com\/fr\/wp-content\/uploads\/sites\/4\/slideweb-cat-1536x330-1.jpg","type":"image\/jpeg"}],"author":"calzbert","twitter_card":"summary_large_image","twitter_creator":"@BaldufaTeatre","twitter_site":"@BaldufaTeatre","twitter_misc":{"\u00c9crit par":"calzbert","Dur\u00e9e de lecture estim\u00e9e":"1 minute"},"schema":{"@context":"https:\/\/schema.org","@graph":[{"@type":"Article","@id":"https:\/\/www.labaldufateatre.com\/fr\/cette-annee-oui-la-mostra-igualada-revient-et-nous-y-sommes-aussi\/#article","isPartOf":{"@id":"https:\/\/www.labaldufateatre.com\/fr\/cette-annee-oui-la-mostra-igualada-revient-et-nous-y-sommes-aussi\/"},"author":{"name":"calzbert","@id":"https:\/\/www.labaldufateatre.com\/fr\/#\/schema\/person\/f2f99ab48040e39e27bf2d85573f9082"},"headline":"Cette ann\u00e9e, oui! La Mostra Igualada revient et nous y sommes aussi","datePublished":"2021-05-12T16:20:49+00:00","mainEntityOfPage":{"@id":"https:\/\/www.labaldufateatre.com\/fr\/cette-annee-oui-la-mostra-igualada-revient-et-nous-y-sommes-aussi\/"},"wordCount":204,"image":{"@id":"https:\/\/www.labaldufateatre.com\/fr\/cette-annee-oui-la-mostra-igualada-revient-et-nous-y-sommes-aussi\/#primaryimage"},"thumbnailUrl":"https:\/\/www.labaldufateatre.com\/fr\/wp-content\/uploads\/sites\/4\/slideweb-cat-1536x330-1.jpg","articleSection":["News"],"inLanguage":"fr-FR"},{"@type":"WebPage","@id":"https:\/\/www.labaldufateatre.com\/fr\/cette-annee-oui-la-mostra-igualada-revient-et-nous-y-sommes-aussi\/","url":"https:\/\/www.labaldufateatre.com\/fr\/cette-annee-oui-la-mostra-igualada-revient-et-nous-y-sommes-aussi\/","name":"Cette ann\u00e9e, oui! La Mostra Igualada revient et nous y sommes aussi - La Baldufa Teatre","isPartOf":{"@id":"https:\/\/www.labaldufateatre.com\/fr\/#website"},"primaryImageOfPage":{"@id":"https:\/\/www.labaldufateatre.com\/fr\/cette-annee-oui-la-mostra-igualada-revient-et-nous-y-sommes-aussi\/#primaryimage"},"image":{"@id":"https:\/\/www.labaldufateatre.com\/fr\/cette-annee-oui-la-mostra-igualada-revient-et-nous-y-sommes-aussi\/#primaryimage"},"thumbnailUrl":"https:\/\/www.labaldufateatre.com\/fr\/wp-content\/uploads\/sites\/4\/slideweb-cat-1536x330-1.jpg","datePublished":"2021-05-12T16:20:49+00:00","author":{"@id":"https:\/\/www.labaldufateatre.com\/fr\/#\/schema\/person\/f2f99ab48040e39e27bf2d85573f9082"},"breadcrumb":{"@id":"https:\/\/www.labaldufateatre.com\/fr\/cette-annee-oui-la-mostra-igualada-revient-et-nous-y-sommes-aussi\/#breadcrumb"},"inLanguage":"fr-FR","potentialAction":[{"@type":"ReadAction","target":["https:\/\/www.labaldufateatre.com\/fr\/cette-annee-oui-la-mostra-igualada-revient-et-nous-y-sommes-aussi\/"]}]},{"@type":"ImageObject","inLanguage":"fr-FR","@id":"https:\/\/www.labaldufateatre.com\/fr\/cette-annee-oui-la-mostra-igualada-revient-et-nous-y-sommes-aussi\/#primaryimage","url":"https:\/\/www.labaldufateatre.com\/fr\/wp-content\/uploads\/sites\/4\/slideweb-cat-1536x330-1.jpg","contentUrl":"https:\/\/www.labaldufateatre.com\/fr\/wp-content\/uploads\/sites\/4\/slideweb-cat-1536x330-1.jpg","width":1536,"height":330},{"@type":"BreadcrumbList","@id":"https:\/\/www.labaldufateatre.com\/fr\/cette-annee-oui-la-mostra-igualada-revient-et-nous-y-sommes-aussi\/#breadcrumb","itemListElement":[{"@type":"ListItem","position":1,"name":"Portada","item":"https:\/\/www.labaldufateatre.com\/fr\/"},{"@type":"ListItem","position":2,"name":"Cette ann\u00e9e, oui! La Mostra Igualada revient et nous y sommes aussi"}]},{"@type":"WebSite","@id":"https:\/\/www.labaldufateatre.com\/fr\/#website","url":"https:\/\/www.labaldufateatre.com\/fr\/","name":"La Baldufa Teatre","description":"Companyia de Comediants","potentialAction":[{"@type":"SearchAction","target":{"@type":"EntryPoint","urlTemplate":"https:\/\/www.labaldufateatre.com\/fr\/?s={search_term_string}"},"query-input":{"@type":"PropertyValueSpecification","valueRequired":true,"valueName":"search_term_string"}}],"inLanguage":"fr-FR"},{"@type":"Person","@id":"https:\/\/www.labaldufateatre.com\/fr\/#\/schema\/person\/f2f99ab48040e39e27bf2d85573f9082","name":"calzbert","image":{"@type":"ImageObject","inLanguage":"fr-FR","@id":"https:\/\/secure.gravatar.com\/avatar\/c1261138a5e7882394bd9001104fe7078a2d860997555a5353af4ef7bd38f6db?s=96&d=mm&r=g","url":"https:\/\/secure.gravatar.com\/avatar\/c1261138a5e7882394bd9001104fe7078a2d860997555a5353af4ef7bd38f6db?s=96&d=mm&r=g","contentUrl":"https:\/\/secure.gravatar.com\/avatar\/c1261138a5e7882394bd9001104fe7078a2d860997555a5353af4ef7bd38f6db?s=96&d=mm&r=g","caption":"calzbert"}}]}},"_links":{"self":[{"href":"https:\/\/www.labaldufateatre.com\/fr\/wp-json\/wp\/v2\/posts\/1163","targetHints":{"allow":["GET"]}}],"collection":[{"href":"https:\/\/www.labaldufateatre.com\/fr\/wp-json\/wp\/v2\/posts"}],"about":[{"href":"https:\/\/www.labaldufateatre.com\/fr\/wp-json\/wp\/v2\/types\/post"}],"author":[{"embeddable":true,"href":"https:\/\/www.labaldufateatre.com\/fr\/wp-json\/wp\/v2\/users\/1"}],"replies":[{"embeddable":true,"href":"https:\/\/www.labaldufateatre.com\/fr\/wp-json\/wp\/v2\/comments?post=1163"}],"version-history":[{"count":2,"href":"https:\/\/www.labaldufateatre.com\/fr\/wp-json\/wp\/v2\/posts\/1163\/revisions"}],"predecessor-version":[{"id":1166,"href":"https:\/\/www.labaldufateatre.com\/fr\/wp-json\/wp\/v2\/posts\/1163\/revisions\/1166"}],"wp:featuredmedia":[{"embeddable":true,"href":"https:\/\/www.labaldufateatre.com\/fr\/wp-json\/wp\/v2\/media\/1164"}],"wp:attachment":[{"href":"https:\/\/www.labaldufateatre.com\/fr\/wp-json\/wp\/v2\/media?parent=1163"}],"wp:term":[{"taxonomy":"category","embeddable":true,"href":"https:\/\/www.labaldufateatre.com\/fr\/wp-json\/wp\/v2\/categories?post=1163"},{"taxonomy":"post_tag","embeddable":true,"href":"https:\/\/www.labaldufateatre.com\/fr\/wp-json\/wp\/v2\/tags?post=1163"}],"curies":[{"name":"wp","href":"https:\/\/api.w.org\/{rel}","templated":true}]}}