{"id":1191,"date":"2021-09-28T08:32:51","date_gmt":"2021-09-28T06:32:51","guid":{"rendered":"https:\/\/www.labaldufateatre.com\/fr\/?p=1191"},"modified":"2021-09-28T08:32:51","modified_gmt":"2021-09-28T06:32:51","slug":"le-tnc-presente-la-saison-2021-22-et-nous-ne-la-manquerons-pas","status":"publish","type":"post","link":"https:\/\/www.labaldufateatre.com\/fr\/le-tnc-presente-la-saison-2021-22-et-nous-ne-la-manquerons-pas\/","title":{"rendered":"Le TNC pr\u00e9sente la saison 2021\/22 et nous ne la manquerons pas"},"content":{"rendered":"<p>Le Teatre Nacional de Catalunya (TNC) a donn\u00e9 le coup d'envoi de la nouvelle saison 2021-2022, la premi\u00e8re avec Carme Portacelli \u00e0 la t\u00eate de la direction artistique.\u00a0<span>La programmation comprend 38 productions et nous sommes ravis que l'une d'entre elles soit notre spectacle <strong>Bye bye, Confetti<\/strong> !<\/span><\/p>\n<p><span>Les repr\u00e9sentations auront lieu les samedis 30 avril et 7 mai \u00e0 17.00h et les dimanches 1 et 8 mai \u00e0 12.00h. Il y aura \u00e9galement des s\u00e9ances scolaires les 27, 28 et 29 avril et les 4, 5 et 6 mai \u00e0 10.00h.<\/span><\/p>\n<p><span>Information et billets <a href=\"https:\/\/www.tnc.cat\/en\/bye-bye-confetti\">ici<\/a>!<\/span><\/p>\n","protected":false},"excerpt":{"rendered":"<p>Le Teatre Nacional de Catalunya (TNC) a donn\u00e9 le coup d'envoi de la nouvelle saison 2021-2022, la premi\u00e8re avec Carme...<\/p>\n","protected":false},"author":2,"featured_media":1192,"comment_status":"closed","ping_status":"closed","sticky":false,"template":"","format":"standard","meta":{"_acf_changed":false,"inline_featured_image":false,"footnotes":""},"categories":[1],"tags":[],"class_list":["post-1191","post","type-post","status-publish","format-standard","has-post-thumbnail","hentry","category-news"],"acf":[],"yoast_head":"<!-- This site is optimized with the Yoast SEO plugin v27.5 - https:\/\/yoast.com\/product\/yoast-seo-wordpress\/ -->\n<title>Le TNC pr\u00e9sente la saison 2021\/22 et nous ne la manquerons pas - La Baldufa Teatre<\/title>\n<meta name=\"robots\" content=\"index, follow, max-snippet:-1, max-image-preview:large, max-video-preview:-1\" \/>\n<link rel=\"canonical\" href=\"https:\/\/www.labaldufateatre.com\/fr\/le-tnc-presente-la-saison-2021-22-et-nous-ne-la-manquerons-pas\/\" \/>\n<meta property=\"og:locale\" content=\"fr_FR\" \/>\n<meta property=\"og:type\" content=\"article\" \/>\n<meta property=\"og:title\" content=\"Le TNC pr\u00e9sente la saison 2021\/22 et nous ne la manquerons pas - La Baldufa Teatre\" \/>\n<meta property=\"og:description\" content=\"Le Teatre Nacional de Catalunya (TNC) a donn\u00e9 le coup d&#039;envoi de la nouvelle saison 2021-2022, la premi\u00e8re avec Carme...\" \/>\n<meta property=\"og:url\" content=\"https:\/\/www.labaldufateatre.com\/fr\/le-tnc-presente-la-saison-2021-22-et-nous-ne-la-manquerons-pas\/\" \/>\n<meta property=\"og:site_name\" content=\"La Baldufa Teatre\" \/>\n<meta property=\"article:publisher\" content=\"http:\/\/www.facebook.com\/pages\/Companyia-de-Comediants-La-Baldufa\/94606450908\" \/>\n<meta property=\"article:published_time\" content=\"2021-09-28T06:32:51+00:00\" \/>\n<meta property=\"og:image\" content=\"https:\/\/www.labaldufateatre.com\/fr\/wp-content\/uploads\/sites\/4\/800px-teatre-nacional-de-cataluna-tnc-03.jpg\" \/>\n\t<meta property=\"og:image:width\" content=\"800\" \/>\n\t<meta property=\"og:image:height\" content=\"415\" \/>\n\t<meta property=\"og:image:type\" content=\"image\/jpeg\" \/>\n<meta name=\"author\" content=\"La Baldufa Teatre\" \/>\n<meta name=\"twitter:card\" content=\"summary_large_image\" \/>\n<meta name=\"twitter:creator\" content=\"@BaldufaTeatre\" \/>\n<meta name=\"twitter:site\" content=\"@BaldufaTeatre\" \/>\n<meta name=\"twitter:label1\" content=\"\u00c9crit par\" \/>\n\t<meta name=\"twitter:data1\" content=\"La Baldufa Teatre\" \/>\n<script type=\"application\/ld+json\" class=\"yoast-schema-graph\">{\"@context\":\"https:\\\/\\\/schema.org\",\"@graph\":[{\"@type\":\"Article\",\"@id\":\"https:\\\/\\\/www.labaldufateatre.com\\\/fr\\\/le-tnc-presente-la-saison-2021-22-et-nous-ne-la-manquerons-pas\\\/#article\",\"isPartOf\":{\"@id\":\"https:\\\/\\\/www.labaldufateatre.com\\\/fr\\\/le-tnc-presente-la-saison-2021-22-et-nous-ne-la-manquerons-pas\\\/\"},\"author\":{\"name\":\"La Baldufa Teatre\",\"@id\":\"https:\\\/\\\/www.labaldufateatre.com\\\/fr\\\/#\\\/schema\\\/person\\\/9bdcaa1e41295dbae5634e10328cba17\"},\"headline\":\"Le TNC pr\u00e9sente la saison 2021\\\/22 et nous ne la manquerons pas\",\"datePublished\":\"2021-09-28T06:32:51+00:00\",\"mainEntityOfPage\":{\"@id\":\"https:\\\/\\\/www.labaldufateatre.com\\\/fr\\\/le-tnc-presente-la-saison-2021-22-et-nous-ne-la-manquerons-pas\\\/\"},\"wordCount\":99,\"image\":{\"@id\":\"https:\\\/\\\/www.labaldufateatre.com\\\/fr\\\/le-tnc-presente-la-saison-2021-22-et-nous-ne-la-manquerons-pas\\\/#primaryimage\"},\"thumbnailUrl\":\"https:\\\/\\\/www.labaldufateatre.com\\\/fr\\\/wp-content\\\/uploads\\\/sites\\\/4\\\/800px-teatre-nacional-de-cataluna-tnc-03.jpg\",\"articleSection\":[\"News\"],\"inLanguage\":\"fr-FR\"},{\"@type\":\"WebPage\",\"@id\":\"https:\\\/\\\/www.labaldufateatre.com\\\/fr\\\/le-tnc-presente-la-saison-2021-22-et-nous-ne-la-manquerons-pas\\\/\",\"url\":\"https:\\\/\\\/www.labaldufateatre.com\\\/fr\\\/le-tnc-presente-la-saison-2021-22-et-nous-ne-la-manquerons-pas\\\/\",\"name\":\"Le TNC pr\u00e9sente la saison 2021\\\/22 et nous ne la manquerons pas - La Baldufa Teatre\",\"isPartOf\":{\"@id\":\"https:\\\/\\\/www.labaldufateatre.com\\\/fr\\\/#website\"},\"primaryImageOfPage\":{\"@id\":\"https:\\\/\\\/www.labaldufateatre.com\\\/fr\\\/le-tnc-presente-la-saison-2021-22-et-nous-ne-la-manquerons-pas\\\/#primaryimage\"},\"image\":{\"@id\":\"https:\\\/\\\/www.labaldufateatre.com\\\/fr\\\/le-tnc-presente-la-saison-2021-22-et-nous-ne-la-manquerons-pas\\\/#primaryimage\"},\"thumbnailUrl\":\"https:\\\/\\\/www.labaldufateatre.com\\\/fr\\\/wp-content\\\/uploads\\\/sites\\\/4\\\/800px-teatre-nacional-de-cataluna-tnc-03.jpg\",\"datePublished\":\"2021-09-28T06:32:51+00:00\",\"author\":{\"@id\":\"https:\\\/\\\/www.labaldufateatre.com\\\/fr\\\/#\\\/schema\\\/person\\\/9bdcaa1e41295dbae5634e10328cba17\"},\"breadcrumb\":{\"@id\":\"https:\\\/\\\/www.labaldufateatre.com\\\/fr\\\/le-tnc-presente-la-saison-2021-22-et-nous-ne-la-manquerons-pas\\\/#breadcrumb\"},\"inLanguage\":\"fr-FR\",\"potentialAction\":[{\"@type\":\"ReadAction\",\"target\":[\"https:\\\/\\\/www.labaldufateatre.com\\\/fr\\\/le-tnc-presente-la-saison-2021-22-et-nous-ne-la-manquerons-pas\\\/\"]}]},{\"@type\":\"ImageObject\",\"inLanguage\":\"fr-FR\",\"@id\":\"https:\\\/\\\/www.labaldufateatre.com\\\/fr\\\/le-tnc-presente-la-saison-2021-22-et-nous-ne-la-manquerons-pas\\\/#primaryimage\",\"url\":\"https:\\\/\\\/www.labaldufateatre.com\\\/fr\\\/wp-content\\\/uploads\\\/sites\\\/4\\\/800px-teatre-nacional-de-cataluna-tnc-03.jpg\",\"contentUrl\":\"https:\\\/\\\/www.labaldufateatre.com\\\/fr\\\/wp-content\\\/uploads\\\/sites\\\/4\\\/800px-teatre-nacional-de-cataluna-tnc-03.jpg\",\"width\":800,\"height\":415},{\"@type\":\"BreadcrumbList\",\"@id\":\"https:\\\/\\\/www.labaldufateatre.com\\\/fr\\\/le-tnc-presente-la-saison-2021-22-et-nous-ne-la-manquerons-pas\\\/#breadcrumb\",\"itemListElement\":[{\"@type\":\"ListItem\",\"position\":1,\"name\":\"Portada\",\"item\":\"https:\\\/\\\/www.labaldufateatre.com\\\/fr\\\/\"},{\"@type\":\"ListItem\",\"position\":2,\"name\":\"Le TNC pr\u00e9sente la saison 2021\\\/22 et nous ne la manquerons pas\"}]},{\"@type\":\"WebSite\",\"@id\":\"https:\\\/\\\/www.labaldufateatre.com\\\/fr\\\/#website\",\"url\":\"https:\\\/\\\/www.labaldufateatre.com\\\/fr\\\/\",\"name\":\"La Baldufa Teatre\",\"description\":\"Companyia de Comediants\",\"potentialAction\":[{\"@type\":\"SearchAction\",\"target\":{\"@type\":\"EntryPoint\",\"urlTemplate\":\"https:\\\/\\\/www.labaldufateatre.com\\\/fr\\\/?s={search_term_string}\"},\"query-input\":{\"@type\":\"PropertyValueSpecification\",\"valueRequired\":true,\"valueName\":\"search_term_string\"}}],\"inLanguage\":\"fr-FR\"},{\"@type\":\"Person\",\"@id\":\"https:\\\/\\\/www.labaldufateatre.com\\\/fr\\\/#\\\/schema\\\/person\\\/9bdcaa1e41295dbae5634e10328cba17\",\"name\":\"La Baldufa Teatre\",\"image\":{\"@type\":\"ImageObject\",\"inLanguage\":\"fr-FR\",\"@id\":\"https:\\\/\\\/secure.gravatar.com\\\/avatar\\\/d7d19647aef47cb2f08d837ca03f487a96bab078ac264f4495abfb61b75098c2?s=96&d=mm&r=g\",\"url\":\"https:\\\/\\\/secure.gravatar.com\\\/avatar\\\/d7d19647aef47cb2f08d837ca03f487a96bab078ac264f4495abfb61b75098c2?s=96&d=mm&r=g\",\"contentUrl\":\"https:\\\/\\\/secure.gravatar.com\\\/avatar\\\/d7d19647aef47cb2f08d837ca03f487a96bab078ac264f4495abfb61b75098c2?s=96&d=mm&r=g\",\"caption\":\"La Baldufa Teatre\"}}]}<\/script>\n<!-- \/ Yoast SEO plugin. -->","yoast_head_json":{"title":"Le TNC pr\u00e9sente la saison 2021\/22 et nous ne la manquerons pas - La Baldufa Teatre","robots":{"index":"index","follow":"follow","max-snippet":"max-snippet:-1","max-image-preview":"max-image-preview:large","max-video-preview":"max-video-preview:-1"},"canonical":"https:\/\/www.labaldufateatre.com\/fr\/le-tnc-presente-la-saison-2021-22-et-nous-ne-la-manquerons-pas\/","og_locale":"fr_FR","og_type":"article","og_title":"Le TNC pr\u00e9sente la saison 2021\/22 et nous ne la manquerons pas - La Baldufa Teatre","og_description":"Le Teatre Nacional de Catalunya (TNC) a donn\u00e9 le coup d'envoi de la nouvelle saison 2021-2022, la premi\u00e8re avec Carme...","og_url":"https:\/\/www.labaldufateatre.com\/fr\/le-tnc-presente-la-saison-2021-22-et-nous-ne-la-manquerons-pas\/","og_site_name":"La Baldufa Teatre","article_publisher":"http:\/\/www.facebook.com\/pages\/Companyia-de-Comediants-La-Baldufa\/94606450908","article_published_time":"2021-09-28T06:32:51+00:00","og_image":[{"width":800,"height":415,"url":"https:\/\/www.labaldufateatre.com\/fr\/wp-content\/uploads\/sites\/4\/800px-teatre-nacional-de-cataluna-tnc-03.jpg","type":"image\/jpeg"}],"author":"La Baldufa Teatre","twitter_card":"summary_large_image","twitter_creator":"@BaldufaTeatre","twitter_site":"@BaldufaTeatre","twitter_misc":{"\u00c9crit par":"La Baldufa Teatre"},"schema":{"@context":"https:\/\/schema.org","@graph":[{"@type":"Article","@id":"https:\/\/www.labaldufateatre.com\/fr\/le-tnc-presente-la-saison-2021-22-et-nous-ne-la-manquerons-pas\/#article","isPartOf":{"@id":"https:\/\/www.labaldufateatre.com\/fr\/le-tnc-presente-la-saison-2021-22-et-nous-ne-la-manquerons-pas\/"},"author":{"name":"La Baldufa Teatre","@id":"https:\/\/www.labaldufateatre.com\/fr\/#\/schema\/person\/9bdcaa1e41295dbae5634e10328cba17"},"headline":"Le TNC pr\u00e9sente la saison 2021\/22 et nous ne la manquerons pas","datePublished":"2021-09-28T06:32:51+00:00","mainEntityOfPage":{"@id":"https:\/\/www.labaldufateatre.com\/fr\/le-tnc-presente-la-saison-2021-22-et-nous-ne-la-manquerons-pas\/"},"wordCount":99,"image":{"@id":"https:\/\/www.labaldufateatre.com\/fr\/le-tnc-presente-la-saison-2021-22-et-nous-ne-la-manquerons-pas\/#primaryimage"},"thumbnailUrl":"https:\/\/www.labaldufateatre.com\/fr\/wp-content\/uploads\/sites\/4\/800px-teatre-nacional-de-cataluna-tnc-03.jpg","articleSection":["News"],"inLanguage":"fr-FR"},{"@type":"WebPage","@id":"https:\/\/www.labaldufateatre.com\/fr\/le-tnc-presente-la-saison-2021-22-et-nous-ne-la-manquerons-pas\/","url":"https:\/\/www.labaldufateatre.com\/fr\/le-tnc-presente-la-saison-2021-22-et-nous-ne-la-manquerons-pas\/","name":"Le TNC pr\u00e9sente la saison 2021\/22 et nous ne la manquerons pas - La Baldufa Teatre","isPartOf":{"@id":"https:\/\/www.labaldufateatre.com\/fr\/#website"},"primaryImageOfPage":{"@id":"https:\/\/www.labaldufateatre.com\/fr\/le-tnc-presente-la-saison-2021-22-et-nous-ne-la-manquerons-pas\/#primaryimage"},"image":{"@id":"https:\/\/www.labaldufateatre.com\/fr\/le-tnc-presente-la-saison-2021-22-et-nous-ne-la-manquerons-pas\/#primaryimage"},"thumbnailUrl":"https:\/\/www.labaldufateatre.com\/fr\/wp-content\/uploads\/sites\/4\/800px-teatre-nacional-de-cataluna-tnc-03.jpg","datePublished":"2021-09-28T06:32:51+00:00","author":{"@id":"https:\/\/www.labaldufateatre.com\/fr\/#\/schema\/person\/9bdcaa1e41295dbae5634e10328cba17"},"breadcrumb":{"@id":"https:\/\/www.labaldufateatre.com\/fr\/le-tnc-presente-la-saison-2021-22-et-nous-ne-la-manquerons-pas\/#breadcrumb"},"inLanguage":"fr-FR","potentialAction":[{"@type":"ReadAction","target":["https:\/\/www.labaldufateatre.com\/fr\/le-tnc-presente-la-saison-2021-22-et-nous-ne-la-manquerons-pas\/"]}]},{"@type":"ImageObject","inLanguage":"fr-FR","@id":"https:\/\/www.labaldufateatre.com\/fr\/le-tnc-presente-la-saison-2021-22-et-nous-ne-la-manquerons-pas\/#primaryimage","url":"https:\/\/www.labaldufateatre.com\/fr\/wp-content\/uploads\/sites\/4\/800px-teatre-nacional-de-cataluna-tnc-03.jpg","contentUrl":"https:\/\/www.labaldufateatre.com\/fr\/wp-content\/uploads\/sites\/4\/800px-teatre-nacional-de-cataluna-tnc-03.jpg","width":800,"height":415},{"@type":"BreadcrumbList","@id":"https:\/\/www.labaldufateatre.com\/fr\/le-tnc-presente-la-saison-2021-22-et-nous-ne-la-manquerons-pas\/#breadcrumb","itemListElement":[{"@type":"ListItem","position":1,"name":"Portada","item":"https:\/\/www.labaldufateatre.com\/fr\/"},{"@type":"ListItem","position":2,"name":"Le TNC pr\u00e9sente la saison 2021\/22 et nous ne la manquerons pas"}]},{"@type":"WebSite","@id":"https:\/\/www.labaldufateatre.com\/fr\/#website","url":"https:\/\/www.labaldufateatre.com\/fr\/","name":"La Baldufa Teatre","description":"Companyia de Comediants","potentialAction":[{"@type":"SearchAction","target":{"@type":"EntryPoint","urlTemplate":"https:\/\/www.labaldufateatre.com\/fr\/?s={search_term_string}"},"query-input":{"@type":"PropertyValueSpecification","valueRequired":true,"valueName":"search_term_string"}}],"inLanguage":"fr-FR"},{"@type":"Person","@id":"https:\/\/www.labaldufateatre.com\/fr\/#\/schema\/person\/9bdcaa1e41295dbae5634e10328cba17","name":"La Baldufa Teatre","image":{"@type":"ImageObject","inLanguage":"fr-FR","@id":"https:\/\/secure.gravatar.com\/avatar\/d7d19647aef47cb2f08d837ca03f487a96bab078ac264f4495abfb61b75098c2?s=96&d=mm&r=g","url":"https:\/\/secure.gravatar.com\/avatar\/d7d19647aef47cb2f08d837ca03f487a96bab078ac264f4495abfb61b75098c2?s=96&d=mm&r=g","contentUrl":"https:\/\/secure.gravatar.com\/avatar\/d7d19647aef47cb2f08d837ca03f487a96bab078ac264f4495abfb61b75098c2?s=96&d=mm&r=g","caption":"La Baldufa Teatre"}}]}},"_links":{"self":[{"href":"https:\/\/www.labaldufateatre.com\/fr\/wp-json\/wp\/v2\/posts\/1191","targetHints":{"allow":["GET"]}}],"collection":[{"href":"https:\/\/www.labaldufateatre.com\/fr\/wp-json\/wp\/v2\/posts"}],"about":[{"href":"https:\/\/www.labaldufateatre.com\/fr\/wp-json\/wp\/v2\/types\/post"}],"author":[{"embeddable":true,"href":"https:\/\/www.labaldufateatre.com\/fr\/wp-json\/wp\/v2\/users\/2"}],"replies":[{"embeddable":true,"href":"https:\/\/www.labaldufateatre.com\/fr\/wp-json\/wp\/v2\/comments?post=1191"}],"version-history":[{"count":1,"href":"https:\/\/www.labaldufateatre.com\/fr\/wp-json\/wp\/v2\/posts\/1191\/revisions"}],"predecessor-version":[{"id":1193,"href":"https:\/\/www.labaldufateatre.com\/fr\/wp-json\/wp\/v2\/posts\/1191\/revisions\/1193"}],"wp:featuredmedia":[{"embeddable":true,"href":"https:\/\/www.labaldufateatre.com\/fr\/wp-json\/wp\/v2\/media\/1192"}],"wp:attachment":[{"href":"https:\/\/www.labaldufateatre.com\/fr\/wp-json\/wp\/v2\/media?parent=1191"}],"wp:term":[{"taxonomy":"category","embeddable":true,"href":"https:\/\/www.labaldufateatre.com\/fr\/wp-json\/wp\/v2\/categories?post=1191"},{"taxonomy":"post_tag","embeddable":true,"href":"https:\/\/www.labaldufateatre.com\/fr\/wp-json\/wp\/v2\/tags?post=1191"}],"curies":[{"name":"wp","href":"https:\/\/api.w.org\/{rel}","templated":true}]}}