{"id":1274,"date":"2022-06-06T09:28:16","date_gmt":"2022-06-06T07:28:16","guid":{"rendered":"https:\/\/www.labaldufateatre.com\/fr\/?p=1274"},"modified":"2022-04-20T09:32:08","modified_gmt":"2022-04-20T07:32:08","slug":"creation-dimperfect-a-mostra-igualada","status":"publish","type":"post","link":"https:\/\/www.labaldufateatre.com\/fr\/creation-dimperfect-a-mostra-igualada\/","title":{"rendered":"Cr\u00e9ation d\u2019ImPERFECT \u00e0 Mostra Igualada"},"content":{"rendered":"<p style=\"font-weight: 400;\">Vendredi dernier a eu lieu la premi\u00e8re de notre derni\u00e8re cr\u00e9ation- ImPERFECT- \u00e0 Mostra Igualada et elle a \u00e9t\u00e9 parfaite ! Non, encore mieux : Imparfaite !<\/p>\n<p style=\"font-weight: 400;\">Cela a \u00e9t\u00e9 l\u2019aboutissement d\u2019un chemin tr\u00e8s\u00a0<em>chouette,<\/em>\u00a0qui nous a amen\u00e9 \u00e0 la limite, nous pla\u00e7ant dans une zone de risque total et absolu.<\/p>\n<p style=\"font-weight: 400;\">Nous ne pouvons que remercier tous ceux qui nous ont accompagn\u00e9s lors de ce voyage, en particulier \u00e0 <strong>Sol Pic\u00f3<\/strong>. Avec elle, nous avons eu une totale connexion artistique et personnelle et gr\u00e2ce \u00e0 son astuce, nous avons pu exprimer avec la danse (un nouveau langage pour nous) bien plus que nous ne l\u2019aurions jamais imagin\u00e9.<\/p>\n<p style=\"font-weight: 400;\">Nous ne pouvons pas oublier le reste de l\u2019\u00e9quipe fantastique qui nous a chaperonn\u00e9 tout au long de ce processus\u00a0: <strong>Encarni S\u00e1nchez et Marta Casals<\/strong> qui ont contribu\u00e9 \u00e0 faire possible que\u00a0<em>les baldufos\u00a0<\/em>finissent par danser ; <strong>Victor Ayuso et le Estudi Zamenhof<\/strong>, qui nous ont \u00e9merveill\u00e9s avec leur musique ; et bien s\u00fbr, <strong>toute l\u2019\u00e9quipe de La Baldufa<\/strong> et les collaborateurs r\u00e9guliers. Merci \u00e9galement \u00e0 Mostra Igualada pour la confiance d\u00e9pos\u00e9e en nous, ainsi qu\u2019aux autres <strong>coproducteurs<\/strong> (GREC Festival, Festi'M\u00f4mes et LaSala. Centre de Creaci\u00f3 d'Arts per a les fam\u00edlies) et <strong>partenaires<\/strong> (Teatro C\u00e1novas, Festival Sism\u00f2graf, Teatre Municipal de l'Escorxador et Sant Andreu Teatre \u2013 SAT).<\/p>\n<p style=\"font-weight: 400;\">Maintenant, nous attendons avec impatience les prochaines repr\u00e9sentations au festival Sism\u00f2graf et le Festival Grec, et avec tr\u00e8s envie que ImPERFECT puisse danser avec vous\u00a0!<\/p>\n","protected":false},"excerpt":{"rendered":"<p>Vendredi dernier a eu lieu la premi\u00e8re de notre derni\u00e8re cr\u00e9ation- ImPERFECT- \u00e0 Mostra Igualada et elle a \u00e9t\u00e9 parfaite...<\/p>\n","protected":false},"author":2,"featured_media":1276,"comment_status":"closed","ping_status":"closed","sticky":false,"template":"","format":"standard","meta":{"_acf_changed":false,"inline_featured_image":false,"footnotes":""},"categories":[1],"tags":[],"class_list":["post-1274","post","type-post","status-publish","format-standard","has-post-thumbnail","hentry","category-news"],"acf":[],"yoast_head":"<!-- This site is optimized with the Yoast SEO plugin v27.5 - https:\/\/yoast.com\/product\/yoast-seo-wordpress\/ -->\n<title>Cr\u00e9ation d\u2019ImPERFECT \u00e0 Mostra Igualada - La Baldufa Teatre<\/title>\n<meta name=\"robots\" content=\"index, follow, max-snippet:-1, max-image-preview:large, max-video-preview:-1\" \/>\n<link rel=\"canonical\" href=\"https:\/\/www.labaldufateatre.com\/fr\/creation-dimperfect-a-mostra-igualada\/\" \/>\n<meta property=\"og:locale\" content=\"fr_FR\" \/>\n<meta property=\"og:type\" content=\"article\" \/>\n<meta property=\"og:title\" content=\"Cr\u00e9ation d\u2019ImPERFECT \u00e0 Mostra Igualada - La Baldufa Teatre\" \/>\n<meta property=\"og:description\" content=\"Vendredi dernier a eu lieu la premi\u00e8re de notre derni\u00e8re cr\u00e9ation- ImPERFECT- \u00e0 Mostra Igualada et elle a \u00e9t\u00e9 parfaite...\" \/>\n<meta property=\"og:url\" content=\"https:\/\/www.labaldufateatre.com\/fr\/creation-dimperfect-a-mostra-igualada\/\" \/>\n<meta property=\"og:site_name\" content=\"La Baldufa Teatre\" \/>\n<meta property=\"article:publisher\" content=\"http:\/\/www.facebook.com\/pages\/Companyia-de-Comediants-La-Baldufa\/94606450908\" \/>\n<meta property=\"article:published_time\" content=\"2022-06-06T07:28:16+00:00\" \/>\n<meta property=\"og:image\" content=\"https:\/\/www.labaldufateatre.com\/fr\/wp-content\/uploads\/sites\/4\/img-e1534-877x1024-1.jpg\" \/>\n\t<meta property=\"og:image:width\" content=\"877\" \/>\n\t<meta property=\"og:image:height\" content=\"1024\" \/>\n\t<meta property=\"og:image:type\" content=\"image\/jpeg\" \/>\n<meta name=\"author\" content=\"La Baldufa Teatre\" \/>\n<meta name=\"twitter:card\" content=\"summary_large_image\" \/>\n<meta name=\"twitter:creator\" content=\"@BaldufaTeatre\" \/>\n<meta name=\"twitter:site\" content=\"@BaldufaTeatre\" \/>\n<meta name=\"twitter:label1\" content=\"\u00c9crit par\" \/>\n\t<meta name=\"twitter:data1\" content=\"La Baldufa Teatre\" \/>\n\t<meta name=\"twitter:label2\" content=\"Dur\u00e9e de lecture estim\u00e9e\" \/>\n\t<meta name=\"twitter:data2\" content=\"1 minute\" \/>\n<script type=\"application\/ld+json\" class=\"yoast-schema-graph\">{\"@context\":\"https:\\\/\\\/schema.org\",\"@graph\":[{\"@type\":\"Article\",\"@id\":\"https:\\\/\\\/www.labaldufateatre.com\\\/fr\\\/creation-dimperfect-a-mostra-igualada\\\/#article\",\"isPartOf\":{\"@id\":\"https:\\\/\\\/www.labaldufateatre.com\\\/fr\\\/creation-dimperfect-a-mostra-igualada\\\/\"},\"author\":{\"name\":\"La Baldufa Teatre\",\"@id\":\"https:\\\/\\\/www.labaldufateatre.com\\\/fr\\\/#\\\/schema\\\/person\\\/9bdcaa1e41295dbae5634e10328cba17\"},\"headline\":\"Cr\u00e9ation d\u2019ImPERFECT \u00e0 Mostra Igualada\",\"datePublished\":\"2022-06-06T07:28:16+00:00\",\"mainEntityOfPage\":{\"@id\":\"https:\\\/\\\/www.labaldufateatre.com\\\/fr\\\/creation-dimperfect-a-mostra-igualada\\\/\"},\"wordCount\":264,\"image\":{\"@id\":\"https:\\\/\\\/www.labaldufateatre.com\\\/fr\\\/creation-dimperfect-a-mostra-igualada\\\/#primaryimage\"},\"thumbnailUrl\":\"https:\\\/\\\/www.labaldufateatre.com\\\/fr\\\/wp-content\\\/uploads\\\/sites\\\/4\\\/img-e1534-877x1024-1.jpg\",\"articleSection\":[\"News\"],\"inLanguage\":\"fr-FR\"},{\"@type\":\"WebPage\",\"@id\":\"https:\\\/\\\/www.labaldufateatre.com\\\/fr\\\/creation-dimperfect-a-mostra-igualada\\\/\",\"url\":\"https:\\\/\\\/www.labaldufateatre.com\\\/fr\\\/creation-dimperfect-a-mostra-igualada\\\/\",\"name\":\"Cr\u00e9ation d\u2019ImPERFECT \u00e0 Mostra Igualada - La Baldufa Teatre\",\"isPartOf\":{\"@id\":\"https:\\\/\\\/www.labaldufateatre.com\\\/fr\\\/#website\"},\"primaryImageOfPage\":{\"@id\":\"https:\\\/\\\/www.labaldufateatre.com\\\/fr\\\/creation-dimperfect-a-mostra-igualada\\\/#primaryimage\"},\"image\":{\"@id\":\"https:\\\/\\\/www.labaldufateatre.com\\\/fr\\\/creation-dimperfect-a-mostra-igualada\\\/#primaryimage\"},\"thumbnailUrl\":\"https:\\\/\\\/www.labaldufateatre.com\\\/fr\\\/wp-content\\\/uploads\\\/sites\\\/4\\\/img-e1534-877x1024-1.jpg\",\"datePublished\":\"2022-06-06T07:28:16+00:00\",\"author\":{\"@id\":\"https:\\\/\\\/www.labaldufateatre.com\\\/fr\\\/#\\\/schema\\\/person\\\/9bdcaa1e41295dbae5634e10328cba17\"},\"breadcrumb\":{\"@id\":\"https:\\\/\\\/www.labaldufateatre.com\\\/fr\\\/creation-dimperfect-a-mostra-igualada\\\/#breadcrumb\"},\"inLanguage\":\"fr-FR\",\"potentialAction\":[{\"@type\":\"ReadAction\",\"target\":[\"https:\\\/\\\/www.labaldufateatre.com\\\/fr\\\/creation-dimperfect-a-mostra-igualada\\\/\"]}]},{\"@type\":\"ImageObject\",\"inLanguage\":\"fr-FR\",\"@id\":\"https:\\\/\\\/www.labaldufateatre.com\\\/fr\\\/creation-dimperfect-a-mostra-igualada\\\/#primaryimage\",\"url\":\"https:\\\/\\\/www.labaldufateatre.com\\\/fr\\\/wp-content\\\/uploads\\\/sites\\\/4\\\/img-e1534-877x1024-1.jpg\",\"contentUrl\":\"https:\\\/\\\/www.labaldufateatre.com\\\/fr\\\/wp-content\\\/uploads\\\/sites\\\/4\\\/img-e1534-877x1024-1.jpg\",\"width\":877,\"height\":1024},{\"@type\":\"BreadcrumbList\",\"@id\":\"https:\\\/\\\/www.labaldufateatre.com\\\/fr\\\/creation-dimperfect-a-mostra-igualada\\\/#breadcrumb\",\"itemListElement\":[{\"@type\":\"ListItem\",\"position\":1,\"name\":\"Portada\",\"item\":\"https:\\\/\\\/www.labaldufateatre.com\\\/fr\\\/\"},{\"@type\":\"ListItem\",\"position\":2,\"name\":\"Cr\u00e9ation d\u2019ImPERFECT \u00e0 Mostra Igualada\"}]},{\"@type\":\"WebSite\",\"@id\":\"https:\\\/\\\/www.labaldufateatre.com\\\/fr\\\/#website\",\"url\":\"https:\\\/\\\/www.labaldufateatre.com\\\/fr\\\/\",\"name\":\"La Baldufa Teatre\",\"description\":\"Companyia de Comediants\",\"potentialAction\":[{\"@type\":\"SearchAction\",\"target\":{\"@type\":\"EntryPoint\",\"urlTemplate\":\"https:\\\/\\\/www.labaldufateatre.com\\\/fr\\\/?s={search_term_string}\"},\"query-input\":{\"@type\":\"PropertyValueSpecification\",\"valueRequired\":true,\"valueName\":\"search_term_string\"}}],\"inLanguage\":\"fr-FR\"},{\"@type\":\"Person\",\"@id\":\"https:\\\/\\\/www.labaldufateatre.com\\\/fr\\\/#\\\/schema\\\/person\\\/9bdcaa1e41295dbae5634e10328cba17\",\"name\":\"La Baldufa Teatre\",\"image\":{\"@type\":\"ImageObject\",\"inLanguage\":\"fr-FR\",\"@id\":\"https:\\\/\\\/secure.gravatar.com\\\/avatar\\\/d7d19647aef47cb2f08d837ca03f487a96bab078ac264f4495abfb61b75098c2?s=96&d=mm&r=g\",\"url\":\"https:\\\/\\\/secure.gravatar.com\\\/avatar\\\/d7d19647aef47cb2f08d837ca03f487a96bab078ac264f4495abfb61b75098c2?s=96&d=mm&r=g\",\"contentUrl\":\"https:\\\/\\\/secure.gravatar.com\\\/avatar\\\/d7d19647aef47cb2f08d837ca03f487a96bab078ac264f4495abfb61b75098c2?s=96&d=mm&r=g\",\"caption\":\"La Baldufa Teatre\"}}]}<\/script>\n<!-- \/ Yoast SEO plugin. -->","yoast_head_json":{"title":"Cr\u00e9ation d\u2019ImPERFECT \u00e0 Mostra Igualada - La Baldufa Teatre","robots":{"index":"index","follow":"follow","max-snippet":"max-snippet:-1","max-image-preview":"max-image-preview:large","max-video-preview":"max-video-preview:-1"},"canonical":"https:\/\/www.labaldufateatre.com\/fr\/creation-dimperfect-a-mostra-igualada\/","og_locale":"fr_FR","og_type":"article","og_title":"Cr\u00e9ation d\u2019ImPERFECT \u00e0 Mostra Igualada - La Baldufa Teatre","og_description":"Vendredi dernier a eu lieu la premi\u00e8re de notre derni\u00e8re cr\u00e9ation- ImPERFECT- \u00e0 Mostra Igualada et elle a \u00e9t\u00e9 parfaite...","og_url":"https:\/\/www.labaldufateatre.com\/fr\/creation-dimperfect-a-mostra-igualada\/","og_site_name":"La Baldufa Teatre","article_publisher":"http:\/\/www.facebook.com\/pages\/Companyia-de-Comediants-La-Baldufa\/94606450908","article_published_time":"2022-06-06T07:28:16+00:00","og_image":[{"width":877,"height":1024,"url":"https:\/\/www.labaldufateatre.com\/fr\/wp-content\/uploads\/sites\/4\/img-e1534-877x1024-1.jpg","type":"image\/jpeg"}],"author":"La Baldufa Teatre","twitter_card":"summary_large_image","twitter_creator":"@BaldufaTeatre","twitter_site":"@BaldufaTeatre","twitter_misc":{"\u00c9crit par":"La Baldufa Teatre","Dur\u00e9e de lecture estim\u00e9e":"1 minute"},"schema":{"@context":"https:\/\/schema.org","@graph":[{"@type":"Article","@id":"https:\/\/www.labaldufateatre.com\/fr\/creation-dimperfect-a-mostra-igualada\/#article","isPartOf":{"@id":"https:\/\/www.labaldufateatre.com\/fr\/creation-dimperfect-a-mostra-igualada\/"},"author":{"name":"La Baldufa Teatre","@id":"https:\/\/www.labaldufateatre.com\/fr\/#\/schema\/person\/9bdcaa1e41295dbae5634e10328cba17"},"headline":"Cr\u00e9ation d\u2019ImPERFECT \u00e0 Mostra Igualada","datePublished":"2022-06-06T07:28:16+00:00","mainEntityOfPage":{"@id":"https:\/\/www.labaldufateatre.com\/fr\/creation-dimperfect-a-mostra-igualada\/"},"wordCount":264,"image":{"@id":"https:\/\/www.labaldufateatre.com\/fr\/creation-dimperfect-a-mostra-igualada\/#primaryimage"},"thumbnailUrl":"https:\/\/www.labaldufateatre.com\/fr\/wp-content\/uploads\/sites\/4\/img-e1534-877x1024-1.jpg","articleSection":["News"],"inLanguage":"fr-FR"},{"@type":"WebPage","@id":"https:\/\/www.labaldufateatre.com\/fr\/creation-dimperfect-a-mostra-igualada\/","url":"https:\/\/www.labaldufateatre.com\/fr\/creation-dimperfect-a-mostra-igualada\/","name":"Cr\u00e9ation d\u2019ImPERFECT \u00e0 Mostra Igualada - La Baldufa Teatre","isPartOf":{"@id":"https:\/\/www.labaldufateatre.com\/fr\/#website"},"primaryImageOfPage":{"@id":"https:\/\/www.labaldufateatre.com\/fr\/creation-dimperfect-a-mostra-igualada\/#primaryimage"},"image":{"@id":"https:\/\/www.labaldufateatre.com\/fr\/creation-dimperfect-a-mostra-igualada\/#primaryimage"},"thumbnailUrl":"https:\/\/www.labaldufateatre.com\/fr\/wp-content\/uploads\/sites\/4\/img-e1534-877x1024-1.jpg","datePublished":"2022-06-06T07:28:16+00:00","author":{"@id":"https:\/\/www.labaldufateatre.com\/fr\/#\/schema\/person\/9bdcaa1e41295dbae5634e10328cba17"},"breadcrumb":{"@id":"https:\/\/www.labaldufateatre.com\/fr\/creation-dimperfect-a-mostra-igualada\/#breadcrumb"},"inLanguage":"fr-FR","potentialAction":[{"@type":"ReadAction","target":["https:\/\/www.labaldufateatre.com\/fr\/creation-dimperfect-a-mostra-igualada\/"]}]},{"@type":"ImageObject","inLanguage":"fr-FR","@id":"https:\/\/www.labaldufateatre.com\/fr\/creation-dimperfect-a-mostra-igualada\/#primaryimage","url":"https:\/\/www.labaldufateatre.com\/fr\/wp-content\/uploads\/sites\/4\/img-e1534-877x1024-1.jpg","contentUrl":"https:\/\/www.labaldufateatre.com\/fr\/wp-content\/uploads\/sites\/4\/img-e1534-877x1024-1.jpg","width":877,"height":1024},{"@type":"BreadcrumbList","@id":"https:\/\/www.labaldufateatre.com\/fr\/creation-dimperfect-a-mostra-igualada\/#breadcrumb","itemListElement":[{"@type":"ListItem","position":1,"name":"Portada","item":"https:\/\/www.labaldufateatre.com\/fr\/"},{"@type":"ListItem","position":2,"name":"Cr\u00e9ation d\u2019ImPERFECT \u00e0 Mostra Igualada"}]},{"@type":"WebSite","@id":"https:\/\/www.labaldufateatre.com\/fr\/#website","url":"https:\/\/www.labaldufateatre.com\/fr\/","name":"La Baldufa Teatre","description":"Companyia de Comediants","potentialAction":[{"@type":"SearchAction","target":{"@type":"EntryPoint","urlTemplate":"https:\/\/www.labaldufateatre.com\/fr\/?s={search_term_string}"},"query-input":{"@type":"PropertyValueSpecification","valueRequired":true,"valueName":"search_term_string"}}],"inLanguage":"fr-FR"},{"@type":"Person","@id":"https:\/\/www.labaldufateatre.com\/fr\/#\/schema\/person\/9bdcaa1e41295dbae5634e10328cba17","name":"La Baldufa Teatre","image":{"@type":"ImageObject","inLanguage":"fr-FR","@id":"https:\/\/secure.gravatar.com\/avatar\/d7d19647aef47cb2f08d837ca03f487a96bab078ac264f4495abfb61b75098c2?s=96&d=mm&r=g","url":"https:\/\/secure.gravatar.com\/avatar\/d7d19647aef47cb2f08d837ca03f487a96bab078ac264f4495abfb61b75098c2?s=96&d=mm&r=g","contentUrl":"https:\/\/secure.gravatar.com\/avatar\/d7d19647aef47cb2f08d837ca03f487a96bab078ac264f4495abfb61b75098c2?s=96&d=mm&r=g","caption":"La Baldufa Teatre"}}]}},"_links":{"self":[{"href":"https:\/\/www.labaldufateatre.com\/fr\/wp-json\/wp\/v2\/posts\/1274","targetHints":{"allow":["GET"]}}],"collection":[{"href":"https:\/\/www.labaldufateatre.com\/fr\/wp-json\/wp\/v2\/posts"}],"about":[{"href":"https:\/\/www.labaldufateatre.com\/fr\/wp-json\/wp\/v2\/types\/post"}],"author":[{"embeddable":true,"href":"https:\/\/www.labaldufateatre.com\/fr\/wp-json\/wp\/v2\/users\/2"}],"replies":[{"embeddable":true,"href":"https:\/\/www.labaldufateatre.com\/fr\/wp-json\/wp\/v2\/comments?post=1274"}],"version-history":[{"count":2,"href":"https:\/\/www.labaldufateatre.com\/fr\/wp-json\/wp\/v2\/posts\/1274\/revisions"}],"predecessor-version":[{"id":1277,"href":"https:\/\/www.labaldufateatre.com\/fr\/wp-json\/wp\/v2\/posts\/1274\/revisions\/1277"}],"wp:featuredmedia":[{"embeddable":true,"href":"https:\/\/www.labaldufateatre.com\/fr\/wp-json\/wp\/v2\/media\/1276"}],"wp:attachment":[{"href":"https:\/\/www.labaldufateatre.com\/fr\/wp-json\/wp\/v2\/media?parent=1274"}],"wp:term":[{"taxonomy":"category","embeddable":true,"href":"https:\/\/www.labaldufateatre.com\/fr\/wp-json\/wp\/v2\/categories?post=1274"},{"taxonomy":"post_tag","embeddable":true,"href":"https:\/\/www.labaldufateatre.com\/fr\/wp-json\/wp\/v2\/tags?post=1274"}],"curies":[{"name":"wp","href":"https:\/\/api.w.org\/{rel}","templated":true}]}}