{"id":1341,"date":"2022-11-14T15:07:37","date_gmt":"2022-11-14T14:07:37","guid":{"rendered":"https:\/\/www.labaldufateatre.com\/fr\/?p=1341"},"modified":"2022-11-14T15:07:53","modified_gmt":"2022-11-14T14:07:53","slug":"arrivederci-confetti-au-festival-de-tradiciones-de-vida-y-muerte-du-mexique","status":"publish","type":"post","link":"https:\/\/www.labaldufateatre.com\/fr\/arrivederci-confetti-au-festival-de-tradiciones-de-vida-y-muerte-du-mexique\/","title":{"rendered":"Arrivederci Confetti, au Festival de Tradiciones de Vida y Muerte du Mexique"},"content":{"rendered":"<p style=\"font-weight: 400;\">Ce mois d\u2019octobre nous avons fait nos valises et nous avons voyag\u00e9 avec notre spectacle\u00a0<em>Arrivederci, Confetti<\/em>\u00a0au\u00a0<strong>16\u00e8me Festival de Tradiciones de Vida y Muerte du Mexique\u00a0!<\/strong><\/p>\n<p style=\"font-weight: 400;\">Entre le 30 octobre et le 3 novembre, nous avons exhib\u00e9 9 repr\u00e9sentations du spectacle, dans le cadre de ce festival multidisciplinaire des arts de la sc\u00e8ne qui se tient au Parque Xcaret du Mexique (\u00e0 Playa del Carmen), un parc entour\u00e9 de nature, culture et tradition. C\u2019est un \u00e9v\u00e9nement annuel qui accueille des spectacles du monde entier et montre \u00e9galement les repr\u00e9sentations culturelles et traditionnelles les plus importantes du monde maya autour du Hanal Pix\u00e1n, qui est la c\u00e9l\u00e9bration du jour des morts \u00e0 la r\u00e9gion de Quintana Roo.<\/p>\n<p style=\"font-weight: 400;\">L\u2019<em>Arrivederci, Confetti<\/em>\u00a0s\u2019inscrit parfaitement dans ce cadre, puisqu\u2019il s\u2019agit d\u2019un spectacle sur le deuil, o\u00f9 trois clowns d\u00e9glingu\u00e9s pleurent la mort de leur leader, Confetti. Pour jouer le spectacle au Mexique, nous avons con\u00e7u une sc\u00e9nographie sp\u00e9cifique, dont la plupart \u00e0 \u00e9t\u00e9 construite sur place et nous avons amen\u00e9 les accessoires et les costumes.<\/p>\n<p style=\"font-weight: 400;\"><img loading=\"lazy\" decoding=\"async\" class=\"size-medium wp-image-1343 alignright\" src=\"https:\/\/www.labaldufateatre.com\/fr\/wp-content\/uploads\/sites\/4\/e7e5f71f-05ea-4926-af9b-7a4a8a4a0e48-300x225.jpeg\" alt=\"\" width=\"300\" height=\"225\" srcset=\"https:\/\/www.labaldufateatre.com\/fr\/wp-content\/uploads\/sites\/4\/e7e5f71f-05ea-4926-af9b-7a4a8a4a0e48-300x225.jpeg 300w, https:\/\/www.labaldufateatre.com\/fr\/wp-content\/uploads\/sites\/4\/e7e5f71f-05ea-4926-af9b-7a4a8a4a0e48-768x576.jpeg 768w, https:\/\/www.labaldufateatre.com\/fr\/wp-content\/uploads\/sites\/4\/e7e5f71f-05ea-4926-af9b-7a4a8a4a0e48.jpeg 1024w\" sizes=\"auto, (max-width: 300px) 100vw, 300px\" \/><\/p>\n<p style=\"font-weight: 400;\">L\u2019exp\u00e9dition au Mexique, initialement pr\u00e9vue pour 2020, a d\u00fb \u00eatre report\u00e9e en raison de la pand\u00e9mie et nous n'avons pu la r\u00e9aliser que jusqu\u2019\u00e0 maintenant. On revient tr\u00e8s heureux d\u2019avoir fait partie d\u2019une programmation avec des propositions artistiques mayas, de tout le Mexique et aussi internationales, dans un parc qui accorde tant d\u2019importance \u00e0 l\u2019\u00e9cologie et \u00e0 la culture.<\/p>\n","protected":false},"excerpt":{"rendered":"<p>Ce mois d\u2019octobre nous avons fait nos valises et nous avons voyag\u00e9 avec notre spectacle\u00a0Arrivederci, Confetti\u00a0au\u00a016\u00e8me Festival de Tradiciones de...<\/p>\n","protected":false},"author":2,"featured_media":1342,"comment_status":"closed","ping_status":"closed","sticky":false,"template":"","format":"standard","meta":{"_acf_changed":false,"inline_featured_image":false,"footnotes":""},"categories":[1],"tags":[],"class_list":["post-1341","post","type-post","status-publish","format-standard","has-post-thumbnail","hentry","category-news"],"acf":[],"yoast_head":"<!-- This site is optimized with the Yoast SEO plugin v27.5 - https:\/\/yoast.com\/product\/yoast-seo-wordpress\/ -->\n<title>Arrivederci Confetti, au Festival de Tradiciones de Vida y Muerte du Mexique - La Baldufa Teatre<\/title>\n<meta name=\"robots\" content=\"index, follow, max-snippet:-1, max-image-preview:large, max-video-preview:-1\" \/>\n<link rel=\"canonical\" href=\"https:\/\/www.labaldufateatre.com\/fr\/arrivederci-confetti-au-festival-de-tradiciones-de-vida-y-muerte-du-mexique\/\" \/>\n<meta property=\"og:locale\" content=\"fr_FR\" \/>\n<meta property=\"og:type\" content=\"article\" \/>\n<meta property=\"og:title\" content=\"Arrivederci Confetti, au Festival de Tradiciones de Vida y Muerte du Mexique - La Baldufa Teatre\" \/>\n<meta property=\"og:description\" content=\"Ce mois d\u2019octobre nous avons fait nos valises et nous avons voyag\u00e9 avec notre spectacle\u00a0Arrivederci, Confetti\u00a0au\u00a016\u00e8me Festival de Tradiciones de...\" \/>\n<meta property=\"og:url\" content=\"https:\/\/www.labaldufateatre.com\/fr\/arrivederci-confetti-au-festival-de-tradiciones-de-vida-y-muerte-du-mexique\/\" \/>\n<meta property=\"og:site_name\" content=\"La Baldufa Teatre\" \/>\n<meta property=\"article:publisher\" content=\"http:\/\/www.facebook.com\/pages\/Companyia-de-Comediants-La-Baldufa\/94606450908\" \/>\n<meta property=\"article:published_time\" content=\"2022-11-14T14:07:37+00:00\" \/>\n<meta property=\"article:modified_time\" content=\"2022-11-14T14:07:53+00:00\" \/>\n<meta property=\"og:image\" content=\"https:\/\/www.labaldufateatre.com\/fr\/wp-content\/uploads\/sites\/4\/confetti1.png\" \/>\n\t<meta property=\"og:image:width\" content=\"703\" \/>\n\t<meta property=\"og:image:height\" content=\"378\" \/>\n\t<meta property=\"og:image:type\" content=\"image\/png\" \/>\n<meta name=\"author\" content=\"La Baldufa Teatre\" \/>\n<meta name=\"twitter:card\" content=\"summary_large_image\" \/>\n<meta name=\"twitter:creator\" content=\"@BaldufaTeatre\" \/>\n<meta name=\"twitter:site\" content=\"@BaldufaTeatre\" \/>\n<meta name=\"twitter:label1\" content=\"\u00c9crit par\" \/>\n\t<meta name=\"twitter:data1\" content=\"La Baldufa Teatre\" \/>\n\t<meta name=\"twitter:label2\" content=\"Dur\u00e9e de lecture estim\u00e9e\" \/>\n\t<meta name=\"twitter:data2\" content=\"2 minutes\" \/>\n<script type=\"application\/ld+json\" class=\"yoast-schema-graph\">{\"@context\":\"https:\\\/\\\/schema.org\",\"@graph\":[{\"@type\":\"Article\",\"@id\":\"https:\\\/\\\/www.labaldufateatre.com\\\/fr\\\/arrivederci-confetti-au-festival-de-tradiciones-de-vida-y-muerte-du-mexique\\\/#article\",\"isPartOf\":{\"@id\":\"https:\\\/\\\/www.labaldufateatre.com\\\/fr\\\/arrivederci-confetti-au-festival-de-tradiciones-de-vida-y-muerte-du-mexique\\\/\"},\"author\":{\"name\":\"La Baldufa Teatre\",\"@id\":\"https:\\\/\\\/www.labaldufateatre.com\\\/fr\\\/#\\\/schema\\\/person\\\/9bdcaa1e41295dbae5634e10328cba17\"},\"headline\":\"Arrivederci Confetti, au Festival de Tradiciones de Vida y Muerte du Mexique\",\"datePublished\":\"2022-11-14T14:07:37+00:00\",\"dateModified\":\"2022-11-14T14:07:53+00:00\",\"mainEntityOfPage\":{\"@id\":\"https:\\\/\\\/www.labaldufateatre.com\\\/fr\\\/arrivederci-confetti-au-festival-de-tradiciones-de-vida-y-muerte-du-mexique\\\/\"},\"wordCount\":266,\"image\":{\"@id\":\"https:\\\/\\\/www.labaldufateatre.com\\\/fr\\\/arrivederci-confetti-au-festival-de-tradiciones-de-vida-y-muerte-du-mexique\\\/#primaryimage\"},\"thumbnailUrl\":\"https:\\\/\\\/www.labaldufateatre.com\\\/fr\\\/wp-content\\\/uploads\\\/sites\\\/4\\\/confetti1.png\",\"articleSection\":[\"News\"],\"inLanguage\":\"fr-FR\"},{\"@type\":\"WebPage\",\"@id\":\"https:\\\/\\\/www.labaldufateatre.com\\\/fr\\\/arrivederci-confetti-au-festival-de-tradiciones-de-vida-y-muerte-du-mexique\\\/\",\"url\":\"https:\\\/\\\/www.labaldufateatre.com\\\/fr\\\/arrivederci-confetti-au-festival-de-tradiciones-de-vida-y-muerte-du-mexique\\\/\",\"name\":\"Arrivederci Confetti, au Festival de Tradiciones de Vida y Muerte du Mexique - La Baldufa Teatre\",\"isPartOf\":{\"@id\":\"https:\\\/\\\/www.labaldufateatre.com\\\/fr\\\/#website\"},\"primaryImageOfPage\":{\"@id\":\"https:\\\/\\\/www.labaldufateatre.com\\\/fr\\\/arrivederci-confetti-au-festival-de-tradiciones-de-vida-y-muerte-du-mexique\\\/#primaryimage\"},\"image\":{\"@id\":\"https:\\\/\\\/www.labaldufateatre.com\\\/fr\\\/arrivederci-confetti-au-festival-de-tradiciones-de-vida-y-muerte-du-mexique\\\/#primaryimage\"},\"thumbnailUrl\":\"https:\\\/\\\/www.labaldufateatre.com\\\/fr\\\/wp-content\\\/uploads\\\/sites\\\/4\\\/confetti1.png\",\"datePublished\":\"2022-11-14T14:07:37+00:00\",\"dateModified\":\"2022-11-14T14:07:53+00:00\",\"author\":{\"@id\":\"https:\\\/\\\/www.labaldufateatre.com\\\/fr\\\/#\\\/schema\\\/person\\\/9bdcaa1e41295dbae5634e10328cba17\"},\"breadcrumb\":{\"@id\":\"https:\\\/\\\/www.labaldufateatre.com\\\/fr\\\/arrivederci-confetti-au-festival-de-tradiciones-de-vida-y-muerte-du-mexique\\\/#breadcrumb\"},\"inLanguage\":\"fr-FR\",\"potentialAction\":[{\"@type\":\"ReadAction\",\"target\":[\"https:\\\/\\\/www.labaldufateatre.com\\\/fr\\\/arrivederci-confetti-au-festival-de-tradiciones-de-vida-y-muerte-du-mexique\\\/\"]}]},{\"@type\":\"ImageObject\",\"inLanguage\":\"fr-FR\",\"@id\":\"https:\\\/\\\/www.labaldufateatre.com\\\/fr\\\/arrivederci-confetti-au-festival-de-tradiciones-de-vida-y-muerte-du-mexique\\\/#primaryimage\",\"url\":\"https:\\\/\\\/www.labaldufateatre.com\\\/fr\\\/wp-content\\\/uploads\\\/sites\\\/4\\\/confetti1.png\",\"contentUrl\":\"https:\\\/\\\/www.labaldufateatre.com\\\/fr\\\/wp-content\\\/uploads\\\/sites\\\/4\\\/confetti1.png\",\"width\":703,\"height\":378},{\"@type\":\"BreadcrumbList\",\"@id\":\"https:\\\/\\\/www.labaldufateatre.com\\\/fr\\\/arrivederci-confetti-au-festival-de-tradiciones-de-vida-y-muerte-du-mexique\\\/#breadcrumb\",\"itemListElement\":[{\"@type\":\"ListItem\",\"position\":1,\"name\":\"Portada\",\"item\":\"https:\\\/\\\/www.labaldufateatre.com\\\/fr\\\/\"},{\"@type\":\"ListItem\",\"position\":2,\"name\":\"Arrivederci Confetti, au Festival de Tradiciones de Vida y Muerte du Mexique\"}]},{\"@type\":\"WebSite\",\"@id\":\"https:\\\/\\\/www.labaldufateatre.com\\\/fr\\\/#website\",\"url\":\"https:\\\/\\\/www.labaldufateatre.com\\\/fr\\\/\",\"name\":\"La Baldufa Teatre\",\"description\":\"Companyia de Comediants\",\"potentialAction\":[{\"@type\":\"SearchAction\",\"target\":{\"@type\":\"EntryPoint\",\"urlTemplate\":\"https:\\\/\\\/www.labaldufateatre.com\\\/fr\\\/?s={search_term_string}\"},\"query-input\":{\"@type\":\"PropertyValueSpecification\",\"valueRequired\":true,\"valueName\":\"search_term_string\"}}],\"inLanguage\":\"fr-FR\"},{\"@type\":\"Person\",\"@id\":\"https:\\\/\\\/www.labaldufateatre.com\\\/fr\\\/#\\\/schema\\\/person\\\/9bdcaa1e41295dbae5634e10328cba17\",\"name\":\"La Baldufa Teatre\",\"image\":{\"@type\":\"ImageObject\",\"inLanguage\":\"fr-FR\",\"@id\":\"https:\\\/\\\/secure.gravatar.com\\\/avatar\\\/d7d19647aef47cb2f08d837ca03f487a96bab078ac264f4495abfb61b75098c2?s=96&d=mm&r=g\",\"url\":\"https:\\\/\\\/secure.gravatar.com\\\/avatar\\\/d7d19647aef47cb2f08d837ca03f487a96bab078ac264f4495abfb61b75098c2?s=96&d=mm&r=g\",\"contentUrl\":\"https:\\\/\\\/secure.gravatar.com\\\/avatar\\\/d7d19647aef47cb2f08d837ca03f487a96bab078ac264f4495abfb61b75098c2?s=96&d=mm&r=g\",\"caption\":\"La Baldufa Teatre\"}}]}<\/script>\n<!-- \/ Yoast SEO plugin. -->","yoast_head_json":{"title":"Arrivederci Confetti, au Festival de Tradiciones de Vida y Muerte du Mexique - La Baldufa Teatre","robots":{"index":"index","follow":"follow","max-snippet":"max-snippet:-1","max-image-preview":"max-image-preview:large","max-video-preview":"max-video-preview:-1"},"canonical":"https:\/\/www.labaldufateatre.com\/fr\/arrivederci-confetti-au-festival-de-tradiciones-de-vida-y-muerte-du-mexique\/","og_locale":"fr_FR","og_type":"article","og_title":"Arrivederci Confetti, au Festival de Tradiciones de Vida y Muerte du Mexique - La Baldufa Teatre","og_description":"Ce mois d\u2019octobre nous avons fait nos valises et nous avons voyag\u00e9 avec notre spectacle\u00a0Arrivederci, Confetti\u00a0au\u00a016\u00e8me Festival de Tradiciones de...","og_url":"https:\/\/www.labaldufateatre.com\/fr\/arrivederci-confetti-au-festival-de-tradiciones-de-vida-y-muerte-du-mexique\/","og_site_name":"La Baldufa Teatre","article_publisher":"http:\/\/www.facebook.com\/pages\/Companyia-de-Comediants-La-Baldufa\/94606450908","article_published_time":"2022-11-14T14:07:37+00:00","article_modified_time":"2022-11-14T14:07:53+00:00","og_image":[{"width":703,"height":378,"url":"https:\/\/www.labaldufateatre.com\/fr\/wp-content\/uploads\/sites\/4\/confetti1.png","type":"image\/png"}],"author":"La Baldufa Teatre","twitter_card":"summary_large_image","twitter_creator":"@BaldufaTeatre","twitter_site":"@BaldufaTeatre","twitter_misc":{"\u00c9crit par":"La Baldufa Teatre","Dur\u00e9e de lecture estim\u00e9e":"2 minutes"},"schema":{"@context":"https:\/\/schema.org","@graph":[{"@type":"Article","@id":"https:\/\/www.labaldufateatre.com\/fr\/arrivederci-confetti-au-festival-de-tradiciones-de-vida-y-muerte-du-mexique\/#article","isPartOf":{"@id":"https:\/\/www.labaldufateatre.com\/fr\/arrivederci-confetti-au-festival-de-tradiciones-de-vida-y-muerte-du-mexique\/"},"author":{"name":"La Baldufa Teatre","@id":"https:\/\/www.labaldufateatre.com\/fr\/#\/schema\/person\/9bdcaa1e41295dbae5634e10328cba17"},"headline":"Arrivederci Confetti, au Festival de Tradiciones de Vida y Muerte du Mexique","datePublished":"2022-11-14T14:07:37+00:00","dateModified":"2022-11-14T14:07:53+00:00","mainEntityOfPage":{"@id":"https:\/\/www.labaldufateatre.com\/fr\/arrivederci-confetti-au-festival-de-tradiciones-de-vida-y-muerte-du-mexique\/"},"wordCount":266,"image":{"@id":"https:\/\/www.labaldufateatre.com\/fr\/arrivederci-confetti-au-festival-de-tradiciones-de-vida-y-muerte-du-mexique\/#primaryimage"},"thumbnailUrl":"https:\/\/www.labaldufateatre.com\/fr\/wp-content\/uploads\/sites\/4\/confetti1.png","articleSection":["News"],"inLanguage":"fr-FR"},{"@type":"WebPage","@id":"https:\/\/www.labaldufateatre.com\/fr\/arrivederci-confetti-au-festival-de-tradiciones-de-vida-y-muerte-du-mexique\/","url":"https:\/\/www.labaldufateatre.com\/fr\/arrivederci-confetti-au-festival-de-tradiciones-de-vida-y-muerte-du-mexique\/","name":"Arrivederci Confetti, au Festival de Tradiciones de Vida y Muerte du Mexique - La Baldufa Teatre","isPartOf":{"@id":"https:\/\/www.labaldufateatre.com\/fr\/#website"},"primaryImageOfPage":{"@id":"https:\/\/www.labaldufateatre.com\/fr\/arrivederci-confetti-au-festival-de-tradiciones-de-vida-y-muerte-du-mexique\/#primaryimage"},"image":{"@id":"https:\/\/www.labaldufateatre.com\/fr\/arrivederci-confetti-au-festival-de-tradiciones-de-vida-y-muerte-du-mexique\/#primaryimage"},"thumbnailUrl":"https:\/\/www.labaldufateatre.com\/fr\/wp-content\/uploads\/sites\/4\/confetti1.png","datePublished":"2022-11-14T14:07:37+00:00","dateModified":"2022-11-14T14:07:53+00:00","author":{"@id":"https:\/\/www.labaldufateatre.com\/fr\/#\/schema\/person\/9bdcaa1e41295dbae5634e10328cba17"},"breadcrumb":{"@id":"https:\/\/www.labaldufateatre.com\/fr\/arrivederci-confetti-au-festival-de-tradiciones-de-vida-y-muerte-du-mexique\/#breadcrumb"},"inLanguage":"fr-FR","potentialAction":[{"@type":"ReadAction","target":["https:\/\/www.labaldufateatre.com\/fr\/arrivederci-confetti-au-festival-de-tradiciones-de-vida-y-muerte-du-mexique\/"]}]},{"@type":"ImageObject","inLanguage":"fr-FR","@id":"https:\/\/www.labaldufateatre.com\/fr\/arrivederci-confetti-au-festival-de-tradiciones-de-vida-y-muerte-du-mexique\/#primaryimage","url":"https:\/\/www.labaldufateatre.com\/fr\/wp-content\/uploads\/sites\/4\/confetti1.png","contentUrl":"https:\/\/www.labaldufateatre.com\/fr\/wp-content\/uploads\/sites\/4\/confetti1.png","width":703,"height":378},{"@type":"BreadcrumbList","@id":"https:\/\/www.labaldufateatre.com\/fr\/arrivederci-confetti-au-festival-de-tradiciones-de-vida-y-muerte-du-mexique\/#breadcrumb","itemListElement":[{"@type":"ListItem","position":1,"name":"Portada","item":"https:\/\/www.labaldufateatre.com\/fr\/"},{"@type":"ListItem","position":2,"name":"Arrivederci Confetti, au Festival de Tradiciones de Vida y Muerte du Mexique"}]},{"@type":"WebSite","@id":"https:\/\/www.labaldufateatre.com\/fr\/#website","url":"https:\/\/www.labaldufateatre.com\/fr\/","name":"La Baldufa Teatre","description":"Companyia de Comediants","potentialAction":[{"@type":"SearchAction","target":{"@type":"EntryPoint","urlTemplate":"https:\/\/www.labaldufateatre.com\/fr\/?s={search_term_string}"},"query-input":{"@type":"PropertyValueSpecification","valueRequired":true,"valueName":"search_term_string"}}],"inLanguage":"fr-FR"},{"@type":"Person","@id":"https:\/\/www.labaldufateatre.com\/fr\/#\/schema\/person\/9bdcaa1e41295dbae5634e10328cba17","name":"La Baldufa Teatre","image":{"@type":"ImageObject","inLanguage":"fr-FR","@id":"https:\/\/secure.gravatar.com\/avatar\/d7d19647aef47cb2f08d837ca03f487a96bab078ac264f4495abfb61b75098c2?s=96&d=mm&r=g","url":"https:\/\/secure.gravatar.com\/avatar\/d7d19647aef47cb2f08d837ca03f487a96bab078ac264f4495abfb61b75098c2?s=96&d=mm&r=g","contentUrl":"https:\/\/secure.gravatar.com\/avatar\/d7d19647aef47cb2f08d837ca03f487a96bab078ac264f4495abfb61b75098c2?s=96&d=mm&r=g","caption":"La Baldufa Teatre"}}]}},"_links":{"self":[{"href":"https:\/\/www.labaldufateatre.com\/fr\/wp-json\/wp\/v2\/posts\/1341","targetHints":{"allow":["GET"]}}],"collection":[{"href":"https:\/\/www.labaldufateatre.com\/fr\/wp-json\/wp\/v2\/posts"}],"about":[{"href":"https:\/\/www.labaldufateatre.com\/fr\/wp-json\/wp\/v2\/types\/post"}],"author":[{"embeddable":true,"href":"https:\/\/www.labaldufateatre.com\/fr\/wp-json\/wp\/v2\/users\/2"}],"replies":[{"embeddable":true,"href":"https:\/\/www.labaldufateatre.com\/fr\/wp-json\/wp\/v2\/comments?post=1341"}],"version-history":[{"count":3,"href":"https:\/\/www.labaldufateatre.com\/fr\/wp-json\/wp\/v2\/posts\/1341\/revisions"}],"predecessor-version":[{"id":1345,"href":"https:\/\/www.labaldufateatre.com\/fr\/wp-json\/wp\/v2\/posts\/1341\/revisions\/1345"}],"wp:featuredmedia":[{"embeddable":true,"href":"https:\/\/www.labaldufateatre.com\/fr\/wp-json\/wp\/v2\/media\/1342"}],"wp:attachment":[{"href":"https:\/\/www.labaldufateatre.com\/fr\/wp-json\/wp\/v2\/media?parent=1341"}],"wp:term":[{"taxonomy":"category","embeddable":true,"href":"https:\/\/www.labaldufateatre.com\/fr\/wp-json\/wp\/v2\/categories?post=1341"},{"taxonomy":"post_tag","embeddable":true,"href":"https:\/\/www.labaldufateatre.com\/fr\/wp-json\/wp\/v2\/tags?post=1341"}],"curies":[{"name":"wp","href":"https:\/\/api.w.org\/{rel}","templated":true}]}}