{"id":1405,"date":"2023-07-21T10:30:13","date_gmt":"2023-07-21T08:30:13","guid":{"rendered":"https:\/\/www.labaldufateatre.com\/fr\/?p=1405"},"modified":"2025-03-14T10:10:57","modified_gmt":"2025-03-14T09:10:57","slug":"esbaiolat-merci-pour-ces-15-annees","status":"publish","type":"post","link":"https:\/\/www.labaldufateatre.com\/fr\/esbaiolat-merci-pour-ces-15-annees\/","title":{"rendered":"Esbaiola't merci pour ces 15 ann\u00e9es!!"},"content":{"rendered":"<p style=\"font-weight: 400;\">Nous cl\u00f4turons un autre <a href=\"https:\/\/festivalesbaiolat.cat\/\">Esbaiola't<\/a> et nous le faisons avec un \u00e9norme remerciement \u00e0 tous ceux qui ont partag\u00e9 ces 16 \u00e9ditions de cette merveilleuse aventure culturelle.<\/p>\n<p style=\"font-weight: 400;\">Il s'agit de la derni\u00e8re \u00e9dition o\u00f9 La Baldufa s'est charg\u00e9e de la direction artistique et de l'organisation du festival. La d\u00e9cision de passer le relais n'a pas \u00e9t\u00e9 prise \u00e0 la l\u00e9g\u00e8re, car ce festival est plus qu'un \u00e9v\u00e9nement pour nous. C'est une partie fondamentale de notre vie et une source d'inspiration pour notre carri\u00e8re artistique.<\/p>\n<p style=\"font-weight: 400;\">Les raisons qui nous ont pouss\u00e9s \u00e0 nous retirer sont diverses :<\/p>\n<p style=\"font-weight: 400;\">-La t\u00e2che principale de la compagnie est la production de spectacles de th\u00e9\u00e2tre, tandis que la direction artistique du Festival Esbaiola't \u00e9tait comme un travail suppl\u00e9mentaire. Au cours de ces 15 ann\u00e9es, nous avons ador\u00e9 la r\u00e9alisation du festival, mais la structure actuelle de la compagnie ne nous permet pas de continuer \u00e0 le g\u00e9rer comme nous l'avions fait jusqu'\u00e0 pr\u00e9sent, et nous ne pouvons pas assurer non plus le niveau de qualit\u00e9 et de professionnalisme que nous avions atteint et que nous pensons que le Festival Esbaiola't m\u00e9rite.<\/p>\n<p style=\"font-weight: 400;\">-De plus, le festival a atteint un niveau de programmation et d'audience stable au fil des ans. Maintenant que le festival est d\u00e9j\u00e0 consolid\u00e9, nous pensons que c'est le bon moment pour passer le flambeau et permettre \u00e0 de nouvelles \u00e9nergies et visions de prendre les devants.<\/p>\n<p style=\"font-weight: 400;\">-D'autre part, malgr\u00e9 les efforts de la Mairie d'Esterri d'\u00c0neu, assurer la p\u00e9rennit\u00e9 financi\u00e8re d'un festival de ces caract\u00e9ristiques n'a pas toujours \u00e9t\u00e9 une t\u00e2che facile. Nous esp\u00e9rons \u00e9galement que ce pas de c\u00f4t\u00e9 servira aux institutions \u00e0 prendre conscience que plus de soutien est n\u00e9cessaire pour les initiatives culturelles comme le Festival Esbaiola't, qui repr\u00e9sente une opportunit\u00e9 de croissance culturelle et sociale pour la localit\u00e9, la r\u00e9gion et le pays.<\/p>\n<p style=\"font-weight: 400;\">Nous esp\u00e9rons et confions que tout ce que nous avons sem\u00e9 ces ann\u00e9es sera utile \u00e0 celui qui prendra la rel\u00e8ve. Vive le Festival Esbaiola\u2019t !!<\/p>\n","protected":false},"excerpt":{"rendered":"<p>Nous cl\u00f4turons un autre Esbaiola't et nous le faisons avec un \u00e9norme remerciement \u00e0 tous ceux qui ont partag\u00e9 ces...<\/p>\n","protected":false},"author":2,"featured_media":1406,"comment_status":"closed","ping_status":"closed","sticky":false,"template":"","format":"standard","meta":{"_acf_changed":false,"inline_featured_image":false,"footnotes":""},"categories":[1],"tags":[],"class_list":["post-1405","post","type-post","status-publish","format-standard","has-post-thumbnail","hentry","category-news"],"acf":[],"yoast_head":"<!-- This site is optimized with the Yoast SEO plugin v27.5 - https:\/\/yoast.com\/product\/yoast-seo-wordpress\/ -->\n<title>Esbaiola&#039;t merci pour ces 15 ann\u00e9es!! - La Baldufa Teatre<\/title>\n<meta name=\"description\" content=\"Esbaiola&#039;t merci pour ces 15 ann\u00e9es! Nous cl\u00f4turons le festival apr\u00e8s 16 \u00e9ditions et nous le faisons avec une infinie gratitude.\" \/>\n<meta name=\"robots\" content=\"index, follow, max-snippet:-1, max-image-preview:large, max-video-preview:-1\" \/>\n<link rel=\"canonical\" href=\"https:\/\/www.labaldufateatre.com\/fr\/esbaiolat-merci-pour-ces-15-annees\/\" \/>\n<meta property=\"og:locale\" content=\"fr_FR\" \/>\n<meta property=\"og:type\" content=\"article\" \/>\n<meta property=\"og:title\" content=\"Esbaiola&#039;t merci pour ces 15 ann\u00e9es!! - La Baldufa Teatre\" \/>\n<meta property=\"og:description\" content=\"Esbaiola&#039;t merci pour ces 15 ann\u00e9es! Nous cl\u00f4turons le festival apr\u00e8s 16 \u00e9ditions et nous le faisons avec une infinie gratitude.\" \/>\n<meta property=\"og:url\" content=\"https:\/\/www.labaldufateatre.com\/fr\/esbaiolat-merci-pour-ces-15-annees\/\" \/>\n<meta property=\"og:site_name\" content=\"La Baldufa Teatre\" \/>\n<meta property=\"article:publisher\" content=\"http:\/\/www.facebook.com\/pages\/Companyia-de-Comediants-La-Baldufa\/94606450908\" \/>\n<meta property=\"article:published_time\" content=\"2023-07-21T08:30:13+00:00\" \/>\n<meta property=\"article:modified_time\" content=\"2025-03-14T09:10:57+00:00\" \/>\n<meta property=\"og:image\" content=\"https:\/\/www.labaldufateatre.com\/fr\/wp-content\/uploads\/sites\/4\/bb02fa95-e864-4f1e-8d7a-3cdb1e0db2b7-1-1.jpg\" \/>\n\t<meta property=\"og:image:width\" content=\"1600\" \/>\n\t<meta property=\"og:image:height\" content=\"1200\" \/>\n\t<meta property=\"og:image:type\" content=\"image\/jpeg\" \/>\n<meta name=\"author\" content=\"La Baldufa Teatre\" \/>\n<meta name=\"twitter:card\" content=\"summary_large_image\" \/>\n<meta name=\"twitter:creator\" content=\"@BaldufaTeatre\" \/>\n<meta name=\"twitter:site\" content=\"@BaldufaTeatre\" \/>\n<meta name=\"twitter:label1\" content=\"\u00c9crit par\" \/>\n\t<meta name=\"twitter:data1\" content=\"La Baldufa Teatre\" \/>\n\t<meta name=\"twitter:label2\" content=\"Dur\u00e9e de lecture estim\u00e9e\" \/>\n\t<meta name=\"twitter:data2\" content=\"2 minutes\" \/>\n<script type=\"application\/ld+json\" class=\"yoast-schema-graph\">{\"@context\":\"https:\\\/\\\/schema.org\",\"@graph\":[{\"@type\":\"Article\",\"@id\":\"https:\\\/\\\/www.labaldufateatre.com\\\/fr\\\/esbaiolat-merci-pour-ces-15-annees\\\/#article\",\"isPartOf\":{\"@id\":\"https:\\\/\\\/www.labaldufateatre.com\\\/fr\\\/esbaiolat-merci-pour-ces-15-annees\\\/\"},\"author\":{\"name\":\"La Baldufa Teatre\",\"@id\":\"https:\\\/\\\/www.labaldufateatre.com\\\/fr\\\/#\\\/schema\\\/person\\\/9bdcaa1e41295dbae5634e10328cba17\"},\"headline\":\"Esbaiola't merci pour ces 15 ann\u00e9es!!\",\"datePublished\":\"2023-07-21T08:30:13+00:00\",\"dateModified\":\"2025-03-14T09:10:57+00:00\",\"mainEntityOfPage\":{\"@id\":\"https:\\\/\\\/www.labaldufateatre.com\\\/fr\\\/esbaiolat-merci-pour-ces-15-annees\\\/\"},\"wordCount\":375,\"image\":{\"@id\":\"https:\\\/\\\/www.labaldufateatre.com\\\/fr\\\/esbaiolat-merci-pour-ces-15-annees\\\/#primaryimage\"},\"thumbnailUrl\":\"https:\\\/\\\/www.labaldufateatre.com\\\/fr\\\/wp-content\\\/uploads\\\/sites\\\/4\\\/bb02fa95-e864-4f1e-8d7a-3cdb1e0db2b7-1-1.jpg\",\"articleSection\":[\"News\"],\"inLanguage\":\"fr-FR\"},{\"@type\":\"WebPage\",\"@id\":\"https:\\\/\\\/www.labaldufateatre.com\\\/fr\\\/esbaiolat-merci-pour-ces-15-annees\\\/\",\"url\":\"https:\\\/\\\/www.labaldufateatre.com\\\/fr\\\/esbaiolat-merci-pour-ces-15-annees\\\/\",\"name\":\"Esbaiola't merci pour ces 15 ann\u00e9es!! - La Baldufa Teatre\",\"isPartOf\":{\"@id\":\"https:\\\/\\\/www.labaldufateatre.com\\\/fr\\\/#website\"},\"primaryImageOfPage\":{\"@id\":\"https:\\\/\\\/www.labaldufateatre.com\\\/fr\\\/esbaiolat-merci-pour-ces-15-annees\\\/#primaryimage\"},\"image\":{\"@id\":\"https:\\\/\\\/www.labaldufateatre.com\\\/fr\\\/esbaiolat-merci-pour-ces-15-annees\\\/#primaryimage\"},\"thumbnailUrl\":\"https:\\\/\\\/www.labaldufateatre.com\\\/fr\\\/wp-content\\\/uploads\\\/sites\\\/4\\\/bb02fa95-e864-4f1e-8d7a-3cdb1e0db2b7-1-1.jpg\",\"datePublished\":\"2023-07-21T08:30:13+00:00\",\"dateModified\":\"2025-03-14T09:10:57+00:00\",\"author\":{\"@id\":\"https:\\\/\\\/www.labaldufateatre.com\\\/fr\\\/#\\\/schema\\\/person\\\/9bdcaa1e41295dbae5634e10328cba17\"},\"description\":\"Esbaiola't merci pour ces 15 ann\u00e9es! Nous cl\u00f4turons le festival apr\u00e8s 16 \u00e9ditions et nous le faisons avec une infinie gratitude.\",\"breadcrumb\":{\"@id\":\"https:\\\/\\\/www.labaldufateatre.com\\\/fr\\\/esbaiolat-merci-pour-ces-15-annees\\\/#breadcrumb\"},\"inLanguage\":\"fr-FR\",\"potentialAction\":[{\"@type\":\"ReadAction\",\"target\":[\"https:\\\/\\\/www.labaldufateatre.com\\\/fr\\\/esbaiolat-merci-pour-ces-15-annees\\\/\"]}]},{\"@type\":\"ImageObject\",\"inLanguage\":\"fr-FR\",\"@id\":\"https:\\\/\\\/www.labaldufateatre.com\\\/fr\\\/esbaiolat-merci-pour-ces-15-annees\\\/#primaryimage\",\"url\":\"https:\\\/\\\/www.labaldufateatre.com\\\/fr\\\/wp-content\\\/uploads\\\/sites\\\/4\\\/bb02fa95-e864-4f1e-8d7a-3cdb1e0db2b7-1-1.jpg\",\"contentUrl\":\"https:\\\/\\\/www.labaldufateatre.com\\\/fr\\\/wp-content\\\/uploads\\\/sites\\\/4\\\/bb02fa95-e864-4f1e-8d7a-3cdb1e0db2b7-1-1.jpg\",\"width\":1600,\"height\":1200,\"caption\":\"Photographie Esbaiola't merci pour ces 15 ann\u00e9es!\"},{\"@type\":\"BreadcrumbList\",\"@id\":\"https:\\\/\\\/www.labaldufateatre.com\\\/fr\\\/esbaiolat-merci-pour-ces-15-annees\\\/#breadcrumb\",\"itemListElement\":[{\"@type\":\"ListItem\",\"position\":1,\"name\":\"Portada\",\"item\":\"https:\\\/\\\/www.labaldufateatre.com\\\/fr\\\/\"},{\"@type\":\"ListItem\",\"position\":2,\"name\":\"Esbaiola't merci pour ces 15 ann\u00e9es!!\"}]},{\"@type\":\"WebSite\",\"@id\":\"https:\\\/\\\/www.labaldufateatre.com\\\/fr\\\/#website\",\"url\":\"https:\\\/\\\/www.labaldufateatre.com\\\/fr\\\/\",\"name\":\"La Baldufa Teatre\",\"description\":\"Companyia de Comediants\",\"potentialAction\":[{\"@type\":\"SearchAction\",\"target\":{\"@type\":\"EntryPoint\",\"urlTemplate\":\"https:\\\/\\\/www.labaldufateatre.com\\\/fr\\\/?s={search_term_string}\"},\"query-input\":{\"@type\":\"PropertyValueSpecification\",\"valueRequired\":true,\"valueName\":\"search_term_string\"}}],\"inLanguage\":\"fr-FR\"},{\"@type\":\"Person\",\"@id\":\"https:\\\/\\\/www.labaldufateatre.com\\\/fr\\\/#\\\/schema\\\/person\\\/9bdcaa1e41295dbae5634e10328cba17\",\"name\":\"La Baldufa Teatre\",\"image\":{\"@type\":\"ImageObject\",\"inLanguage\":\"fr-FR\",\"@id\":\"https:\\\/\\\/secure.gravatar.com\\\/avatar\\\/d7d19647aef47cb2f08d837ca03f487a96bab078ac264f4495abfb61b75098c2?s=96&d=mm&r=g\",\"url\":\"https:\\\/\\\/secure.gravatar.com\\\/avatar\\\/d7d19647aef47cb2f08d837ca03f487a96bab078ac264f4495abfb61b75098c2?s=96&d=mm&r=g\",\"contentUrl\":\"https:\\\/\\\/secure.gravatar.com\\\/avatar\\\/d7d19647aef47cb2f08d837ca03f487a96bab078ac264f4495abfb61b75098c2?s=96&d=mm&r=g\",\"caption\":\"La Baldufa Teatre\"}}]}<\/script>\n<!-- \/ Yoast SEO plugin. -->","yoast_head_json":{"title":"Esbaiola't merci pour ces 15 ann\u00e9es!! - La Baldufa Teatre","description":"Esbaiola't merci pour ces 15 ann\u00e9es! Nous cl\u00f4turons le festival apr\u00e8s 16 \u00e9ditions et nous le faisons avec une infinie gratitude.","robots":{"index":"index","follow":"follow","max-snippet":"max-snippet:-1","max-image-preview":"max-image-preview:large","max-video-preview":"max-video-preview:-1"},"canonical":"https:\/\/www.labaldufateatre.com\/fr\/esbaiolat-merci-pour-ces-15-annees\/","og_locale":"fr_FR","og_type":"article","og_title":"Esbaiola't merci pour ces 15 ann\u00e9es!! - La Baldufa Teatre","og_description":"Esbaiola't merci pour ces 15 ann\u00e9es! Nous cl\u00f4turons le festival apr\u00e8s 16 \u00e9ditions et nous le faisons avec une infinie gratitude.","og_url":"https:\/\/www.labaldufateatre.com\/fr\/esbaiolat-merci-pour-ces-15-annees\/","og_site_name":"La Baldufa Teatre","article_publisher":"http:\/\/www.facebook.com\/pages\/Companyia-de-Comediants-La-Baldufa\/94606450908","article_published_time":"2023-07-21T08:30:13+00:00","article_modified_time":"2025-03-14T09:10:57+00:00","og_image":[{"width":1600,"height":1200,"url":"https:\/\/www.labaldufateatre.com\/fr\/wp-content\/uploads\/sites\/4\/bb02fa95-e864-4f1e-8d7a-3cdb1e0db2b7-1-1.jpg","type":"image\/jpeg"}],"author":"La Baldufa Teatre","twitter_card":"summary_large_image","twitter_creator":"@BaldufaTeatre","twitter_site":"@BaldufaTeatre","twitter_misc":{"\u00c9crit par":"La Baldufa Teatre","Dur\u00e9e de lecture estim\u00e9e":"2 minutes"},"schema":{"@context":"https:\/\/schema.org","@graph":[{"@type":"Article","@id":"https:\/\/www.labaldufateatre.com\/fr\/esbaiolat-merci-pour-ces-15-annees\/#article","isPartOf":{"@id":"https:\/\/www.labaldufateatre.com\/fr\/esbaiolat-merci-pour-ces-15-annees\/"},"author":{"name":"La Baldufa Teatre","@id":"https:\/\/www.labaldufateatre.com\/fr\/#\/schema\/person\/9bdcaa1e41295dbae5634e10328cba17"},"headline":"Esbaiola't merci pour ces 15 ann\u00e9es!!","datePublished":"2023-07-21T08:30:13+00:00","dateModified":"2025-03-14T09:10:57+00:00","mainEntityOfPage":{"@id":"https:\/\/www.labaldufateatre.com\/fr\/esbaiolat-merci-pour-ces-15-annees\/"},"wordCount":375,"image":{"@id":"https:\/\/www.labaldufateatre.com\/fr\/esbaiolat-merci-pour-ces-15-annees\/#primaryimage"},"thumbnailUrl":"https:\/\/www.labaldufateatre.com\/fr\/wp-content\/uploads\/sites\/4\/bb02fa95-e864-4f1e-8d7a-3cdb1e0db2b7-1-1.jpg","articleSection":["News"],"inLanguage":"fr-FR"},{"@type":"WebPage","@id":"https:\/\/www.labaldufateatre.com\/fr\/esbaiolat-merci-pour-ces-15-annees\/","url":"https:\/\/www.labaldufateatre.com\/fr\/esbaiolat-merci-pour-ces-15-annees\/","name":"Esbaiola't merci pour ces 15 ann\u00e9es!! - La Baldufa Teatre","isPartOf":{"@id":"https:\/\/www.labaldufateatre.com\/fr\/#website"},"primaryImageOfPage":{"@id":"https:\/\/www.labaldufateatre.com\/fr\/esbaiolat-merci-pour-ces-15-annees\/#primaryimage"},"image":{"@id":"https:\/\/www.labaldufateatre.com\/fr\/esbaiolat-merci-pour-ces-15-annees\/#primaryimage"},"thumbnailUrl":"https:\/\/www.labaldufateatre.com\/fr\/wp-content\/uploads\/sites\/4\/bb02fa95-e864-4f1e-8d7a-3cdb1e0db2b7-1-1.jpg","datePublished":"2023-07-21T08:30:13+00:00","dateModified":"2025-03-14T09:10:57+00:00","author":{"@id":"https:\/\/www.labaldufateatre.com\/fr\/#\/schema\/person\/9bdcaa1e41295dbae5634e10328cba17"},"description":"Esbaiola't merci pour ces 15 ann\u00e9es! Nous cl\u00f4turons le festival apr\u00e8s 16 \u00e9ditions et nous le faisons avec une infinie gratitude.","breadcrumb":{"@id":"https:\/\/www.labaldufateatre.com\/fr\/esbaiolat-merci-pour-ces-15-annees\/#breadcrumb"},"inLanguage":"fr-FR","potentialAction":[{"@type":"ReadAction","target":["https:\/\/www.labaldufateatre.com\/fr\/esbaiolat-merci-pour-ces-15-annees\/"]}]},{"@type":"ImageObject","inLanguage":"fr-FR","@id":"https:\/\/www.labaldufateatre.com\/fr\/esbaiolat-merci-pour-ces-15-annees\/#primaryimage","url":"https:\/\/www.labaldufateatre.com\/fr\/wp-content\/uploads\/sites\/4\/bb02fa95-e864-4f1e-8d7a-3cdb1e0db2b7-1-1.jpg","contentUrl":"https:\/\/www.labaldufateatre.com\/fr\/wp-content\/uploads\/sites\/4\/bb02fa95-e864-4f1e-8d7a-3cdb1e0db2b7-1-1.jpg","width":1600,"height":1200,"caption":"Photographie Esbaiola't merci pour ces 15 ann\u00e9es!"},{"@type":"BreadcrumbList","@id":"https:\/\/www.labaldufateatre.com\/fr\/esbaiolat-merci-pour-ces-15-annees\/#breadcrumb","itemListElement":[{"@type":"ListItem","position":1,"name":"Portada","item":"https:\/\/www.labaldufateatre.com\/fr\/"},{"@type":"ListItem","position":2,"name":"Esbaiola't merci pour ces 15 ann\u00e9es!!"}]},{"@type":"WebSite","@id":"https:\/\/www.labaldufateatre.com\/fr\/#website","url":"https:\/\/www.labaldufateatre.com\/fr\/","name":"La Baldufa Teatre","description":"Companyia de Comediants","potentialAction":[{"@type":"SearchAction","target":{"@type":"EntryPoint","urlTemplate":"https:\/\/www.labaldufateatre.com\/fr\/?s={search_term_string}"},"query-input":{"@type":"PropertyValueSpecification","valueRequired":true,"valueName":"search_term_string"}}],"inLanguage":"fr-FR"},{"@type":"Person","@id":"https:\/\/www.labaldufateatre.com\/fr\/#\/schema\/person\/9bdcaa1e41295dbae5634e10328cba17","name":"La Baldufa Teatre","image":{"@type":"ImageObject","inLanguage":"fr-FR","@id":"https:\/\/secure.gravatar.com\/avatar\/d7d19647aef47cb2f08d837ca03f487a96bab078ac264f4495abfb61b75098c2?s=96&d=mm&r=g","url":"https:\/\/secure.gravatar.com\/avatar\/d7d19647aef47cb2f08d837ca03f487a96bab078ac264f4495abfb61b75098c2?s=96&d=mm&r=g","contentUrl":"https:\/\/secure.gravatar.com\/avatar\/d7d19647aef47cb2f08d837ca03f487a96bab078ac264f4495abfb61b75098c2?s=96&d=mm&r=g","caption":"La Baldufa Teatre"}}]}},"_links":{"self":[{"href":"https:\/\/www.labaldufateatre.com\/fr\/wp-json\/wp\/v2\/posts\/1405","targetHints":{"allow":["GET"]}}],"collection":[{"href":"https:\/\/www.labaldufateatre.com\/fr\/wp-json\/wp\/v2\/posts"}],"about":[{"href":"https:\/\/www.labaldufateatre.com\/fr\/wp-json\/wp\/v2\/types\/post"}],"author":[{"embeddable":true,"href":"https:\/\/www.labaldufateatre.com\/fr\/wp-json\/wp\/v2\/users\/2"}],"replies":[{"embeddable":true,"href":"https:\/\/www.labaldufateatre.com\/fr\/wp-json\/wp\/v2\/comments?post=1405"}],"version-history":[{"count":4,"href":"https:\/\/www.labaldufateatre.com\/fr\/wp-json\/wp\/v2\/posts\/1405\/revisions"}],"predecessor-version":[{"id":1588,"href":"https:\/\/www.labaldufateatre.com\/fr\/wp-json\/wp\/v2\/posts\/1405\/revisions\/1588"}],"wp:featuredmedia":[{"embeddable":true,"href":"https:\/\/www.labaldufateatre.com\/fr\/wp-json\/wp\/v2\/media\/1406"}],"wp:attachment":[{"href":"https:\/\/www.labaldufateatre.com\/fr\/wp-json\/wp\/v2\/media?parent=1405"}],"wp:term":[{"taxonomy":"category","embeddable":true,"href":"https:\/\/www.labaldufateatre.com\/fr\/wp-json\/wp\/v2\/categories?post=1405"},{"taxonomy":"post_tag","embeddable":true,"href":"https:\/\/www.labaldufateatre.com\/fr\/wp-json\/wp\/v2\/tags?post=1405"}],"curies":[{"name":"wp","href":"https:\/\/api.w.org\/{rel}","templated":true}]}}