{"id":1595,"date":"2025-03-20T10:27:50","date_gmt":"2025-03-20T09:27:50","guid":{"rendered":"https:\/\/www.labaldufateatre.com\/fr\/?p=1595"},"modified":"2025-03-20T10:27:50","modified_gmt":"2025-03-20T09:27:50","slug":"festival-enre9-2025-affiche-edition","status":"publish","type":"post","link":"https:\/\/www.labaldufateatre.com\/fr\/festival-enre9-2025-affiche-edition\/","title":{"rendered":"Enre9 2025 est l\u00e0 : Pr\u00e9sentation de l'affiche de la 4e \u00e9dition"},"content":{"rendered":"<p>Il y a quelques jours, nous avons pr\u00e9sent\u00e9 l'affiche de la quatri\u00e8me \u00e9dition du Festival Enre9 2025 et maintenant, tout est presque pr\u00eat ! Du 14 au 18 mai, la Zone 9 de Lleida sera \u00e0 nouveau remplie de culture, de rencontres et d'exp\u00e9riences partag\u00e9es.<\/p>\n<h6><strong data-start=\"4837\" data-end=\"4883\"><img loading=\"lazy\" decoding=\"async\" class=\"size-medium wp-image-1598 alignleft\" src=\"https:\/\/www.labaldufateatre.com\/fr\/wp-content\/uploads\/sites\/4\/cartell-e9-2025-definitiu-210x300.png\" alt=\"festival enre9 2025 affiche edition\" width=\"210\" height=\"300\" srcset=\"https:\/\/www.labaldufateatre.com\/fr\/wp-content\/uploads\/sites\/4\/cartell-e9-2025-definitiu-210x300.png 210w, https:\/\/www.labaldufateatre.com\/fr\/wp-content\/uploads\/sites\/4\/cartell-e9-2025-definitiu-717x1024.png 717w, https:\/\/www.labaldufateatre.com\/fr\/wp-content\/uploads\/sites\/4\/cartell-e9-2025-definitiu-768x1097.png 768w, https:\/\/www.labaldufateatre.com\/fr\/wp-content\/uploads\/sites\/4\/cartell-e9-2025-definitiu-1075x1536.png 1075w, https:\/\/www.labaldufateatre.com\/fr\/wp-content\/uploads\/sites\/4\/cartell-e9-2025-definitiu-1433x2048.png 1433w, https:\/\/www.labaldufateatre.com\/fr\/wp-content\/uploads\/sites\/4\/cartell-e9-2025-definitiu.png 1302w\" sizes=\"auto, (max-width: 210px) 100vw, 210px\" \/> Plus de 50 activit\u00e9s culturelles gratuites<\/strong> :<\/h6>\n<p><br data-start=\"4885\" data-end=\"4888\" \/>Cette ann\u00e9e, l\u2019Enre9 2025 proposera plus de cinquante activit\u00e9s gratuites dans les rues et les places du quartier. Comme toujours, le programme comprendra des spectacles professionnels de haut niveau (th\u00e9\u00e2tre, musique, danse, cirque, marionnettes\u2026), ainsi que des cr\u00e9ations communautaires, des spectacles interculturels et de la culture populaire et traditionnelle. Comme toujours, la communaut\u00e9 joue un r\u00f4le cl\u00e9 : bon nombre des propositions que nous verrons au festival naissent de processus collectifs d\u00e9velopp\u00e9s tout au long de l'ann\u00e9e, avec la participation des \u00e9coles, des associations, des collectifs et des habitants.<\/p>\n<h6><strong data-start=\"5516\" data-end=\"5549\">Un projet au-del\u00e0 du festival<\/strong> :<\/h6>\n<p>Nous voulons que l\u2019Enre9 2025 soit bien plus que quatre jours de spectacles. C\u2019est pourquoi nous voulons que tout au long de l'ann\u00e9e, des ateliers, des cr\u00e9ations collectives et des activit\u00e9s continuent \u00e0 favoriser la participation et l\u2019autonomisation culturelle de la zone. En 2025, nous avons d\u00e9j\u00e0 fait un pas en avant dans cette direction en \u00e9largissant le programme avec des activit\u00e9s \u00e0 l\u2019automne. Un chemin que nous souhaitons poursuivre pour faire de l'Enre9 un projet vivant tout au long de l'ann\u00e9e.<\/p>\n<h6><strong data-start=\"6062\" data-end=\"6096\">Organisation et collaborations<\/strong> :<\/h6>\n<p>Le Festival Enre9 2025 est une initiative lanc\u00e9e par la Mairie de Lleida, l'Association La Nou, La Descomunal et le R\u00e9seau Enre9 \u2013 Commission Culturelle du Conseil de Quartier 09, avec la coordination de La Baldufa. De plus, il b\u00e9n\u00e9ficie du soutien de diverses institutions et de la participation active de la communaut\u00e9.<\/p>\n<p><br data-start=\"6422\" data-end=\"6425\" \/>Nous vous invitons \u00e0 nous suivre sur les r\u00e9seaux sociaux et sur notre site web pour conna\u00eetre tous les d\u00e9tails du programme ! \u00c0 bient\u00f4t du 14 au 18 mai \u00e0 la Zone 9 !<\/p>\n<p><br data-start=\"6590\" data-end=\"6593\" \/><a href=\"http:\/\/www.festivalenre9.com\" target=\"_new\" rel=\"noopener\" data-start=\"6593\" data-end=\"6614\">www.festivalenre9.com<\/a><\/p>\n","protected":false},"excerpt":{"rendered":"<p>Il y a quelques jours, nous avons pr\u00e9sent\u00e9 l'affiche de la quatri\u00e8me \u00e9dition du Festival Enre9 2025 et maintenant, tout...<\/p>\n","protected":false},"author":2,"featured_media":1599,"comment_status":"closed","ping_status":"closed","sticky":false,"template":"","format":"standard","meta":{"_acf_changed":false,"inline_featured_image":false,"footnotes":""},"categories":[1],"tags":[],"class_list":["post-1595","post","type-post","status-publish","format-standard","has-post-thumbnail","hentry","category-news"],"acf":[],"yoast_head":"<!-- This site is optimized with the Yoast SEO plugin v27.5 - https:\/\/yoast.com\/product\/yoast-seo-wordpress\/ -->\n<title>Enre9 2025 est l\u00e0 : Pr\u00e9sentation de l&#039;affiche de la 4e \u00e9dition - La Baldufa Teatre<\/title>\n<meta name=\"description\" content=\"Le Festival Enre9 2025 revient du 14 au 18 mai \u00e0 la Zone 9 de Lleida avec plus de 50 activit\u00e9s culturelles gratuites.\" \/>\n<meta name=\"robots\" content=\"index, follow, max-snippet:-1, max-image-preview:large, max-video-preview:-1\" \/>\n<link rel=\"canonical\" href=\"https:\/\/www.labaldufateatre.com\/fr\/festival-enre9-2025-affiche-edition\/\" \/>\n<meta property=\"og:locale\" content=\"fr_FR\" \/>\n<meta property=\"og:type\" content=\"article\" \/>\n<meta property=\"og:title\" content=\"Enre9 2025 est l\u00e0 : Pr\u00e9sentation de l&#039;affiche de la 4e \u00e9dition - La Baldufa Teatre\" \/>\n<meta property=\"og:description\" content=\"Le Festival Enre9 2025 revient du 14 au 18 mai \u00e0 la Zone 9 de Lleida avec plus de 50 activit\u00e9s culturelles gratuites.\" \/>\n<meta property=\"og:url\" content=\"https:\/\/www.labaldufateatre.com\/fr\/festival-enre9-2025-affiche-edition\/\" \/>\n<meta property=\"og:site_name\" content=\"La Baldufa Teatre\" \/>\n<meta property=\"article:publisher\" content=\"http:\/\/www.facebook.com\/pages\/Companyia-de-Comediants-La-Baldufa\/94606450908\" \/>\n<meta property=\"article:published_time\" content=\"2025-03-20T09:27:50+00:00\" \/>\n<meta property=\"og:image\" content=\"https:\/\/www.labaldufateatre.com\/fr\/wp-content\/uploads\/sites\/4\/imagen-de-whatsapp-2025-03-20-a-las-095349-99448a63.jpg\" \/>\n\t<meta property=\"og:image:width\" content=\"1600\" \/>\n\t<meta property=\"og:image:height\" content=\"1200\" \/>\n\t<meta property=\"og:image:type\" content=\"image\/jpeg\" \/>\n<meta name=\"author\" content=\"La Baldufa Teatre\" \/>\n<meta name=\"twitter:card\" content=\"summary_large_image\" \/>\n<meta name=\"twitter:creator\" content=\"@BaldufaTeatre\" \/>\n<meta name=\"twitter:site\" content=\"@BaldufaTeatre\" \/>\n<meta name=\"twitter:label1\" content=\"\u00c9crit par\" \/>\n\t<meta name=\"twitter:data1\" content=\"La Baldufa Teatre\" \/>\n\t<meta name=\"twitter:label2\" content=\"Dur\u00e9e de lecture estim\u00e9e\" \/>\n\t<meta name=\"twitter:data2\" content=\"3 minutes\" \/>\n<script type=\"application\/ld+json\" class=\"yoast-schema-graph\">{\"@context\":\"https:\\\/\\\/schema.org\",\"@graph\":[{\"@type\":\"Article\",\"@id\":\"https:\\\/\\\/www.labaldufateatre.com\\\/fr\\\/festival-enre9-2025-affiche-edition\\\/#article\",\"isPartOf\":{\"@id\":\"https:\\\/\\\/www.labaldufateatre.com\\\/fr\\\/festival-enre9-2025-affiche-edition\\\/\"},\"author\":{\"name\":\"La Baldufa Teatre\",\"@id\":\"https:\\\/\\\/www.labaldufateatre.com\\\/fr\\\/#\\\/schema\\\/person\\\/9bdcaa1e41295dbae5634e10328cba17\"},\"headline\":\"Enre9 2025 est l\u00e0 : Pr\u00e9sentation de l'affiche de la 4e \u00e9dition\",\"datePublished\":\"2025-03-20T09:27:50+00:00\",\"mainEntityOfPage\":{\"@id\":\"https:\\\/\\\/www.labaldufateatre.com\\\/fr\\\/festival-enre9-2025-affiche-edition\\\/\"},\"wordCount\":349,\"image\":{\"@id\":\"https:\\\/\\\/www.labaldufateatre.com\\\/fr\\\/festival-enre9-2025-affiche-edition\\\/#primaryimage\"},\"thumbnailUrl\":\"https:\\\/\\\/www.labaldufateatre.com\\\/fr\\\/wp-content\\\/uploads\\\/sites\\\/4\\\/imagen-de-whatsapp-2025-03-20-a-las-095349-99448a63.jpg\",\"articleSection\":[\"News\"],\"inLanguage\":\"fr-FR\"},{\"@type\":\"WebPage\",\"@id\":\"https:\\\/\\\/www.labaldufateatre.com\\\/fr\\\/festival-enre9-2025-affiche-edition\\\/\",\"url\":\"https:\\\/\\\/www.labaldufateatre.com\\\/fr\\\/festival-enre9-2025-affiche-edition\\\/\",\"name\":\"Enre9 2025 est l\u00e0 : Pr\u00e9sentation de l'affiche de la 4e \u00e9dition - La Baldufa Teatre\",\"isPartOf\":{\"@id\":\"https:\\\/\\\/www.labaldufateatre.com\\\/fr\\\/#website\"},\"primaryImageOfPage\":{\"@id\":\"https:\\\/\\\/www.labaldufateatre.com\\\/fr\\\/festival-enre9-2025-affiche-edition\\\/#primaryimage\"},\"image\":{\"@id\":\"https:\\\/\\\/www.labaldufateatre.com\\\/fr\\\/festival-enre9-2025-affiche-edition\\\/#primaryimage\"},\"thumbnailUrl\":\"https:\\\/\\\/www.labaldufateatre.com\\\/fr\\\/wp-content\\\/uploads\\\/sites\\\/4\\\/imagen-de-whatsapp-2025-03-20-a-las-095349-99448a63.jpg\",\"datePublished\":\"2025-03-20T09:27:50+00:00\",\"author\":{\"@id\":\"https:\\\/\\\/www.labaldufateatre.com\\\/fr\\\/#\\\/schema\\\/person\\\/9bdcaa1e41295dbae5634e10328cba17\"},\"description\":\"Le Festival Enre9 2025 revient du 14 au 18 mai \u00e0 la Zone 9 de Lleida avec plus de 50 activit\u00e9s culturelles gratuites.\",\"breadcrumb\":{\"@id\":\"https:\\\/\\\/www.labaldufateatre.com\\\/fr\\\/festival-enre9-2025-affiche-edition\\\/#breadcrumb\"},\"inLanguage\":\"fr-FR\",\"potentialAction\":[{\"@type\":\"ReadAction\",\"target\":[\"https:\\\/\\\/www.labaldufateatre.com\\\/fr\\\/festival-enre9-2025-affiche-edition\\\/\"]}]},{\"@type\":\"ImageObject\",\"inLanguage\":\"fr-FR\",\"@id\":\"https:\\\/\\\/www.labaldufateatre.com\\\/fr\\\/festival-enre9-2025-affiche-edition\\\/#primaryimage\",\"url\":\"https:\\\/\\\/www.labaldufateatre.com\\\/fr\\\/wp-content\\\/uploads\\\/sites\\\/4\\\/imagen-de-whatsapp-2025-03-20-a-las-095349-99448a63.jpg\",\"contentUrl\":\"https:\\\/\\\/www.labaldufateatre.com\\\/fr\\\/wp-content\\\/uploads\\\/sites\\\/4\\\/imagen-de-whatsapp-2025-03-20-a-las-095349-99448a63.jpg\",\"width\":1600,\"height\":1200},{\"@type\":\"BreadcrumbList\",\"@id\":\"https:\\\/\\\/www.labaldufateatre.com\\\/fr\\\/festival-enre9-2025-affiche-edition\\\/#breadcrumb\",\"itemListElement\":[{\"@type\":\"ListItem\",\"position\":1,\"name\":\"Portada\",\"item\":\"https:\\\/\\\/www.labaldufateatre.com\\\/fr\\\/\"},{\"@type\":\"ListItem\",\"position\":2,\"name\":\"Enre9 2025 est l\u00e0 : Pr\u00e9sentation de l'affiche de la 4e \u00e9dition\"}]},{\"@type\":\"WebSite\",\"@id\":\"https:\\\/\\\/www.labaldufateatre.com\\\/fr\\\/#website\",\"url\":\"https:\\\/\\\/www.labaldufateatre.com\\\/fr\\\/\",\"name\":\"La Baldufa Teatre\",\"description\":\"Companyia de Comediants\",\"potentialAction\":[{\"@type\":\"SearchAction\",\"target\":{\"@type\":\"EntryPoint\",\"urlTemplate\":\"https:\\\/\\\/www.labaldufateatre.com\\\/fr\\\/?s={search_term_string}\"},\"query-input\":{\"@type\":\"PropertyValueSpecification\",\"valueRequired\":true,\"valueName\":\"search_term_string\"}}],\"inLanguage\":\"fr-FR\"},{\"@type\":\"Person\",\"@id\":\"https:\\\/\\\/www.labaldufateatre.com\\\/fr\\\/#\\\/schema\\\/person\\\/9bdcaa1e41295dbae5634e10328cba17\",\"name\":\"La Baldufa Teatre\",\"image\":{\"@type\":\"ImageObject\",\"inLanguage\":\"fr-FR\",\"@id\":\"https:\\\/\\\/secure.gravatar.com\\\/avatar\\\/d7d19647aef47cb2f08d837ca03f487a96bab078ac264f4495abfb61b75098c2?s=96&d=mm&r=g\",\"url\":\"https:\\\/\\\/secure.gravatar.com\\\/avatar\\\/d7d19647aef47cb2f08d837ca03f487a96bab078ac264f4495abfb61b75098c2?s=96&d=mm&r=g\",\"contentUrl\":\"https:\\\/\\\/secure.gravatar.com\\\/avatar\\\/d7d19647aef47cb2f08d837ca03f487a96bab078ac264f4495abfb61b75098c2?s=96&d=mm&r=g\",\"caption\":\"La Baldufa Teatre\"}}]}<\/script>\n<!-- \/ Yoast SEO plugin. -->","yoast_head_json":{"title":"Enre9 2025 est l\u00e0 : Pr\u00e9sentation de l'affiche de la 4e \u00e9dition - La Baldufa Teatre","description":"Le Festival Enre9 2025 revient du 14 au 18 mai \u00e0 la Zone 9 de Lleida avec plus de 50 activit\u00e9s culturelles gratuites.","robots":{"index":"index","follow":"follow","max-snippet":"max-snippet:-1","max-image-preview":"max-image-preview:large","max-video-preview":"max-video-preview:-1"},"canonical":"https:\/\/www.labaldufateatre.com\/fr\/festival-enre9-2025-affiche-edition\/","og_locale":"fr_FR","og_type":"article","og_title":"Enre9 2025 est l\u00e0 : Pr\u00e9sentation de l'affiche de la 4e \u00e9dition - La Baldufa Teatre","og_description":"Le Festival Enre9 2025 revient du 14 au 18 mai \u00e0 la Zone 9 de Lleida avec plus de 50 activit\u00e9s culturelles gratuites.","og_url":"https:\/\/www.labaldufateatre.com\/fr\/festival-enre9-2025-affiche-edition\/","og_site_name":"La Baldufa Teatre","article_publisher":"http:\/\/www.facebook.com\/pages\/Companyia-de-Comediants-La-Baldufa\/94606450908","article_published_time":"2025-03-20T09:27:50+00:00","og_image":[{"width":1600,"height":1200,"url":"https:\/\/www.labaldufateatre.com\/fr\/wp-content\/uploads\/sites\/4\/imagen-de-whatsapp-2025-03-20-a-las-095349-99448a63.jpg","type":"image\/jpeg"}],"author":"La Baldufa Teatre","twitter_card":"summary_large_image","twitter_creator":"@BaldufaTeatre","twitter_site":"@BaldufaTeatre","twitter_misc":{"\u00c9crit par":"La Baldufa Teatre","Dur\u00e9e de lecture estim\u00e9e":"3 minutes"},"schema":{"@context":"https:\/\/schema.org","@graph":[{"@type":"Article","@id":"https:\/\/www.labaldufateatre.com\/fr\/festival-enre9-2025-affiche-edition\/#article","isPartOf":{"@id":"https:\/\/www.labaldufateatre.com\/fr\/festival-enre9-2025-affiche-edition\/"},"author":{"name":"La Baldufa Teatre","@id":"https:\/\/www.labaldufateatre.com\/fr\/#\/schema\/person\/9bdcaa1e41295dbae5634e10328cba17"},"headline":"Enre9 2025 est l\u00e0 : Pr\u00e9sentation de l'affiche de la 4e \u00e9dition","datePublished":"2025-03-20T09:27:50+00:00","mainEntityOfPage":{"@id":"https:\/\/www.labaldufateatre.com\/fr\/festival-enre9-2025-affiche-edition\/"},"wordCount":349,"image":{"@id":"https:\/\/www.labaldufateatre.com\/fr\/festival-enre9-2025-affiche-edition\/#primaryimage"},"thumbnailUrl":"https:\/\/www.labaldufateatre.com\/fr\/wp-content\/uploads\/sites\/4\/imagen-de-whatsapp-2025-03-20-a-las-095349-99448a63.jpg","articleSection":["News"],"inLanguage":"fr-FR"},{"@type":"WebPage","@id":"https:\/\/www.labaldufateatre.com\/fr\/festival-enre9-2025-affiche-edition\/","url":"https:\/\/www.labaldufateatre.com\/fr\/festival-enre9-2025-affiche-edition\/","name":"Enre9 2025 est l\u00e0 : Pr\u00e9sentation de l'affiche de la 4e \u00e9dition - La Baldufa Teatre","isPartOf":{"@id":"https:\/\/www.labaldufateatre.com\/fr\/#website"},"primaryImageOfPage":{"@id":"https:\/\/www.labaldufateatre.com\/fr\/festival-enre9-2025-affiche-edition\/#primaryimage"},"image":{"@id":"https:\/\/www.labaldufateatre.com\/fr\/festival-enre9-2025-affiche-edition\/#primaryimage"},"thumbnailUrl":"https:\/\/www.labaldufateatre.com\/fr\/wp-content\/uploads\/sites\/4\/imagen-de-whatsapp-2025-03-20-a-las-095349-99448a63.jpg","datePublished":"2025-03-20T09:27:50+00:00","author":{"@id":"https:\/\/www.labaldufateatre.com\/fr\/#\/schema\/person\/9bdcaa1e41295dbae5634e10328cba17"},"description":"Le Festival Enre9 2025 revient du 14 au 18 mai \u00e0 la Zone 9 de Lleida avec plus de 50 activit\u00e9s culturelles gratuites.","breadcrumb":{"@id":"https:\/\/www.labaldufateatre.com\/fr\/festival-enre9-2025-affiche-edition\/#breadcrumb"},"inLanguage":"fr-FR","potentialAction":[{"@type":"ReadAction","target":["https:\/\/www.labaldufateatre.com\/fr\/festival-enre9-2025-affiche-edition\/"]}]},{"@type":"ImageObject","inLanguage":"fr-FR","@id":"https:\/\/www.labaldufateatre.com\/fr\/festival-enre9-2025-affiche-edition\/#primaryimage","url":"https:\/\/www.labaldufateatre.com\/fr\/wp-content\/uploads\/sites\/4\/imagen-de-whatsapp-2025-03-20-a-las-095349-99448a63.jpg","contentUrl":"https:\/\/www.labaldufateatre.com\/fr\/wp-content\/uploads\/sites\/4\/imagen-de-whatsapp-2025-03-20-a-las-095349-99448a63.jpg","width":1600,"height":1200},{"@type":"BreadcrumbList","@id":"https:\/\/www.labaldufateatre.com\/fr\/festival-enre9-2025-affiche-edition\/#breadcrumb","itemListElement":[{"@type":"ListItem","position":1,"name":"Portada","item":"https:\/\/www.labaldufateatre.com\/fr\/"},{"@type":"ListItem","position":2,"name":"Enre9 2025 est l\u00e0 : Pr\u00e9sentation de l'affiche de la 4e \u00e9dition"}]},{"@type":"WebSite","@id":"https:\/\/www.labaldufateatre.com\/fr\/#website","url":"https:\/\/www.labaldufateatre.com\/fr\/","name":"La Baldufa Teatre","description":"Companyia de Comediants","potentialAction":[{"@type":"SearchAction","target":{"@type":"EntryPoint","urlTemplate":"https:\/\/www.labaldufateatre.com\/fr\/?s={search_term_string}"},"query-input":{"@type":"PropertyValueSpecification","valueRequired":true,"valueName":"search_term_string"}}],"inLanguage":"fr-FR"},{"@type":"Person","@id":"https:\/\/www.labaldufateatre.com\/fr\/#\/schema\/person\/9bdcaa1e41295dbae5634e10328cba17","name":"La Baldufa Teatre","image":{"@type":"ImageObject","inLanguage":"fr-FR","@id":"https:\/\/secure.gravatar.com\/avatar\/d7d19647aef47cb2f08d837ca03f487a96bab078ac264f4495abfb61b75098c2?s=96&d=mm&r=g","url":"https:\/\/secure.gravatar.com\/avatar\/d7d19647aef47cb2f08d837ca03f487a96bab078ac264f4495abfb61b75098c2?s=96&d=mm&r=g","contentUrl":"https:\/\/secure.gravatar.com\/avatar\/d7d19647aef47cb2f08d837ca03f487a96bab078ac264f4495abfb61b75098c2?s=96&d=mm&r=g","caption":"La Baldufa Teatre"}}]}},"_links":{"self":[{"href":"https:\/\/www.labaldufateatre.com\/fr\/wp-json\/wp\/v2\/posts\/1595","targetHints":{"allow":["GET"]}}],"collection":[{"href":"https:\/\/www.labaldufateatre.com\/fr\/wp-json\/wp\/v2\/posts"}],"about":[{"href":"https:\/\/www.labaldufateatre.com\/fr\/wp-json\/wp\/v2\/types\/post"}],"author":[{"embeddable":true,"href":"https:\/\/www.labaldufateatre.com\/fr\/wp-json\/wp\/v2\/users\/2"}],"replies":[{"embeddable":true,"href":"https:\/\/www.labaldufateatre.com\/fr\/wp-json\/wp\/v2\/comments?post=1595"}],"version-history":[{"count":2,"href":"https:\/\/www.labaldufateatre.com\/fr\/wp-json\/wp\/v2\/posts\/1595\/revisions"}],"predecessor-version":[{"id":1600,"href":"https:\/\/www.labaldufateatre.com\/fr\/wp-json\/wp\/v2\/posts\/1595\/revisions\/1600"}],"wp:featuredmedia":[{"embeddable":true,"href":"https:\/\/www.labaldufateatre.com\/fr\/wp-json\/wp\/v2\/media\/1599"}],"wp:attachment":[{"href":"https:\/\/www.labaldufateatre.com\/fr\/wp-json\/wp\/v2\/media?parent=1595"}],"wp:term":[{"taxonomy":"category","embeddable":true,"href":"https:\/\/www.labaldufateatre.com\/fr\/wp-json\/wp\/v2\/categories?post=1595"},{"taxonomy":"post_tag","embeddable":true,"href":"https:\/\/www.labaldufateatre.com\/fr\/wp-json\/wp\/v2\/tags?post=1595"}],"curies":[{"name":"wp","href":"https:\/\/api.w.org\/{rel}","templated":true}]}}