{"id":1601,"date":"2025-06-04T12:23:09","date_gmt":"2025-06-04T10:23:09","guid":{"rendered":"https:\/\/www.labaldufateatre.com\/fr\/?p=1601"},"modified":"2025-06-04T12:23:09","modified_gmt":"2025-06-04T10:23:09","slug":"apres-enre9-on-fait-une-pause-et-on-continue","status":"publish","type":"post","link":"https:\/\/www.labaldufateatre.com\/fr\/apres-enre9-on-fait-une-pause-et-on-continue\/","title":{"rendered":"Apr\u00e8s l\u2019Enre9 2025...on fait une pause, on fait le point et on continue \u00e0 cr\u00e9er!"},"content":{"rendered":"<p><strong>Apr\u00e8s Enre9, on fait une pause et on continue.<\/strong><\/p>\n<p data-start=\"182\" data-end=\"399\">Cette semaine, on commence enfin \u00e0 voir des visages plus repos\u00e9s au bureau !<br data-start=\"258\" data-end=\"261\" \/>Apr\u00e8s le tourbillon physique et \u00e9motionnel qu\u2019a \u00e9t\u00e9 l\u2019Enre9 2025, on prend une pause pour respirer et dig\u00e9rer tout ce que nous avons v\u00e9cu.<\/p>\n<p data-start=\"401\" data-end=\"757\">C\u2019\u00e9tait la 4e \u00e9dition du Festival Enre9, qui s\u2019est tenue du 14 au 18 mai dans les rues et les places de la Zone 9 de Lleida.<br data-start=\"525\" data-end=\"528\" \/>Une fois de plus, le quartier s\u2019est rempli de vie gr\u00e2ce \u00e0 un m\u00e9lange de spectacles professionnels, populaires, interculturels et communautaires, avec pour objectif d\u2019impliquer toute la communaut\u00e9 et de briser les stigmatisations.<\/p>\n<p data-start=\"759\" data-end=\"936\">Organiser ce festival est une exp\u00e9rience magnifique, mais aussi tr\u00e8s intense.<br data-start=\"836\" data-end=\"839\" \/>Souvent, on se demande avec une certaine inqui\u00e9tude si on fait vraiment les choses comme il faut.<\/p>\n<p data-start=\"938\" data-end=\"1432\">Chaque \u00e9dition nous laisse toutes sortes de moments : de la joie, des maux de t\u00eate, et de nombreuses histoires et anecdotes \u00e0 retenir.<br data-start=\"1072\" data-end=\"1075\" \/>Comme ce voisin, pas tr\u00e8s enchant\u00e9, qui nous demandait de ne plus installer de jeux sous sa fen\u00eatre parce qu\u2019il ne pouvait pas faire sa sieste.<br data-start=\"1218\" data-end=\"1221\" \/>Et quelques minutes plus tard, quatre femmes du quartier, accompagn\u00e9es de leurs filles, nous demandaient de revenir l\u2019an prochain, car les petites se r\u00e9veillaient chaque matin avec l\u2019excitation de vivre l\u2019Enre9.<\/p>\n<p data-start=\"1434\" data-end=\"1469\">Un v\u00e9ritable tourbillon d\u2019\u00e9motions.<\/p>\n<p data-start=\"1434\" data-end=\"1469\"><img loading=\"lazy\" decoding=\"async\" class=\"alignnone size-medium wp-image-1604\" src=\"https:\/\/www.labaldufateatre.com\/fr\/wp-content\/uploads\/sites\/4\/mg-0935-300x199.jpg\" alt=\"\" width=\"300\" height=\"199\" srcset=\"https:\/\/www.labaldufateatre.com\/fr\/wp-content\/uploads\/sites\/4\/mg-0935-300x199.jpg 300w, https:\/\/www.labaldufateatre.com\/fr\/wp-content\/uploads\/sites\/4\/mg-0935-1024x680.jpg 1024w, https:\/\/www.labaldufateatre.com\/fr\/wp-content\/uploads\/sites\/4\/mg-0935-768x510.jpg 768w, https:\/\/www.labaldufateatre.com\/fr\/wp-content\/uploads\/sites\/4\/mg-0935-1536x1021.jpg 1536w, https:\/\/www.labaldufateatre.com\/fr\/wp-content\/uploads\/sites\/4\/mg-0935-2048x1361.jpg 2048w, https:\/\/www.labaldufateatre.com\/fr\/wp-content\/uploads\/sites\/4\/mg-0935-scaled.jpg 1860w\" sizes=\"auto, (max-width: 300px) 100vw, 300px\" \/><\/p>\n<p data-start=\"1471\" data-end=\"1588\"><strong>Apr\u00e8s Enre9, on fait une pause et on continue<\/strong>, le c\u0153ur plein de gratitude et les yeux tourn\u00e9s vers de nouveaux d\u00e9fis.<\/p>\n<p data-start=\"1590\" data-end=\"1803\">Il est maintenant temps de s\u2019arr\u00eater, de laisser retomber les choses, de remercier\u2026<br data-start=\"1673\" data-end=\"1676\" \/>et de se replonger dans l\u2019autre facette de notre passion: <strong>cr\u00e9er des spectacles qui nous \u00e9meuvent \u2014 et qui \u00e9meuvent les autres.<\/strong><\/p>\n<p data-start=\"1805\" data-end=\"1904\">C\u2019est le cas de notre nouveau projet, <strong data-start=\"1670\" data-end=\"1695\">\u201c<\/strong><strong data-start=\"1843\" data-end=\"1870\">Fantasmes de guerra\u201d<\/strong>, qui file droit vers sa premi\u00e8re.<\/p>\n<p data-start=\"1906\" data-end=\"1944\"><strong>Alors on peut le dire officiellement:<\/strong><\/p>\n<p data-start=\"1946\" data-end=\"2007\"><strong data-start=\"1946\" data-end=\"1968\">\u00c0 bient\u00f4t, Enre9 !<\/strong><br data-start=\"1968\" data-end=\"1971\" \/><strong data-start=\"1971\" data-end=\"2007\">Bienvenue \u00e0 nouveau, Fantasmes de guerra !<\/strong><\/p>\n<p data-start=\"2009\" data-end=\"2030\"><a class=\"\" href=\"http:\/\/www.festivalenre9.com\" target=\"_new\" rel=\"noopener\" data-start=\"2009\" data-end=\"2030\">www.festivalenre9.com<\/a><\/p>\n","protected":false},"excerpt":{"rendered":"<p>Apr\u00e8s Enre9, on fait une pause et on continue. Cette semaine, on commence enfin \u00e0 voir des visages plus repos\u00e9s...<\/p>\n","protected":false},"author":2,"featured_media":1605,"comment_status":"closed","ping_status":"closed","sticky":false,"template":"","format":"standard","meta":{"_acf_changed":false,"inline_featured_image":false,"footnotes":""},"categories":[1],"tags":[],"class_list":["post-1601","post","type-post","status-publish","format-standard","has-post-thumbnail","hentry","category-news"],"acf":[],"yoast_head":"<!-- This site is optimized with the Yoast SEO plugin v27.5 - https:\/\/yoast.com\/product\/yoast-seo-wordpress\/ -->\n<title>Apr\u00e8s l\u2019Enre9 2025...on fait une pause, on fait le point et on continue \u00e0 cr\u00e9er! - La Baldufa Teatre<\/title>\n<meta name=\"description\" content=\"Apr\u00e8s, Enre9 fait une pause et continue. Encore une fois, il mise sur la culture communautaire en Zone 9 de Lleida.\" \/>\n<meta name=\"robots\" content=\"index, follow, max-snippet:-1, max-image-preview:large, max-video-preview:-1\" \/>\n<link rel=\"canonical\" href=\"https:\/\/www.labaldufateatre.com\/fr\/apres-enre9-on-fait-une-pause-et-on-continue\/\" \/>\n<meta property=\"og:locale\" content=\"fr_FR\" \/>\n<meta property=\"og:type\" content=\"article\" \/>\n<meta property=\"og:title\" content=\"Apr\u00e8s l\u2019Enre9 2025...on fait une pause, on fait le point et on continue \u00e0 cr\u00e9er! - La Baldufa Teatre\" \/>\n<meta property=\"og:description\" content=\"Apr\u00e8s, Enre9 fait une pause et continue. Encore une fois, il mise sur la culture communautaire en Zone 9 de Lleida.\" \/>\n<meta property=\"og:url\" content=\"https:\/\/www.labaldufateatre.com\/fr\/apres-enre9-on-fait-une-pause-et-on-continue\/\" \/>\n<meta property=\"og:site_name\" content=\"La Baldufa Teatre\" \/>\n<meta property=\"article:publisher\" content=\"http:\/\/www.facebook.com\/pages\/Companyia-de-Comediants-La-Baldufa\/94606450908\" \/>\n<meta property=\"article:published_time\" content=\"2025-06-04T10:23:09+00:00\" \/>\n<meta property=\"og:image\" content=\"https:\/\/www.labaldufateatre.com\/fr\/wp-content\/uploads\/sites\/4\/mg-0097-scaled.jpg\" \/>\n\t<meta property=\"og:image:width\" content=\"2560\" \/>\n\t<meta property=\"og:image:height\" content=\"1713\" \/>\n\t<meta property=\"og:image:type\" content=\"image\/jpeg\" \/>\n<meta name=\"author\" content=\"La Baldufa Teatre\" \/>\n<meta name=\"twitter:card\" content=\"summary_large_image\" \/>\n<meta name=\"twitter:creator\" content=\"@BaldufaTeatre\" \/>\n<meta name=\"twitter:site\" content=\"@BaldufaTeatre\" \/>\n<meta name=\"twitter:label1\" content=\"\u00c9crit par\" \/>\n\t<meta name=\"twitter:data1\" content=\"La Baldufa Teatre\" \/>\n\t<meta name=\"twitter:label2\" content=\"Dur\u00e9e de lecture estim\u00e9e\" \/>\n\t<meta name=\"twitter:data2\" content=\"2 minutes\" \/>\n<script type=\"application\/ld+json\" class=\"yoast-schema-graph\">{\"@context\":\"https:\\\/\\\/schema.org\",\"@graph\":[{\"@type\":\"Article\",\"@id\":\"https:\\\/\\\/www.labaldufateatre.com\\\/fr\\\/apres-enre9-on-fait-une-pause-et-on-continue\\\/#article\",\"isPartOf\":{\"@id\":\"https:\\\/\\\/www.labaldufateatre.com\\\/fr\\\/apres-enre9-on-fait-une-pause-et-on-continue\\\/\"},\"author\":{\"name\":\"La Baldufa Teatre\",\"@id\":\"https:\\\/\\\/www.labaldufateatre.com\\\/fr\\\/#\\\/schema\\\/person\\\/9bdcaa1e41295dbae5634e10328cba17\"},\"headline\":\"Apr\u00e8s l\u2019Enre9 2025...on fait une pause, on fait le point et on continue \u00e0 cr\u00e9er!\",\"datePublished\":\"2025-06-04T10:23:09+00:00\",\"mainEntityOfPage\":{\"@id\":\"https:\\\/\\\/www.labaldufateatre.com\\\/fr\\\/apres-enre9-on-fait-une-pause-et-on-continue\\\/\"},\"wordCount\":354,\"image\":{\"@id\":\"https:\\\/\\\/www.labaldufateatre.com\\\/fr\\\/apres-enre9-on-fait-une-pause-et-on-continue\\\/#primaryimage\"},\"thumbnailUrl\":\"https:\\\/\\\/www.labaldufateatre.com\\\/fr\\\/wp-content\\\/uploads\\\/sites\\\/4\\\/mg-0097-scaled.jpg\",\"articleSection\":[\"News\"],\"inLanguage\":\"fr-FR\"},{\"@type\":\"WebPage\",\"@id\":\"https:\\\/\\\/www.labaldufateatre.com\\\/fr\\\/apres-enre9-on-fait-une-pause-et-on-continue\\\/\",\"url\":\"https:\\\/\\\/www.labaldufateatre.com\\\/fr\\\/apres-enre9-on-fait-une-pause-et-on-continue\\\/\",\"name\":\"Apr\u00e8s l\u2019Enre9 2025...on fait une pause, on fait le point et on continue \u00e0 cr\u00e9er! - La Baldufa Teatre\",\"isPartOf\":{\"@id\":\"https:\\\/\\\/www.labaldufateatre.com\\\/fr\\\/#website\"},\"primaryImageOfPage\":{\"@id\":\"https:\\\/\\\/www.labaldufateatre.com\\\/fr\\\/apres-enre9-on-fait-une-pause-et-on-continue\\\/#primaryimage\"},\"image\":{\"@id\":\"https:\\\/\\\/www.labaldufateatre.com\\\/fr\\\/apres-enre9-on-fait-une-pause-et-on-continue\\\/#primaryimage\"},\"thumbnailUrl\":\"https:\\\/\\\/www.labaldufateatre.com\\\/fr\\\/wp-content\\\/uploads\\\/sites\\\/4\\\/mg-0097-scaled.jpg\",\"datePublished\":\"2025-06-04T10:23:09+00:00\",\"author\":{\"@id\":\"https:\\\/\\\/www.labaldufateatre.com\\\/fr\\\/#\\\/schema\\\/person\\\/9bdcaa1e41295dbae5634e10328cba17\"},\"description\":\"Apr\u00e8s, Enre9 fait une pause et continue. Encore une fois, il mise sur la culture communautaire en Zone 9 de Lleida.\",\"breadcrumb\":{\"@id\":\"https:\\\/\\\/www.labaldufateatre.com\\\/fr\\\/apres-enre9-on-fait-une-pause-et-on-continue\\\/#breadcrumb\"},\"inLanguage\":\"fr-FR\",\"potentialAction\":[{\"@type\":\"ReadAction\",\"target\":[\"https:\\\/\\\/www.labaldufateatre.com\\\/fr\\\/apres-enre9-on-fait-une-pause-et-on-continue\\\/\"]}]},{\"@type\":\"ImageObject\",\"inLanguage\":\"fr-FR\",\"@id\":\"https:\\\/\\\/www.labaldufateatre.com\\\/fr\\\/apres-enre9-on-fait-une-pause-et-on-continue\\\/#primaryimage\",\"url\":\"https:\\\/\\\/www.labaldufateatre.com\\\/fr\\\/wp-content\\\/uploads\\\/sites\\\/4\\\/mg-0097-scaled.jpg\",\"contentUrl\":\"https:\\\/\\\/www.labaldufateatre.com\\\/fr\\\/wp-content\\\/uploads\\\/sites\\\/4\\\/mg-0097-scaled.jpg\",\"width\":1860,\"height\":1245},{\"@type\":\"BreadcrumbList\",\"@id\":\"https:\\\/\\\/www.labaldufateatre.com\\\/fr\\\/apres-enre9-on-fait-une-pause-et-on-continue\\\/#breadcrumb\",\"itemListElement\":[{\"@type\":\"ListItem\",\"position\":1,\"name\":\"Portada\",\"item\":\"https:\\\/\\\/www.labaldufateatre.com\\\/fr\\\/\"},{\"@type\":\"ListItem\",\"position\":2,\"name\":\"Apr\u00e8s l\u2019Enre9 2025...on fait une pause, on fait le point et on continue \u00e0 cr\u00e9er!\"}]},{\"@type\":\"WebSite\",\"@id\":\"https:\\\/\\\/www.labaldufateatre.com\\\/fr\\\/#website\",\"url\":\"https:\\\/\\\/www.labaldufateatre.com\\\/fr\\\/\",\"name\":\"La Baldufa Teatre\",\"description\":\"Companyia de Comediants\",\"potentialAction\":[{\"@type\":\"SearchAction\",\"target\":{\"@type\":\"EntryPoint\",\"urlTemplate\":\"https:\\\/\\\/www.labaldufateatre.com\\\/fr\\\/?s={search_term_string}\"},\"query-input\":{\"@type\":\"PropertyValueSpecification\",\"valueRequired\":true,\"valueName\":\"search_term_string\"}}],\"inLanguage\":\"fr-FR\"},{\"@type\":\"Person\",\"@id\":\"https:\\\/\\\/www.labaldufateatre.com\\\/fr\\\/#\\\/schema\\\/person\\\/9bdcaa1e41295dbae5634e10328cba17\",\"name\":\"La Baldufa Teatre\",\"image\":{\"@type\":\"ImageObject\",\"inLanguage\":\"fr-FR\",\"@id\":\"https:\\\/\\\/secure.gravatar.com\\\/avatar\\\/d7d19647aef47cb2f08d837ca03f487a96bab078ac264f4495abfb61b75098c2?s=96&d=mm&r=g\",\"url\":\"https:\\\/\\\/secure.gravatar.com\\\/avatar\\\/d7d19647aef47cb2f08d837ca03f487a96bab078ac264f4495abfb61b75098c2?s=96&d=mm&r=g\",\"contentUrl\":\"https:\\\/\\\/secure.gravatar.com\\\/avatar\\\/d7d19647aef47cb2f08d837ca03f487a96bab078ac264f4495abfb61b75098c2?s=96&d=mm&r=g\",\"caption\":\"La Baldufa Teatre\"}}]}<\/script>\n<!-- \/ Yoast SEO plugin. -->","yoast_head_json":{"title":"Apr\u00e8s l\u2019Enre9 2025...on fait une pause, on fait le point et on continue \u00e0 cr\u00e9er! - La Baldufa Teatre","description":"Apr\u00e8s, Enre9 fait une pause et continue. Encore une fois, il mise sur la culture communautaire en Zone 9 de Lleida.","robots":{"index":"index","follow":"follow","max-snippet":"max-snippet:-1","max-image-preview":"max-image-preview:large","max-video-preview":"max-video-preview:-1"},"canonical":"https:\/\/www.labaldufateatre.com\/fr\/apres-enre9-on-fait-une-pause-et-on-continue\/","og_locale":"fr_FR","og_type":"article","og_title":"Apr\u00e8s l\u2019Enre9 2025...on fait une pause, on fait le point et on continue \u00e0 cr\u00e9er! - La Baldufa Teatre","og_description":"Apr\u00e8s, Enre9 fait une pause et continue. Encore une fois, il mise sur la culture communautaire en Zone 9 de Lleida.","og_url":"https:\/\/www.labaldufateatre.com\/fr\/apres-enre9-on-fait-une-pause-et-on-continue\/","og_site_name":"La Baldufa Teatre","article_publisher":"http:\/\/www.facebook.com\/pages\/Companyia-de-Comediants-La-Baldufa\/94606450908","article_published_time":"2025-06-04T10:23:09+00:00","og_image":[{"width":2560,"height":1713,"url":"https:\/\/www.labaldufateatre.com\/fr\/wp-content\/uploads\/sites\/4\/mg-0097-scaled.jpg","type":"image\/jpeg"}],"author":"La Baldufa Teatre","twitter_card":"summary_large_image","twitter_creator":"@BaldufaTeatre","twitter_site":"@BaldufaTeatre","twitter_misc":{"\u00c9crit par":"La Baldufa Teatre","Dur\u00e9e de lecture estim\u00e9e":"2 minutes"},"schema":{"@context":"https:\/\/schema.org","@graph":[{"@type":"Article","@id":"https:\/\/www.labaldufateatre.com\/fr\/apres-enre9-on-fait-une-pause-et-on-continue\/#article","isPartOf":{"@id":"https:\/\/www.labaldufateatre.com\/fr\/apres-enre9-on-fait-une-pause-et-on-continue\/"},"author":{"name":"La Baldufa Teatre","@id":"https:\/\/www.labaldufateatre.com\/fr\/#\/schema\/person\/9bdcaa1e41295dbae5634e10328cba17"},"headline":"Apr\u00e8s l\u2019Enre9 2025...on fait une pause, on fait le point et on continue \u00e0 cr\u00e9er!","datePublished":"2025-06-04T10:23:09+00:00","mainEntityOfPage":{"@id":"https:\/\/www.labaldufateatre.com\/fr\/apres-enre9-on-fait-une-pause-et-on-continue\/"},"wordCount":354,"image":{"@id":"https:\/\/www.labaldufateatre.com\/fr\/apres-enre9-on-fait-une-pause-et-on-continue\/#primaryimage"},"thumbnailUrl":"https:\/\/www.labaldufateatre.com\/fr\/wp-content\/uploads\/sites\/4\/mg-0097-scaled.jpg","articleSection":["News"],"inLanguage":"fr-FR"},{"@type":"WebPage","@id":"https:\/\/www.labaldufateatre.com\/fr\/apres-enre9-on-fait-une-pause-et-on-continue\/","url":"https:\/\/www.labaldufateatre.com\/fr\/apres-enre9-on-fait-une-pause-et-on-continue\/","name":"Apr\u00e8s l\u2019Enre9 2025...on fait une pause, on fait le point et on continue \u00e0 cr\u00e9er! - La Baldufa Teatre","isPartOf":{"@id":"https:\/\/www.labaldufateatre.com\/fr\/#website"},"primaryImageOfPage":{"@id":"https:\/\/www.labaldufateatre.com\/fr\/apres-enre9-on-fait-une-pause-et-on-continue\/#primaryimage"},"image":{"@id":"https:\/\/www.labaldufateatre.com\/fr\/apres-enre9-on-fait-une-pause-et-on-continue\/#primaryimage"},"thumbnailUrl":"https:\/\/www.labaldufateatre.com\/fr\/wp-content\/uploads\/sites\/4\/mg-0097-scaled.jpg","datePublished":"2025-06-04T10:23:09+00:00","author":{"@id":"https:\/\/www.labaldufateatre.com\/fr\/#\/schema\/person\/9bdcaa1e41295dbae5634e10328cba17"},"description":"Apr\u00e8s, Enre9 fait une pause et continue. Encore une fois, il mise sur la culture communautaire en Zone 9 de Lleida.","breadcrumb":{"@id":"https:\/\/www.labaldufateatre.com\/fr\/apres-enre9-on-fait-une-pause-et-on-continue\/#breadcrumb"},"inLanguage":"fr-FR","potentialAction":[{"@type":"ReadAction","target":["https:\/\/www.labaldufateatre.com\/fr\/apres-enre9-on-fait-une-pause-et-on-continue\/"]}]},{"@type":"ImageObject","inLanguage":"fr-FR","@id":"https:\/\/www.labaldufateatre.com\/fr\/apres-enre9-on-fait-une-pause-et-on-continue\/#primaryimage","url":"https:\/\/www.labaldufateatre.com\/fr\/wp-content\/uploads\/sites\/4\/mg-0097-scaled.jpg","contentUrl":"https:\/\/www.labaldufateatre.com\/fr\/wp-content\/uploads\/sites\/4\/mg-0097-scaled.jpg","width":1860,"height":1245},{"@type":"BreadcrumbList","@id":"https:\/\/www.labaldufateatre.com\/fr\/apres-enre9-on-fait-une-pause-et-on-continue\/#breadcrumb","itemListElement":[{"@type":"ListItem","position":1,"name":"Portada","item":"https:\/\/www.labaldufateatre.com\/fr\/"},{"@type":"ListItem","position":2,"name":"Apr\u00e8s l\u2019Enre9 2025...on fait une pause, on fait le point et on continue \u00e0 cr\u00e9er!"}]},{"@type":"WebSite","@id":"https:\/\/www.labaldufateatre.com\/fr\/#website","url":"https:\/\/www.labaldufateatre.com\/fr\/","name":"La Baldufa Teatre","description":"Companyia de Comediants","potentialAction":[{"@type":"SearchAction","target":{"@type":"EntryPoint","urlTemplate":"https:\/\/www.labaldufateatre.com\/fr\/?s={search_term_string}"},"query-input":{"@type":"PropertyValueSpecification","valueRequired":true,"valueName":"search_term_string"}}],"inLanguage":"fr-FR"},{"@type":"Person","@id":"https:\/\/www.labaldufateatre.com\/fr\/#\/schema\/person\/9bdcaa1e41295dbae5634e10328cba17","name":"La Baldufa Teatre","image":{"@type":"ImageObject","inLanguage":"fr-FR","@id":"https:\/\/secure.gravatar.com\/avatar\/d7d19647aef47cb2f08d837ca03f487a96bab078ac264f4495abfb61b75098c2?s=96&d=mm&r=g","url":"https:\/\/secure.gravatar.com\/avatar\/d7d19647aef47cb2f08d837ca03f487a96bab078ac264f4495abfb61b75098c2?s=96&d=mm&r=g","contentUrl":"https:\/\/secure.gravatar.com\/avatar\/d7d19647aef47cb2f08d837ca03f487a96bab078ac264f4495abfb61b75098c2?s=96&d=mm&r=g","caption":"La Baldufa Teatre"}}]}},"_links":{"self":[{"href":"https:\/\/www.labaldufateatre.com\/fr\/wp-json\/wp\/v2\/posts\/1601","targetHints":{"allow":["GET"]}}],"collection":[{"href":"https:\/\/www.labaldufateatre.com\/fr\/wp-json\/wp\/v2\/posts"}],"about":[{"href":"https:\/\/www.labaldufateatre.com\/fr\/wp-json\/wp\/v2\/types\/post"}],"author":[{"embeddable":true,"href":"https:\/\/www.labaldufateatre.com\/fr\/wp-json\/wp\/v2\/users\/2"}],"replies":[{"embeddable":true,"href":"https:\/\/www.labaldufateatre.com\/fr\/wp-json\/wp\/v2\/comments?post=1601"}],"version-history":[{"count":2,"href":"https:\/\/www.labaldufateatre.com\/fr\/wp-json\/wp\/v2\/posts\/1601\/revisions"}],"predecessor-version":[{"id":1606,"href":"https:\/\/www.labaldufateatre.com\/fr\/wp-json\/wp\/v2\/posts\/1601\/revisions\/1606"}],"wp:featuredmedia":[{"embeddable":true,"href":"https:\/\/www.labaldufateatre.com\/fr\/wp-json\/wp\/v2\/media\/1605"}],"wp:attachment":[{"href":"https:\/\/www.labaldufateatre.com\/fr\/wp-json\/wp\/v2\/media?parent=1601"}],"wp:term":[{"taxonomy":"category","embeddable":true,"href":"https:\/\/www.labaldufateatre.com\/fr\/wp-json\/wp\/v2\/categories?post=1601"},{"taxonomy":"post_tag","embeddable":true,"href":"https:\/\/www.labaldufateatre.com\/fr\/wp-json\/wp\/v2\/tags?post=1601"}],"curies":[{"name":"wp","href":"https:\/\/api.w.org\/{rel}","templated":true}]}}