{"id":195,"date":"2017-07-07T00:00:00","date_gmt":"2017-07-06T22:00:00","guid":{"rendered":"https:\/\/www.labaldufateatre.com\/lesbaiolat-celebra-la-desena-edicio\/"},"modified":"2019-02-08T20:08:59","modified_gmt":"2019-02-08T19:08:59","slug":"lesbaiolat-celebra-la-desena-edicio","status":"publish","type":"post","link":"https:\/\/www.labaldufateatre.com\/fr\/lesbaiolat-celebra-la-desena-edicio\/","title":{"rendered":"L\u2019Esbaiola\u2019t f\u00eate sa dixi\u00e8me \u00e9dition!"},"content":{"rendered":"<p>L\u2019Esbaiola\u2019t, le Festival de Th\u00e9\u00e2tre des Valls d\u2019\u00c0neu, organis\u00e9 par La Baldufa et la Mairie d\u2019Esterri d\u2019\u00c0neu, f\u00eate la dixi\u00e8me \u00e9dition en augmentant un jour de plus sa programmation qui commence jeudi 20 juillet et durera jusqu\u2019au dimanche 23 juillet. <\/p>\n<p>Un total de 37 propositions artistiques pendant ces 4 jours de festival : avec 17 compagnies professionnelles et 1 d\u2019amateur, 8 propositions du territoire et 9 ateliers ainsi que des activit\u00e9s compl\u00e9mentaires. En tout, plus de 80 repr\u00e9sentations et des activit\u00e9s.<\/p>\n<p>On vous invite \u00e0 en profiter et \u00e0 vous \u00ab Esbaioler \u00bb \u00e0 Esterri d\u2019\u00c0neu !<\/p>\n","protected":false},"excerpt":{"rendered":"<p>L\u2019Esbaiola\u2019t, le Festival de Th\u00e9\u00e2tre des Valls d\u2019\u00c0neu, organis\u00e9 par La Baldufa et la Mairie d\u2019Esterri d\u2019\u00c0neu, f\u00eate la dixi\u00e8me...<\/p>\n","protected":false},"author":1,"featured_media":196,"comment_status":"closed","ping_status":"open","sticky":false,"template":"","format":"standard","meta":{"_acf_changed":false,"inline_featured_image":false,"footnotes":""},"categories":[1],"tags":[],"class_list":["post-195","post","type-post","status-publish","format-standard","has-post-thumbnail","hentry","category-news"],"acf":[],"yoast_head":"<!-- This site is optimized with the Yoast SEO plugin v27.5 - https:\/\/yoast.com\/product\/yoast-seo-wordpress\/ -->\n<title>L\u2019Esbaiola\u2019t f\u00eate sa dixi\u00e8me \u00e9dition! - La Baldufa Teatre<\/title>\n<meta name=\"robots\" content=\"index, follow, max-snippet:-1, max-image-preview:large, max-video-preview:-1\" \/>\n<link rel=\"canonical\" href=\"https:\/\/www.labaldufateatre.com\/fr\/lesbaiolat-celebra-la-desena-edicio\/\" \/>\n<meta property=\"og:locale\" content=\"fr_FR\" \/>\n<meta property=\"og:type\" content=\"article\" \/>\n<meta property=\"og:title\" content=\"L\u2019Esbaiola\u2019t f\u00eate sa dixi\u00e8me \u00e9dition! - La Baldufa Teatre\" \/>\n<meta property=\"og:description\" content=\"L\u2019Esbaiola\u2019t, le Festival de Th\u00e9\u00e2tre des Valls d\u2019\u00c0neu, organis\u00e9 par La Baldufa et la Mairie d\u2019Esterri d\u2019\u00c0neu, f\u00eate la dixi\u00e8me...\" \/>\n<meta property=\"og:url\" content=\"https:\/\/www.labaldufateatre.com\/fr\/lesbaiolat-celebra-la-desena-edicio\/\" \/>\n<meta property=\"og:site_name\" content=\"La Baldufa Teatre\" \/>\n<meta property=\"article:publisher\" content=\"http:\/\/www.facebook.com\/pages\/Companyia-de-Comediants-La-Baldufa\/94606450908\" \/>\n<meta property=\"article:published_time\" content=\"2017-07-06T22:00:00+00:00\" \/>\n<meta property=\"article:modified_time\" content=\"2019-02-08T19:08:59+00:00\" \/>\n<meta property=\"og:image\" content=\"https:\/\/www.labaldufateatre.com\/fr\/wp-content\/uploads\/sites\/4\/ESBAIOLAT_NEWS1.jpg\" \/>\n\t<meta property=\"og:image:width\" content=\"1033\" \/>\n\t<meta property=\"og:image:height\" content=\"530\" \/>\n\t<meta property=\"og:image:type\" content=\"image\/jpeg\" \/>\n<meta name=\"author\" content=\"calzbert\" \/>\n<meta name=\"twitter:card\" content=\"summary_large_image\" \/>\n<meta name=\"twitter:creator\" content=\"@BaldufaTeatre\" \/>\n<meta name=\"twitter:site\" content=\"@BaldufaTeatre\" \/>\n<meta name=\"twitter:label1\" content=\"\u00c9crit par\" \/>\n\t<meta name=\"twitter:data1\" content=\"calzbert\" \/>\n<script type=\"application\/ld+json\" class=\"yoast-schema-graph\">{\"@context\":\"https:\\\/\\\/schema.org\",\"@graph\":[{\"@type\":\"Article\",\"@id\":\"https:\\\/\\\/www.labaldufateatre.com\\\/fr\\\/lesbaiolat-celebra-la-desena-edicio\\\/#article\",\"isPartOf\":{\"@id\":\"https:\\\/\\\/www.labaldufateatre.com\\\/fr\\\/lesbaiolat-celebra-la-desena-edicio\\\/\"},\"author\":{\"name\":\"calzbert\",\"@id\":\"https:\\\/\\\/www.labaldufateatre.com\\\/fr\\\/#\\\/schema\\\/person\\\/f2f99ab48040e39e27bf2d85573f9082\"},\"headline\":\"L\u2019Esbaiola\u2019t f\u00eate sa dixi\u00e8me \u00e9dition!\",\"datePublished\":\"2017-07-06T22:00:00+00:00\",\"dateModified\":\"2019-02-08T19:08:59+00:00\",\"mainEntityOfPage\":{\"@id\":\"https:\\\/\\\/www.labaldufateatre.com\\\/fr\\\/lesbaiolat-celebra-la-desena-edicio\\\/\"},\"wordCount\":105,\"image\":{\"@id\":\"https:\\\/\\\/www.labaldufateatre.com\\\/fr\\\/lesbaiolat-celebra-la-desena-edicio\\\/#primaryimage\"},\"thumbnailUrl\":\"https:\\\/\\\/www.labaldufateatre.com\\\/fr\\\/wp-content\\\/uploads\\\/sites\\\/4\\\/ESBAIOLAT_NEWS1.jpg\",\"articleSection\":[\"News\"],\"inLanguage\":\"fr-FR\"},{\"@type\":\"WebPage\",\"@id\":\"https:\\\/\\\/www.labaldufateatre.com\\\/fr\\\/lesbaiolat-celebra-la-desena-edicio\\\/\",\"url\":\"https:\\\/\\\/www.labaldufateatre.com\\\/fr\\\/lesbaiolat-celebra-la-desena-edicio\\\/\",\"name\":\"L\u2019Esbaiola\u2019t f\u00eate sa dixi\u00e8me \u00e9dition! - La Baldufa Teatre\",\"isPartOf\":{\"@id\":\"https:\\\/\\\/www.labaldufateatre.com\\\/fr\\\/#website\"},\"primaryImageOfPage\":{\"@id\":\"https:\\\/\\\/www.labaldufateatre.com\\\/fr\\\/lesbaiolat-celebra-la-desena-edicio\\\/#primaryimage\"},\"image\":{\"@id\":\"https:\\\/\\\/www.labaldufateatre.com\\\/fr\\\/lesbaiolat-celebra-la-desena-edicio\\\/#primaryimage\"},\"thumbnailUrl\":\"https:\\\/\\\/www.labaldufateatre.com\\\/fr\\\/wp-content\\\/uploads\\\/sites\\\/4\\\/ESBAIOLAT_NEWS1.jpg\",\"datePublished\":\"2017-07-06T22:00:00+00:00\",\"dateModified\":\"2019-02-08T19:08:59+00:00\",\"author\":{\"@id\":\"https:\\\/\\\/www.labaldufateatre.com\\\/fr\\\/#\\\/schema\\\/person\\\/f2f99ab48040e39e27bf2d85573f9082\"},\"breadcrumb\":{\"@id\":\"https:\\\/\\\/www.labaldufateatre.com\\\/fr\\\/lesbaiolat-celebra-la-desena-edicio\\\/#breadcrumb\"},\"inLanguage\":\"fr-FR\",\"potentialAction\":[{\"@type\":\"ReadAction\",\"target\":[\"https:\\\/\\\/www.labaldufateatre.com\\\/fr\\\/lesbaiolat-celebra-la-desena-edicio\\\/\"]}]},{\"@type\":\"ImageObject\",\"inLanguage\":\"fr-FR\",\"@id\":\"https:\\\/\\\/www.labaldufateatre.com\\\/fr\\\/lesbaiolat-celebra-la-desena-edicio\\\/#primaryimage\",\"url\":\"https:\\\/\\\/www.labaldufateatre.com\\\/fr\\\/wp-content\\\/uploads\\\/sites\\\/4\\\/ESBAIOLAT_NEWS1.jpg\",\"contentUrl\":\"https:\\\/\\\/www.labaldufateatre.com\\\/fr\\\/wp-content\\\/uploads\\\/sites\\\/4\\\/ESBAIOLAT_NEWS1.jpg\",\"width\":1033,\"height\":530},{\"@type\":\"BreadcrumbList\",\"@id\":\"https:\\\/\\\/www.labaldufateatre.com\\\/fr\\\/lesbaiolat-celebra-la-desena-edicio\\\/#breadcrumb\",\"itemListElement\":[{\"@type\":\"ListItem\",\"position\":1,\"name\":\"Portada\",\"item\":\"https:\\\/\\\/www.labaldufateatre.com\\\/fr\\\/\"},{\"@type\":\"ListItem\",\"position\":2,\"name\":\"L\u2019Esbaiola\u2019t f\u00eate sa dixi\u00e8me \u00e9dition!\"}]},{\"@type\":\"WebSite\",\"@id\":\"https:\\\/\\\/www.labaldufateatre.com\\\/fr\\\/#website\",\"url\":\"https:\\\/\\\/www.labaldufateatre.com\\\/fr\\\/\",\"name\":\"La Baldufa Teatre\",\"description\":\"Companyia de Comediants\",\"potentialAction\":[{\"@type\":\"SearchAction\",\"target\":{\"@type\":\"EntryPoint\",\"urlTemplate\":\"https:\\\/\\\/www.labaldufateatre.com\\\/fr\\\/?s={search_term_string}\"},\"query-input\":{\"@type\":\"PropertyValueSpecification\",\"valueRequired\":true,\"valueName\":\"search_term_string\"}}],\"inLanguage\":\"fr-FR\"},{\"@type\":\"Person\",\"@id\":\"https:\\\/\\\/www.labaldufateatre.com\\\/fr\\\/#\\\/schema\\\/person\\\/f2f99ab48040e39e27bf2d85573f9082\",\"name\":\"calzbert\",\"image\":{\"@type\":\"ImageObject\",\"inLanguage\":\"fr-FR\",\"@id\":\"https:\\\/\\\/secure.gravatar.com\\\/avatar\\\/c1261138a5e7882394bd9001104fe7078a2d860997555a5353af4ef7bd38f6db?s=96&d=mm&r=g\",\"url\":\"https:\\\/\\\/secure.gravatar.com\\\/avatar\\\/c1261138a5e7882394bd9001104fe7078a2d860997555a5353af4ef7bd38f6db?s=96&d=mm&r=g\",\"contentUrl\":\"https:\\\/\\\/secure.gravatar.com\\\/avatar\\\/c1261138a5e7882394bd9001104fe7078a2d860997555a5353af4ef7bd38f6db?s=96&d=mm&r=g\",\"caption\":\"calzbert\"}}]}<\/script>\n<!-- \/ Yoast SEO plugin. -->","yoast_head_json":{"title":"L\u2019Esbaiola\u2019t f\u00eate sa dixi\u00e8me \u00e9dition! - La Baldufa Teatre","robots":{"index":"index","follow":"follow","max-snippet":"max-snippet:-1","max-image-preview":"max-image-preview:large","max-video-preview":"max-video-preview:-1"},"canonical":"https:\/\/www.labaldufateatre.com\/fr\/lesbaiolat-celebra-la-desena-edicio\/","og_locale":"fr_FR","og_type":"article","og_title":"L\u2019Esbaiola\u2019t f\u00eate sa dixi\u00e8me \u00e9dition! - La Baldufa Teatre","og_description":"L\u2019Esbaiola\u2019t, le Festival de Th\u00e9\u00e2tre des Valls d\u2019\u00c0neu, organis\u00e9 par La Baldufa et la Mairie d\u2019Esterri d\u2019\u00c0neu, f\u00eate la dixi\u00e8me...","og_url":"https:\/\/www.labaldufateatre.com\/fr\/lesbaiolat-celebra-la-desena-edicio\/","og_site_name":"La Baldufa Teatre","article_publisher":"http:\/\/www.facebook.com\/pages\/Companyia-de-Comediants-La-Baldufa\/94606450908","article_published_time":"2017-07-06T22:00:00+00:00","article_modified_time":"2019-02-08T19:08:59+00:00","og_image":[{"width":1033,"height":530,"url":"https:\/\/www.labaldufateatre.com\/fr\/wp-content\/uploads\/sites\/4\/ESBAIOLAT_NEWS1.jpg","type":"image\/jpeg"}],"author":"calzbert","twitter_card":"summary_large_image","twitter_creator":"@BaldufaTeatre","twitter_site":"@BaldufaTeatre","twitter_misc":{"\u00c9crit par":"calzbert"},"schema":{"@context":"https:\/\/schema.org","@graph":[{"@type":"Article","@id":"https:\/\/www.labaldufateatre.com\/fr\/lesbaiolat-celebra-la-desena-edicio\/#article","isPartOf":{"@id":"https:\/\/www.labaldufateatre.com\/fr\/lesbaiolat-celebra-la-desena-edicio\/"},"author":{"name":"calzbert","@id":"https:\/\/www.labaldufateatre.com\/fr\/#\/schema\/person\/f2f99ab48040e39e27bf2d85573f9082"},"headline":"L\u2019Esbaiola\u2019t f\u00eate sa dixi\u00e8me \u00e9dition!","datePublished":"2017-07-06T22:00:00+00:00","dateModified":"2019-02-08T19:08:59+00:00","mainEntityOfPage":{"@id":"https:\/\/www.labaldufateatre.com\/fr\/lesbaiolat-celebra-la-desena-edicio\/"},"wordCount":105,"image":{"@id":"https:\/\/www.labaldufateatre.com\/fr\/lesbaiolat-celebra-la-desena-edicio\/#primaryimage"},"thumbnailUrl":"https:\/\/www.labaldufateatre.com\/fr\/wp-content\/uploads\/sites\/4\/ESBAIOLAT_NEWS1.jpg","articleSection":["News"],"inLanguage":"fr-FR"},{"@type":"WebPage","@id":"https:\/\/www.labaldufateatre.com\/fr\/lesbaiolat-celebra-la-desena-edicio\/","url":"https:\/\/www.labaldufateatre.com\/fr\/lesbaiolat-celebra-la-desena-edicio\/","name":"L\u2019Esbaiola\u2019t f\u00eate sa dixi\u00e8me \u00e9dition! - La Baldufa Teatre","isPartOf":{"@id":"https:\/\/www.labaldufateatre.com\/fr\/#website"},"primaryImageOfPage":{"@id":"https:\/\/www.labaldufateatre.com\/fr\/lesbaiolat-celebra-la-desena-edicio\/#primaryimage"},"image":{"@id":"https:\/\/www.labaldufateatre.com\/fr\/lesbaiolat-celebra-la-desena-edicio\/#primaryimage"},"thumbnailUrl":"https:\/\/www.labaldufateatre.com\/fr\/wp-content\/uploads\/sites\/4\/ESBAIOLAT_NEWS1.jpg","datePublished":"2017-07-06T22:00:00+00:00","dateModified":"2019-02-08T19:08:59+00:00","author":{"@id":"https:\/\/www.labaldufateatre.com\/fr\/#\/schema\/person\/f2f99ab48040e39e27bf2d85573f9082"},"breadcrumb":{"@id":"https:\/\/www.labaldufateatre.com\/fr\/lesbaiolat-celebra-la-desena-edicio\/#breadcrumb"},"inLanguage":"fr-FR","potentialAction":[{"@type":"ReadAction","target":["https:\/\/www.labaldufateatre.com\/fr\/lesbaiolat-celebra-la-desena-edicio\/"]}]},{"@type":"ImageObject","inLanguage":"fr-FR","@id":"https:\/\/www.labaldufateatre.com\/fr\/lesbaiolat-celebra-la-desena-edicio\/#primaryimage","url":"https:\/\/www.labaldufateatre.com\/fr\/wp-content\/uploads\/sites\/4\/ESBAIOLAT_NEWS1.jpg","contentUrl":"https:\/\/www.labaldufateatre.com\/fr\/wp-content\/uploads\/sites\/4\/ESBAIOLAT_NEWS1.jpg","width":1033,"height":530},{"@type":"BreadcrumbList","@id":"https:\/\/www.labaldufateatre.com\/fr\/lesbaiolat-celebra-la-desena-edicio\/#breadcrumb","itemListElement":[{"@type":"ListItem","position":1,"name":"Portada","item":"https:\/\/www.labaldufateatre.com\/fr\/"},{"@type":"ListItem","position":2,"name":"L\u2019Esbaiola\u2019t f\u00eate sa dixi\u00e8me \u00e9dition!"}]},{"@type":"WebSite","@id":"https:\/\/www.labaldufateatre.com\/fr\/#website","url":"https:\/\/www.labaldufateatre.com\/fr\/","name":"La Baldufa Teatre","description":"Companyia de Comediants","potentialAction":[{"@type":"SearchAction","target":{"@type":"EntryPoint","urlTemplate":"https:\/\/www.labaldufateatre.com\/fr\/?s={search_term_string}"},"query-input":{"@type":"PropertyValueSpecification","valueRequired":true,"valueName":"search_term_string"}}],"inLanguage":"fr-FR"},{"@type":"Person","@id":"https:\/\/www.labaldufateatre.com\/fr\/#\/schema\/person\/f2f99ab48040e39e27bf2d85573f9082","name":"calzbert","image":{"@type":"ImageObject","inLanguage":"fr-FR","@id":"https:\/\/secure.gravatar.com\/avatar\/c1261138a5e7882394bd9001104fe7078a2d860997555a5353af4ef7bd38f6db?s=96&d=mm&r=g","url":"https:\/\/secure.gravatar.com\/avatar\/c1261138a5e7882394bd9001104fe7078a2d860997555a5353af4ef7bd38f6db?s=96&d=mm&r=g","contentUrl":"https:\/\/secure.gravatar.com\/avatar\/c1261138a5e7882394bd9001104fe7078a2d860997555a5353af4ef7bd38f6db?s=96&d=mm&r=g","caption":"calzbert"}}]}},"_links":{"self":[{"href":"https:\/\/www.labaldufateatre.com\/fr\/wp-json\/wp\/v2\/posts\/195","targetHints":{"allow":["GET"]}}],"collection":[{"href":"https:\/\/www.labaldufateatre.com\/fr\/wp-json\/wp\/v2\/posts"}],"about":[{"href":"https:\/\/www.labaldufateatre.com\/fr\/wp-json\/wp\/v2\/types\/post"}],"author":[{"embeddable":true,"href":"https:\/\/www.labaldufateatre.com\/fr\/wp-json\/wp\/v2\/users\/1"}],"replies":[{"embeddable":true,"href":"https:\/\/www.labaldufateatre.com\/fr\/wp-json\/wp\/v2\/comments?post=195"}],"version-history":[{"count":2,"href":"https:\/\/www.labaldufateatre.com\/fr\/wp-json\/wp\/v2\/posts\/195\/revisions"}],"predecessor-version":[{"id":907,"href":"https:\/\/www.labaldufateatre.com\/fr\/wp-json\/wp\/v2\/posts\/195\/revisions\/907"}],"wp:featuredmedia":[{"embeddable":true,"href":"https:\/\/www.labaldufateatre.com\/fr\/wp-json\/wp\/v2\/media\/196"}],"wp:attachment":[{"href":"https:\/\/www.labaldufateatre.com\/fr\/wp-json\/wp\/v2\/media?parent=195"}],"wp:term":[{"taxonomy":"category","embeddable":true,"href":"https:\/\/www.labaldufateatre.com\/fr\/wp-json\/wp\/v2\/categories?post=195"},{"taxonomy":"post_tag","embeddable":true,"href":"https:\/\/www.labaldufateatre.com\/fr\/wp-json\/wp\/v2\/tags?post=195"}],"curies":[{"name":"wp","href":"https:\/\/api.w.org\/{rel}","templated":true}]}}