{"id":951,"date":"2019-02-22T18:00:23","date_gmt":"2019-02-22T17:00:23","guid":{"rendered":"https:\/\/www.labaldufateatre.com\/fr\/?p=951"},"modified":"2019-02-27T15:32:40","modified_gmt":"2019-02-27T14:32:40","slug":"la-baldufa-awarded-again-at-feten","status":"publish","type":"post","link":"https:\/\/www.labaldufateatre.com\/fr\/la-baldufa-awarded-again-at-feten\/","title":{"rendered":"La Baldufa \u00e0 nouveau laur\u00e9ate \u00e0 FETEN"},"content":{"rendered":"<p>Le spectacle <a href=\"https:\/\/www.labaldufateatre.com\/fr\/espectacles\/mon-pere-est-un-ogre\/\" target=\"_blank\" rel=\"noopener noreferrer\"><strong>Mon P\u00e8re est un Ogre<\/strong><\/a> a re\u00e7u le <a href=\"http:\/\/feten.gijon.es\/noticias\/show\/41380-premios-feten-2019\" target=\"_blank\" rel=\"noopener noreferrer\"><strong>Prix de la Meilleure Interpr\u00e9tation Masculine, Ex Aequo<\/strong><\/a>, dans la derni\u00e8re \u00e9dition de FETEN. Une fois de plus, la renomm\u00e9e Feria Europea de Artes Esc\u00e9nicas para Ni\u00f1os y Ni\u00f1as, qui a lieu \u00e0 Gij\u00f3n, chaque mois de f\u00e9vrier, r\u00e9compense notre travail.<\/p>\n<p>Le m\u00eame festival, en 2015 d\u00e9cerna le Prix du Meilleur Spectacle et le Prix de la Meilleure Mise en Sc\u00e8ne \u00e0 notre cr\u00e9ation <a href=\"https:\/\/www.labaldufateatre.com\/fr\/espectacles\/pinocchio\/\" target=\"_blank\" rel=\"noopener noreferrer\"><strong>Pinocchio<\/strong><\/a>.\u00a0Ces importantes reconnaissances nous ont ouvert de nombreuses portes. Parmi elles, celle du <a href=\"https:\/\/openingdoors.wales\/productions\/\" target=\"_blank\" rel=\"noopener noreferrer\"><strong>Agor Drysau Festival<\/strong><\/a> au Pays de Galles, que la compagnie visitera pour la premi\u00e8re fois. La Baldufa pr\u00e9sentera 4 repr\u00e9sentations de Pinocchio, dans 3 villes diff\u00e9rentes, du 19 au 22 mars 2019.<\/p>\n<p>\u00c9galement, le m\u00eame mois, la compagnie offre 4 repr\u00e9sentations de Mon P\u00e8re est un Ogre \u00e0 <a href=\"http:\/\/www.madrid.org\/teatralia\/2019\/programacion.html\" target=\"_blank\" rel=\"noopener noreferrer\"><strong>Teatralia<\/strong><\/a>, le prestigieux Festival Internacional de Artes Esc\u00e9nicas para Ni\u00f1os y J\u00f3venes de Madrid, qui se c\u00e9l\u00e8bre du 14 au 31 mars 2019. Une des repr\u00e9sentations, en anglais, est programm\u00e9e dans le cadre des Encuentros en Teatralia, pendant les journ\u00e9es destin\u00e9es aux professionnels du monde entier.<\/p>\n<p>Nous confions que la distinction re\u00e7ue \u00e0 FETEN nous m\u00e8nera vers de nouveaux chemins, nous permettra de jouer Mon P\u00e8re est un Ogre et de partager des histoires sensibles et \u00e9mouvantes partout.<\/p>\n<p>Nos sinc\u00e8res remerciements \u00e0 FETEN et f\u00e9licitations \u00e0 tous les laur\u00e9ats\u00a0!<\/p>\n","protected":false},"excerpt":{"rendered":"<p>Le spectacle Mon P\u00e8re est un Ogre a re\u00e7u le Prix de la Meilleure Interpr\u00e9tation Masculine, Ex Aequo, dans la...<\/p>\n","protected":false},"author":2,"featured_media":952,"comment_status":"closed","ping_status":"closed","sticky":false,"template":"","format":"standard","meta":{"_acf_changed":false,"inline_featured_image":false,"footnotes":""},"categories":[1],"tags":[],"class_list":["post-951","post","type-post","status-publish","format-standard","has-post-thumbnail","hentry","category-news"],"acf":[],"yoast_head":"<!-- This site is optimized with the Yoast SEO plugin v27.4 - https:\/\/yoast.com\/product\/yoast-seo-wordpress\/ -->\n<title>La Baldufa \u00e0 nouveau laur\u00e9ate \u00e0 FETEN - La Baldufa Teatre<\/title>\n<meta name=\"description\" content=\"Le spectacle Mon P\u00e8re est un Ogre a re\u00e7u le Prix de la Meilleure Interpr\u00e9tation Masculine, Ex Aequo, dans la derni\u00e8re \u00e9dition de FETEN.\" \/>\n<meta name=\"robots\" content=\"index, follow, max-snippet:-1, max-image-preview:large, max-video-preview:-1\" \/>\n<link rel=\"canonical\" href=\"https:\/\/www.labaldufateatre.com\/fr\/la-baldufa-awarded-again-at-feten\/\" \/>\n<meta property=\"og:locale\" content=\"fr_FR\" \/>\n<meta property=\"og:type\" content=\"article\" \/>\n<meta property=\"og:title\" content=\"La Baldufa \u00e0 nouveau laur\u00e9ate \u00e0 FETEN - La Baldufa Teatre\" \/>\n<meta property=\"og:description\" content=\"Le spectacle Mon P\u00e8re est un Ogre a re\u00e7u le Prix de la Meilleure Interpr\u00e9tation Masculine, Ex Aequo, dans la derni\u00e8re \u00e9dition de FETEN.\" \/>\n<meta property=\"og:url\" content=\"https:\/\/www.labaldufateatre.com\/fr\/la-baldufa-awarded-again-at-feten\/\" \/>\n<meta property=\"og:site_name\" content=\"La Baldufa Teatre\" \/>\n<meta property=\"article:publisher\" content=\"http:\/\/www.facebook.com\/pages\/Companyia-de-Comediants-La-Baldufa\/94606450908\" \/>\n<meta property=\"article:published_time\" content=\"2019-02-22T17:00:23+00:00\" \/>\n<meta property=\"article:modified_time\" content=\"2019-02-27T14:32:40+00:00\" \/>\n<meta property=\"og:image\" content=\"https:\/\/www.labaldufateatre.com\/fr\/wp-content\/uploads\/sites\/4\/feten_2019_premis_1024x528.png\" \/>\n\t<meta property=\"og:image:width\" content=\"1024\" \/>\n\t<meta property=\"og:image:height\" content=\"528\" \/>\n\t<meta property=\"og:image:type\" content=\"image\/png\" \/>\n<meta name=\"author\" content=\"La Baldufa Teatre\" \/>\n<meta name=\"twitter:card\" content=\"summary_large_image\" \/>\n<meta name=\"twitter:creator\" content=\"@BaldufaTeatre\" \/>\n<meta name=\"twitter:site\" content=\"@BaldufaTeatre\" \/>\n<meta name=\"twitter:label1\" content=\"\u00c9crit par\" \/>\n\t<meta name=\"twitter:data1\" content=\"La Baldufa Teatre\" \/>\n\t<meta name=\"twitter:label2\" content=\"Dur\u00e9e de lecture estim\u00e9e\" \/>\n\t<meta name=\"twitter:data2\" content=\"1 minute\" \/>\n<script type=\"application\/ld+json\" class=\"yoast-schema-graph\">{\"@context\":\"https:\\\/\\\/schema.org\",\"@graph\":[{\"@type\":\"Article\",\"@id\":\"https:\\\/\\\/www.labaldufateatre.com\\\/fr\\\/la-baldufa-awarded-again-at-feten\\\/#article\",\"isPartOf\":{\"@id\":\"https:\\\/\\\/www.labaldufateatre.com\\\/fr\\\/la-baldufa-awarded-again-at-feten\\\/\"},\"author\":{\"name\":\"La Baldufa Teatre\",\"@id\":\"https:\\\/\\\/www.labaldufateatre.com\\\/fr\\\/#\\\/schema\\\/person\\\/9bdcaa1e41295dbae5634e10328cba17\"},\"headline\":\"La Baldufa \u00e0 nouveau laur\u00e9ate \u00e0 FETEN\",\"datePublished\":\"2019-02-22T17:00:23+00:00\",\"dateModified\":\"2019-02-27T14:32:40+00:00\",\"mainEntityOfPage\":{\"@id\":\"https:\\\/\\\/www.labaldufateatre.com\\\/fr\\\/la-baldufa-awarded-again-at-feten\\\/\"},\"wordCount\":252,\"image\":{\"@id\":\"https:\\\/\\\/www.labaldufateatre.com\\\/fr\\\/la-baldufa-awarded-again-at-feten\\\/#primaryimage\"},\"thumbnailUrl\":\"https:\\\/\\\/www.labaldufateatre.com\\\/fr\\\/wp-content\\\/uploads\\\/sites\\\/4\\\/feten_2019_premis_1024x528.png\",\"articleSection\":[\"News\"],\"inLanguage\":\"fr-FR\"},{\"@type\":\"WebPage\",\"@id\":\"https:\\\/\\\/www.labaldufateatre.com\\\/fr\\\/la-baldufa-awarded-again-at-feten\\\/\",\"url\":\"https:\\\/\\\/www.labaldufateatre.com\\\/fr\\\/la-baldufa-awarded-again-at-feten\\\/\",\"name\":\"La Baldufa \u00e0 nouveau laur\u00e9ate \u00e0 FETEN - La Baldufa Teatre\",\"isPartOf\":{\"@id\":\"https:\\\/\\\/www.labaldufateatre.com\\\/fr\\\/#website\"},\"primaryImageOfPage\":{\"@id\":\"https:\\\/\\\/www.labaldufateatre.com\\\/fr\\\/la-baldufa-awarded-again-at-feten\\\/#primaryimage\"},\"image\":{\"@id\":\"https:\\\/\\\/www.labaldufateatre.com\\\/fr\\\/la-baldufa-awarded-again-at-feten\\\/#primaryimage\"},\"thumbnailUrl\":\"https:\\\/\\\/www.labaldufateatre.com\\\/fr\\\/wp-content\\\/uploads\\\/sites\\\/4\\\/feten_2019_premis_1024x528.png\",\"datePublished\":\"2019-02-22T17:00:23+00:00\",\"dateModified\":\"2019-02-27T14:32:40+00:00\",\"author\":{\"@id\":\"https:\\\/\\\/www.labaldufateatre.com\\\/fr\\\/#\\\/schema\\\/person\\\/9bdcaa1e41295dbae5634e10328cba17\"},\"description\":\"Le spectacle Mon P\u00e8re est un Ogre a re\u00e7u le Prix de la Meilleure Interpr\u00e9tation Masculine, Ex Aequo, dans la derni\u00e8re \u00e9dition de FETEN.\",\"breadcrumb\":{\"@id\":\"https:\\\/\\\/www.labaldufateatre.com\\\/fr\\\/la-baldufa-awarded-again-at-feten\\\/#breadcrumb\"},\"inLanguage\":\"fr-FR\",\"potentialAction\":[{\"@type\":\"ReadAction\",\"target\":[\"https:\\\/\\\/www.labaldufateatre.com\\\/fr\\\/la-baldufa-awarded-again-at-feten\\\/\"]}]},{\"@type\":\"ImageObject\",\"inLanguage\":\"fr-FR\",\"@id\":\"https:\\\/\\\/www.labaldufateatre.com\\\/fr\\\/la-baldufa-awarded-again-at-feten\\\/#primaryimage\",\"url\":\"https:\\\/\\\/www.labaldufateatre.com\\\/fr\\\/wp-content\\\/uploads\\\/sites\\\/4\\\/feten_2019_premis_1024x528.png\",\"contentUrl\":\"https:\\\/\\\/www.labaldufateatre.com\\\/fr\\\/wp-content\\\/uploads\\\/sites\\\/4\\\/feten_2019_premis_1024x528.png\",\"width\":1024,\"height\":528},{\"@type\":\"BreadcrumbList\",\"@id\":\"https:\\\/\\\/www.labaldufateatre.com\\\/fr\\\/la-baldufa-awarded-again-at-feten\\\/#breadcrumb\",\"itemListElement\":[{\"@type\":\"ListItem\",\"position\":1,\"name\":\"Portada\",\"item\":\"https:\\\/\\\/www.labaldufateatre.com\\\/fr\\\/\"},{\"@type\":\"ListItem\",\"position\":2,\"name\":\"La Baldufa \u00e0 nouveau laur\u00e9ate \u00e0 FETEN\"}]},{\"@type\":\"WebSite\",\"@id\":\"https:\\\/\\\/www.labaldufateatre.com\\\/fr\\\/#website\",\"url\":\"https:\\\/\\\/www.labaldufateatre.com\\\/fr\\\/\",\"name\":\"La Baldufa Teatre\",\"description\":\"Companyia de Comediants\",\"potentialAction\":[{\"@type\":\"SearchAction\",\"target\":{\"@type\":\"EntryPoint\",\"urlTemplate\":\"https:\\\/\\\/www.labaldufateatre.com\\\/fr\\\/?s={search_term_string}\"},\"query-input\":{\"@type\":\"PropertyValueSpecification\",\"valueRequired\":true,\"valueName\":\"search_term_string\"}}],\"inLanguage\":\"fr-FR\"},{\"@type\":\"Person\",\"@id\":\"https:\\\/\\\/www.labaldufateatre.com\\\/fr\\\/#\\\/schema\\\/person\\\/9bdcaa1e41295dbae5634e10328cba17\",\"name\":\"La Baldufa Teatre\",\"image\":{\"@type\":\"ImageObject\",\"inLanguage\":\"fr-FR\",\"@id\":\"https:\\\/\\\/secure.gravatar.com\\\/avatar\\\/d7d19647aef47cb2f08d837ca03f487a96bab078ac264f4495abfb61b75098c2?s=96&d=mm&r=g\",\"url\":\"https:\\\/\\\/secure.gravatar.com\\\/avatar\\\/d7d19647aef47cb2f08d837ca03f487a96bab078ac264f4495abfb61b75098c2?s=96&d=mm&r=g\",\"contentUrl\":\"https:\\\/\\\/secure.gravatar.com\\\/avatar\\\/d7d19647aef47cb2f08d837ca03f487a96bab078ac264f4495abfb61b75098c2?s=96&d=mm&r=g\",\"caption\":\"La Baldufa Teatre\"}}]}<\/script>\n<!-- \/ Yoast SEO plugin. -->","yoast_head_json":{"title":"La Baldufa \u00e0 nouveau laur\u00e9ate \u00e0 FETEN - La Baldufa Teatre","description":"Le spectacle Mon P\u00e8re est un Ogre a re\u00e7u le Prix de la Meilleure Interpr\u00e9tation Masculine, Ex Aequo, dans la derni\u00e8re \u00e9dition de FETEN.","robots":{"index":"index","follow":"follow","max-snippet":"max-snippet:-1","max-image-preview":"max-image-preview:large","max-video-preview":"max-video-preview:-1"},"canonical":"https:\/\/www.labaldufateatre.com\/fr\/la-baldufa-awarded-again-at-feten\/","og_locale":"fr_FR","og_type":"article","og_title":"La Baldufa \u00e0 nouveau laur\u00e9ate \u00e0 FETEN - La Baldufa Teatre","og_description":"Le spectacle Mon P\u00e8re est un Ogre a re\u00e7u le Prix de la Meilleure Interpr\u00e9tation Masculine, Ex Aequo, dans la derni\u00e8re \u00e9dition de FETEN.","og_url":"https:\/\/www.labaldufateatre.com\/fr\/la-baldufa-awarded-again-at-feten\/","og_site_name":"La Baldufa Teatre","article_publisher":"http:\/\/www.facebook.com\/pages\/Companyia-de-Comediants-La-Baldufa\/94606450908","article_published_time":"2019-02-22T17:00:23+00:00","article_modified_time":"2019-02-27T14:32:40+00:00","og_image":[{"width":1024,"height":528,"url":"https:\/\/www.labaldufateatre.com\/fr\/wp-content\/uploads\/sites\/4\/feten_2019_premis_1024x528.png","type":"image\/png"}],"author":"La Baldufa Teatre","twitter_card":"summary_large_image","twitter_creator":"@BaldufaTeatre","twitter_site":"@BaldufaTeatre","twitter_misc":{"\u00c9crit par":"La Baldufa Teatre","Dur\u00e9e de lecture estim\u00e9e":"1 minute"},"schema":{"@context":"https:\/\/schema.org","@graph":[{"@type":"Article","@id":"https:\/\/www.labaldufateatre.com\/fr\/la-baldufa-awarded-again-at-feten\/#article","isPartOf":{"@id":"https:\/\/www.labaldufateatre.com\/fr\/la-baldufa-awarded-again-at-feten\/"},"author":{"name":"La Baldufa Teatre","@id":"https:\/\/www.labaldufateatre.com\/fr\/#\/schema\/person\/9bdcaa1e41295dbae5634e10328cba17"},"headline":"La Baldufa \u00e0 nouveau laur\u00e9ate \u00e0 FETEN","datePublished":"2019-02-22T17:00:23+00:00","dateModified":"2019-02-27T14:32:40+00:00","mainEntityOfPage":{"@id":"https:\/\/www.labaldufateatre.com\/fr\/la-baldufa-awarded-again-at-feten\/"},"wordCount":252,"image":{"@id":"https:\/\/www.labaldufateatre.com\/fr\/la-baldufa-awarded-again-at-feten\/#primaryimage"},"thumbnailUrl":"https:\/\/www.labaldufateatre.com\/fr\/wp-content\/uploads\/sites\/4\/feten_2019_premis_1024x528.png","articleSection":["News"],"inLanguage":"fr-FR"},{"@type":"WebPage","@id":"https:\/\/www.labaldufateatre.com\/fr\/la-baldufa-awarded-again-at-feten\/","url":"https:\/\/www.labaldufateatre.com\/fr\/la-baldufa-awarded-again-at-feten\/","name":"La Baldufa \u00e0 nouveau laur\u00e9ate \u00e0 FETEN - La Baldufa Teatre","isPartOf":{"@id":"https:\/\/www.labaldufateatre.com\/fr\/#website"},"primaryImageOfPage":{"@id":"https:\/\/www.labaldufateatre.com\/fr\/la-baldufa-awarded-again-at-feten\/#primaryimage"},"image":{"@id":"https:\/\/www.labaldufateatre.com\/fr\/la-baldufa-awarded-again-at-feten\/#primaryimage"},"thumbnailUrl":"https:\/\/www.labaldufateatre.com\/fr\/wp-content\/uploads\/sites\/4\/feten_2019_premis_1024x528.png","datePublished":"2019-02-22T17:00:23+00:00","dateModified":"2019-02-27T14:32:40+00:00","author":{"@id":"https:\/\/www.labaldufateatre.com\/fr\/#\/schema\/person\/9bdcaa1e41295dbae5634e10328cba17"},"description":"Le spectacle Mon P\u00e8re est un Ogre a re\u00e7u le Prix de la Meilleure Interpr\u00e9tation Masculine, Ex Aequo, dans la derni\u00e8re \u00e9dition de FETEN.","breadcrumb":{"@id":"https:\/\/www.labaldufateatre.com\/fr\/la-baldufa-awarded-again-at-feten\/#breadcrumb"},"inLanguage":"fr-FR","potentialAction":[{"@type":"ReadAction","target":["https:\/\/www.labaldufateatre.com\/fr\/la-baldufa-awarded-again-at-feten\/"]}]},{"@type":"ImageObject","inLanguage":"fr-FR","@id":"https:\/\/www.labaldufateatre.com\/fr\/la-baldufa-awarded-again-at-feten\/#primaryimage","url":"https:\/\/www.labaldufateatre.com\/fr\/wp-content\/uploads\/sites\/4\/feten_2019_premis_1024x528.png","contentUrl":"https:\/\/www.labaldufateatre.com\/fr\/wp-content\/uploads\/sites\/4\/feten_2019_premis_1024x528.png","width":1024,"height":528},{"@type":"BreadcrumbList","@id":"https:\/\/www.labaldufateatre.com\/fr\/la-baldufa-awarded-again-at-feten\/#breadcrumb","itemListElement":[{"@type":"ListItem","position":1,"name":"Portada","item":"https:\/\/www.labaldufateatre.com\/fr\/"},{"@type":"ListItem","position":2,"name":"La Baldufa \u00e0 nouveau laur\u00e9ate \u00e0 FETEN"}]},{"@type":"WebSite","@id":"https:\/\/www.labaldufateatre.com\/fr\/#website","url":"https:\/\/www.labaldufateatre.com\/fr\/","name":"La Baldufa Teatre","description":"Companyia de Comediants","potentialAction":[{"@type":"SearchAction","target":{"@type":"EntryPoint","urlTemplate":"https:\/\/www.labaldufateatre.com\/fr\/?s={search_term_string}"},"query-input":{"@type":"PropertyValueSpecification","valueRequired":true,"valueName":"search_term_string"}}],"inLanguage":"fr-FR"},{"@type":"Person","@id":"https:\/\/www.labaldufateatre.com\/fr\/#\/schema\/person\/9bdcaa1e41295dbae5634e10328cba17","name":"La Baldufa Teatre","image":{"@type":"ImageObject","inLanguage":"fr-FR","@id":"https:\/\/secure.gravatar.com\/avatar\/d7d19647aef47cb2f08d837ca03f487a96bab078ac264f4495abfb61b75098c2?s=96&d=mm&r=g","url":"https:\/\/secure.gravatar.com\/avatar\/d7d19647aef47cb2f08d837ca03f487a96bab078ac264f4495abfb61b75098c2?s=96&d=mm&r=g","contentUrl":"https:\/\/secure.gravatar.com\/avatar\/d7d19647aef47cb2f08d837ca03f487a96bab078ac264f4495abfb61b75098c2?s=96&d=mm&r=g","caption":"La Baldufa Teatre"}}]}},"_links":{"self":[{"href":"https:\/\/www.labaldufateatre.com\/fr\/wp-json\/wp\/v2\/posts\/951","targetHints":{"allow":["GET"]}}],"collection":[{"href":"https:\/\/www.labaldufateatre.com\/fr\/wp-json\/wp\/v2\/posts"}],"about":[{"href":"https:\/\/www.labaldufateatre.com\/fr\/wp-json\/wp\/v2\/types\/post"}],"author":[{"embeddable":true,"href":"https:\/\/www.labaldufateatre.com\/fr\/wp-json\/wp\/v2\/users\/2"}],"replies":[{"embeddable":true,"href":"https:\/\/www.labaldufateatre.com\/fr\/wp-json\/wp\/v2\/comments?post=951"}],"version-history":[{"count":4,"href":"https:\/\/www.labaldufateatre.com\/fr\/wp-json\/wp\/v2\/posts\/951\/revisions"}],"predecessor-version":[{"id":970,"href":"https:\/\/www.labaldufateatre.com\/fr\/wp-json\/wp\/v2\/posts\/951\/revisions\/970"}],"wp:featuredmedia":[{"embeddable":true,"href":"https:\/\/www.labaldufateatre.com\/fr\/wp-json\/wp\/v2\/media\/952"}],"wp:attachment":[{"href":"https:\/\/www.labaldufateatre.com\/fr\/wp-json\/wp\/v2\/media?parent=951"}],"wp:term":[{"taxonomy":"category","embeddable":true,"href":"https:\/\/www.labaldufateatre.com\/fr\/wp-json\/wp\/v2\/categories?post=951"},{"taxonomy":"post_tag","embeddable":true,"href":"https:\/\/www.labaldufateatre.com\/fr\/wp-json\/wp\/v2\/tags?post=951"}],"curies":[{"name":"wp","href":"https:\/\/api.w.org\/{rel}","templated":true}]}}